{"id":54181,"date":"2021-11-17T13:03:01","date_gmt":"2021-11-17T09:03:01","guid":{"rendered":"https:\/\/fedai.az\/?p=54181"},"modified":"2021-11-17T13:03:04","modified_gmt":"2021-11-17T09:03:04","slug":"erm%c9%99nistan-mudafi%c9%99-nazirliyi-itkil%c9%99rini-itkin-adiyla-gizl%c9%99dir","status":"publish","type":"post","link":"https:\/\/fedai.az\/?p=54181","title":{"rendered":"Erm\u0259nistan M\u00fcdafi\u0259 Nazirliyi itkil\u0259rini itkin ad\u0131yla gizl\u0259dir"},"content":{"rendered":"\n<p><strong>Erm\u0259nistan M\u00fcdafi\u0259 Nazirliyi \u00f6t\u0259n g\u00fcn Az\u0259rbaycanla s\u0259rh\u0259dd\u0259 ba\u015f vermi\u015f d\u00f6y\u00fc\u015fl\u0259r zaman\u0131 \u00f6z itkil\u0259ri il\u0259 ba\u011fl\u0131 m\u0259lumat yay\u0131b.<\/strong><\/p>\n\n\n\n<p>Noyabr\u0131n 17-d\u0259 s\u0259h\u0259r saatlar\u0131na olan m\u0259lumata g\u00f6r\u0259, 1 \u0259sg\u0259rin \u00f6lm\u0259si, daha 13 \u0259sg\u0259rin \u0259sir g\u00f6t\u00fcr\u00fclm\u0259si bar\u0259d\u0259 d\u0259qiq m\u0259lumat var, 24 \u0259sg\u0259rin taleyi m\u0259lum deyil.<\/p>\n\n\n\n<p>H\u0259rb\u00e7il\u0259rin tap\u0131lmas\u0131 istiqam\u0259tind\u0259 intensiv i\u015f apar\u0131l\u0131r. H\u0259m\u00e7inin iki d\u00f6y\u00fc\u015f postunun Az\u0259rbaycan\u0131n n\u0259zar\u0259tind\u0259 oldu\u011fu qeyd edilir. Haz\u0131rda Rusiya t\u0259r\u0259finin vasit\u0259\u00e7iliyi il\u0259 v\u0259ziyy\u0259tin h\u0259lli v\u0259 \u0259sir d\u00fc\u015f\u0259n \u0259sg\u0259rl\u0259rin geri qaytar\u0131lmas\u0131 istiqam\u0259tind\u0259 dan\u0131\u015f\u0131qlar apar\u0131l\u0131r.<\/p>\n\n\n\n<p>Qeyd olunub ki, Rusiya t\u0259r\u0259finin vasit\u0259\u00e7iliyi il\u0259 \u0259ld\u0259 olunan raz\u0131la\u015fmaya \u0259sas\u0259n, Erm\u0259nistan-Az\u0259rbaycan s\u0259rh\u0259dinin \u015f\u0259rq istiqam\u0259tind\u0259 saat 18:30-da qar\u015f\u0131durma dayand\u0131r\u0131l\u0131b.<\/p>\n","protected":false},"excerpt":{"rendered":"<p>Erm\u0259nistan M\u00fcdafi\u0259 Nazirliyi \u00f6t\u0259n g\u00fcn Az\u0259rbaycanla s\u0259rh\u0259dd\u0259 ba\u015f vermi\u015f d\u00f6y\u00fc\u015fl\u0259r zaman\u0131 \u00f6z itkil\u0259ri il\u0259 ba\u011fl\u0131 m\u0259lumat yay\u0131b. Noyabr\u0131n 17-d\u0259 s\u0259h\u0259r saatlar\u0131na olan m\u0259lumata g\u00f6r\u0259,<\/p>\n","protected":false},"author":2,"featured_media":54182,"comment_status":"closed","ping_status":"closed","sticky":false,"template":"","format":"standard","meta":{"footnotes":""},"categories":[15],"tags":[],"class_list":["post-54181","post","type-post","status-publish","format-standard","has-post-thumbnail","hentry","category-atmaca"],"aioseo_notices":[],"_links":{"self":[{"href":"https:\/\/fedai.az\/index.php?rest_route=\/wp\/v2\/posts\/54181","targetHints":{"allow":["GET"]}}],"collection":[{"href":"https:\/\/fedai.az\/index.php?rest_route=\/wp\/v2\/posts"}],"about":[{"href":"https:\/\/fedai.az\/index.php?rest_route=\/wp\/v2\/types\/post"}],"author":[{"embeddable":true,"href":"https:\/\/fedai.az\/index.php?rest_route=\/wp\/v2\/users\/2"}],"replies":[{"embeddable":true,"href":"https:\/\/fedai.az\/index.php?rest_route=%2Fwp%2Fv2%2Fcomments&post=54181"}],"version-history":[{"count":1,"href":"https:\/\/fedai.az\/index.php?rest_route=\/wp\/v2\/posts\/54181\/revisions"}],"predecessor-version":[{"id":54183,"href":"https:\/\/fedai.az\/index.php?rest_route=\/wp\/v2\/posts\/54181\/revisions\/54183"}],"wp:featuredmedia":[{"embeddable":true,"href":"https:\/\/fedai.az\/index.php?rest_route=\/wp\/v2\/media\/54182"}],"wp:attachment":[{"href":"https:\/\/fedai.az\/index.php?rest_route=%2Fwp%2Fv2%2Fmedia&parent=54181"}],"wp:term":[{"taxonomy":"category","embeddable":true,"href":"https:\/\/fedai.az\/index.php?rest_route=%2Fwp%2Fv2%2Fcategories&post=54181"},{"taxonomy":"post_tag","embeddable":true,"href":"https:\/\/fedai.az\/index.php?rest_route=%2Fwp%2Fv2%2Ftags&post=54181"}],"curies":[{"name":"wp","href":"https:\/\/api.w.org\/{rel}","templated":true}]}}