{"id":54187,"date":"2021-11-17T14:24:55","date_gmt":"2021-11-17T10:24:55","guid":{"rendered":"https:\/\/fedai.az\/?p=54187"},"modified":"2021-11-17T14:24:58","modified_gmt":"2021-11-17T10:24:58","slug":"sahil-babayev-veteranlara-veril%c9%99n-prezident-t%c9%99qaudund%c9%99n-danisdi","status":"publish","type":"post","link":"https:\/\/fedai.az\/?p=54187","title":{"rendered":"Sahil Babayev veteranlara veril\u0259n Prezident t\u0259qa\u00fcd\u00fcnd\u0259n dan\u0131\u015fd\u0131"},"content":{"rendered":"\n<p><strong>&#171;M\u00fcharib\u0259 veteranlar\u0131na indiy\u0259 q\u0259d\u0259r iki kateqoriya \u00f6d\u0259ni\u015f olub\u201d.<\/strong><\/p>\n\n\n\n<p><br>Bunu bu g\u00fcn \u018fm\u0259k v\u0259 \u018fhalinin Sosial M\u00fcdafi\u0259si naziri Sahil Babayev Prezident \u0130lham \u018fliyevin imzalad\u0131\u011f\u0131 &#171;\u018fhalinin sosial m\u00fcdafi\u0259sinin g\u00fccl\u0259ndirilm\u0259si sah\u0259sind\u0259 \u0259lav\u0259 t\u0259dbirl\u0259r haqq\u0131nda\u201d s\u0259r\u0259ncamla ba\u011fl\u0131 ke\u00e7irdiyi m\u0259tbuat konfrans\u0131nda bildirib.<\/p>\n\n\n\n<p><br>S. Babayev deyib ki, pensiya h\u00fcququ olmayan m\u00fcharib\u0259 veteranlar\u0131na 55 manat m\u00fcavin\u0259t verilib: &#171;Pensiya h\u00fcququ olan m\u00fcharib\u0259 veteranlar\u0131na is\u0259 onlar\u0131n pensiyas\u0131n\u0131n s\u0131\u011forta hiss\u0259sin\u0259 11 manat \u0259lav\u0259 olaraq indeksl\u0259\u015fdirilib. Bununla \u0259laq\u0259dar biz t\u0259klifl\u0259r haz\u0131rlad\u0131q, d\u00f6vl\u0259t ba\u015f\u00e7\u0131s\u0131 bunu d\u0259st\u0259kl\u0259di. Bu iki f\u0259rqli kateqoriya birl\u0259\u015fdiril\u0259r\u0259k h\u0259m pensiya alanlara, h\u0259m sosial m\u00fcavin\u0259t alanlara vahid 80 manat Prezident t\u0259qa\u00fcd\u00fc t\u0259yin olundu. Bu t\u0259qa\u00fcd 80 min insan\u0131 \u0259hat\u0259 edir.\u00a0<\/p>\n\n\n\n<p><strong>Onlar\u0131n 53 mini sosial m\u00fcavin\u0259t alan m\u00fcharib\u0259 veteranlar\u0131, 27 mini is\u0259 pensiya alan m\u00fcharib\u0259 veteranlar\u0131 idi. Bunun maliyy\u0259 y\u00fck\u00fc d\u0259 bir il \u0259rzind\u0259 42 milyon manat olacaq\u201d.<\/strong><\/p>\n","protected":false},"excerpt":{"rendered":"<p>&#171;M\u00fcharib\u0259 veteranlar\u0131na indiy\u0259 q\u0259d\u0259r iki kateqoriya \u00f6d\u0259ni\u015f olub\u201d. Bunu bu g\u00fcn \u018fm\u0259k v\u0259 \u018fhalinin Sosial M\u00fcdafi\u0259si naziri Sahil Babayev Prezident \u0130lham \u018fliyevin imzalad\u0131\u011f\u0131 &#171;\u018fhalinin<\/p>\n","protected":false},"author":2,"featured_media":54189,"comment_status":"closed","ping_status":"closed","sticky":false,"template":"","format":"standard","meta":{"footnotes":""},"categories":[12],"tags":[],"class_list":["post-54187","post","type-post","status-publish","format-standard","has-post-thumbnail","hentry","category-sosial"],"aioseo_notices":[],"_links":{"self":[{"href":"https:\/\/fedai.az\/index.php?rest_route=\/wp\/v2\/posts\/54187","targetHints":{"allow":["GET"]}}],"collection":[{"href":"https:\/\/fedai.az\/index.php?rest_route=\/wp\/v2\/posts"}],"about":[{"href":"https:\/\/fedai.az\/index.php?rest_route=\/wp\/v2\/types\/post"}],"author":[{"embeddable":true,"href":"https:\/\/fedai.az\/index.php?rest_route=\/wp\/v2\/users\/2"}],"replies":[{"embeddable":true,"href":"https:\/\/fedai.az\/index.php?rest_route=%2Fwp%2Fv2%2Fcomments&post=54187"}],"version-history":[{"count":1,"href":"https:\/\/fedai.az\/index.php?rest_route=\/wp\/v2\/posts\/54187\/revisions"}],"predecessor-version":[{"id":54190,"href":"https:\/\/fedai.az\/index.php?rest_route=\/wp\/v2\/posts\/54187\/revisions\/54190"}],"wp:featuredmedia":[{"embeddable":true,"href":"https:\/\/fedai.az\/index.php?rest_route=\/wp\/v2\/media\/54189"}],"wp:attachment":[{"href":"https:\/\/fedai.az\/index.php?rest_route=%2Fwp%2Fv2%2Fmedia&parent=54187"}],"wp:term":[{"taxonomy":"category","embeddable":true,"href":"https:\/\/fedai.az\/index.php?rest_route=%2Fwp%2Fv2%2Fcategories&post=54187"},{"taxonomy":"post_tag","embeddable":true,"href":"https:\/\/fedai.az\/index.php?rest_route=%2Fwp%2Fv2%2Ftags&post=54187"}],"curies":[{"name":"wp","href":"https:\/\/api.w.org\/{rel}","templated":true}]}}