{"id":54191,"date":"2021-11-17T14:41:12","date_gmt":"2021-11-17T10:41:12","guid":{"rendered":"https:\/\/fedai.az\/?p=54191"},"modified":"2021-11-17T14:41:15","modified_gmt":"2021-11-17T10:41:15","slug":"44-gunluk-v%c9%99t%c9%99n-muharib%c9%99si-veteranlarina-da-prezident-t%c9%99qaudu-veril%c9%99c%c9%99k","status":"publish","type":"post","link":"https:\/\/fedai.az\/?p=54191","title":{"rendered":"44 g\u00fcnl\u00fck V\u0259t\u0259n m\u00fcharib\u0259si veteranlar\u0131na da Prezident t\u0259qa\u00fcd\u00fc veril\u0259c\u0259k"},"content":{"rendered":"\n<p><strong>\u201cH\u0259m Birinci, h\u0259m d\u0259 \u0130kinci Qaraba\u011f m\u00fcharib\u0259sind\u0259 i\u015ftirak edib \u015f\u0259hid, qazi, veteran olan h\u0259r k\u0259s eyni status da\u015f\u0131y\u0131r\u201d.<\/strong><\/p>\n\n\n\n<p>Bu fikirl\u0259ri Milli M\u0259clisin Sosial siyas\u0259t komit\u0259sinin s\u0259dri Musa Quliyev bildirib.<\/p>\n\n\n\n<p>Deputat qeyd edib ki, Birinci Qaraba\u011f M\u00fcharib\u0259si veteranlar\u0131n\u0131n ald\u0131qlar\u0131 ayl\u0131q 80 manat m\u00fcavin\u0259t \u0130kinci Qaraba\u011f M\u00fcharib\u0259si qazil\u0259rin\u0259 d\u0259 veril\u0259c\u0259k:<\/p>\n\n\n\n<p>\u201cSad\u0259c\u0259, siyah\u0131da d\u0259qiql\u0259\u015fm\u0259 gedir. \u0130lkin m\u0259rh\u0259l\u0259d\u0259 onlara da 80 manat\u0131n verilm\u0259si planla\u015fd\u0131r\u0131l\u0131r. G\u0259l\u0259c\u0259kd\u0259 art\u0131r\u0131l\u0131b-art\u0131r\u0131lmamas\u0131na bax\u0131lacaq. N\u0259 qazil\u0259rin, n\u0259 \u015f\u0259hidl\u0259rin, n\u0259 veteranlar\u0131n &#8212; he\u00e7 birinin statusunda f\u0259rq yoxdur. Qanun ham\u0131 \u00fc\u00e7\u00fcnd\u00fcr\u201d.<\/p>\n\n\n\n<p>\u0130kinci Qaraba\u011f M\u00fcharib\u0259si i\u015ftirak\u00e7\u0131lar\u0131na veteran statusunun h\u0259l\u0259 d\u0259 verilm\u0259m\u0259 s\u0259b\u0259bin\u0259 ayd\u0131nl\u0131q g\u0259tir\u0259n komit\u0259 s\u0259dri deyib ki, bu, b\u0259zi i\u015ftirak\u00e7\u0131lar\u0131n m\u00fcalic\u0259l\u0259rinin tam bitm\u0259m\u0259si, \u0259lilik d\u0259r\u0259c\u0259sinin m\u00fc\u0259yy\u0259n edilm\u0259m\u0259si v\u0259 d\u0259qiql\u0259\u015fm\u0259 i\u015fl\u0259rinin apar\u0131lmas\u0131 il\u0259 ba\u011fl\u0131d\u0131r.<\/p>\n\n\n\n<p>\u201c\u00c7\u00fcnki \u0259liliyi m\u00fc\u0259yy\u0259n edil\u0259nl\u0259r veteran olmur. Veteran statusu ancaq m\u00fcharib\u0259d\u0259 i\u015ftirak edib, hans\u0131sa x\u0259sar\u0259t alan, amma \u0259liliyi olmayanlara verilir. Y\u0259qin ki, yax\u0131n g\u00fcnl\u0259rd\u0259, yeni il\u0259 q\u0259d\u0259r art\u0131q bununla ba\u011fl\u0131 q\u0259rar veril\u0259c\u0259k\u201d.<\/p>\n\n\n\n<p>M\u0259nb\u0259: Modern.az<\/p>\n","protected":false},"excerpt":{"rendered":"<p>\u201cH\u0259m Birinci, h\u0259m d\u0259 \u0130kinci Qaraba\u011f m\u00fcharib\u0259sind\u0259 i\u015ftirak edib \u015f\u0259hid, qazi, veteran olan h\u0259r k\u0259s eyni status da\u015f\u0131y\u0131r\u201d. Bu fikirl\u0259ri Milli M\u0259clisin Sosial siyas\u0259t<\/p>\n","protected":false},"author":2,"featured_media":54192,"comment_status":"closed","ping_status":"closed","sticky":false,"template":"","format":"standard","meta":{"footnotes":""},"categories":[5],"tags":[],"class_list":["post-54191","post","type-post","status-publish","format-standard","has-post-thumbnail","hentry","category-veteran"],"aioseo_notices":[],"_links":{"self":[{"href":"https:\/\/fedai.az\/index.php?rest_route=\/wp\/v2\/posts\/54191","targetHints":{"allow":["GET"]}}],"collection":[{"href":"https:\/\/fedai.az\/index.php?rest_route=\/wp\/v2\/posts"}],"about":[{"href":"https:\/\/fedai.az\/index.php?rest_route=\/wp\/v2\/types\/post"}],"author":[{"embeddable":true,"href":"https:\/\/fedai.az\/index.php?rest_route=\/wp\/v2\/users\/2"}],"replies":[{"embeddable":true,"href":"https:\/\/fedai.az\/index.php?rest_route=%2Fwp%2Fv2%2Fcomments&post=54191"}],"version-history":[{"count":1,"href":"https:\/\/fedai.az\/index.php?rest_route=\/wp\/v2\/posts\/54191\/revisions"}],"predecessor-version":[{"id":54193,"href":"https:\/\/fedai.az\/index.php?rest_route=\/wp\/v2\/posts\/54191\/revisions\/54193"}],"wp:featuredmedia":[{"embeddable":true,"href":"https:\/\/fedai.az\/index.php?rest_route=\/wp\/v2\/media\/54192"}],"wp:attachment":[{"href":"https:\/\/fedai.az\/index.php?rest_route=%2Fwp%2Fv2%2Fmedia&parent=54191"}],"wp:term":[{"taxonomy":"category","embeddable":true,"href":"https:\/\/fedai.az\/index.php?rest_route=%2Fwp%2Fv2%2Fcategories&post=54191"},{"taxonomy":"post_tag","embeddable":true,"href":"https:\/\/fedai.az\/index.php?rest_route=%2Fwp%2Fv2%2Ftags&post=54191"}],"curies":[{"name":"wp","href":"https:\/\/api.w.org\/{rel}","templated":true}]}}