{"id":54203,"date":"2021-11-18T02:21:30","date_gmt":"2021-11-17T22:21:30","guid":{"rendered":"https:\/\/fedai.az\/?p=54203"},"modified":"2021-11-18T02:21:33","modified_gmt":"2021-11-17T22:21:33","slug":"nato-az%c9%99rbaycan-v%c9%99-erm%c9%99nistan-arasindaki-g%c9%99rginlikl%c9%99-bagli-aciqlama-verdi","status":"publish","type":"post","link":"https:\/\/fedai.az\/?p=54203","title":{"rendered":"NATO Az\u0259rbaycan v\u0259 Erm\u0259nistan aras\u0131ndak\u0131 g\u0259rginlikl\u0259 ba\u011fl\u0131 a\u00e7\u0131qlama verdi"},"content":{"rendered":"\n<p><strong>&#171;<\/strong><em><strong>NATO Az\u0259rbaycan\u00a0v\u0259 Erm\u0259nistan aras\u0131nda davam ed\u0259n g\u0259rginlikd\u0259n narahatd\u0131r\u201d.<\/strong><\/em><\/p>\n\n\n\n<p>Bu bar\u0259d\u0259 NATO Ba\u015f katibinin C\u0259nubi Qafqaz v\u0259 M\u0259rk\u0259zi Asiya \u00fczr\u0259 x\u00fcsusi n\u00fcmay\u0259nd\u0259si Havyer Kolomina Tvitterd\u0259 bildirib.<\/p>\n\n\n\n<p>\u201cH\u0259r iki t\u0259r\u0259f s\u0259yl\u0259rini yenil\u0259m\u0259li v\u0259 m\u00fcnaqi\u015f\u0259nin s\u0259b\u0259bl\u0259rini h\u0259ll etm\u0259lidir. NATO normalla\u015fma prosesini v\u0259 qalan m\u0259s\u0259l\u0259l\u0259rin h\u0259llini d\u0259st\u0259kl\u0259yir\u201d, &#8212; H.Kolomina qeyd edib.<\/p>\n","protected":false},"excerpt":{"rendered":"<p>&#171;NATO Az\u0259rbaycan\u00a0v\u0259 Erm\u0259nistan aras\u0131nda davam ed\u0259n g\u0259rginlikd\u0259n narahatd\u0131r\u201d. Bu bar\u0259d\u0259 NATO Ba\u015f katibinin C\u0259nubi Qafqaz v\u0259 M\u0259rk\u0259zi Asiya \u00fczr\u0259 x\u00fcsusi n\u00fcmay\u0259nd\u0259si Havyer Kolomina Tvitterd\u0259<\/p>\n","protected":false},"author":2,"featured_media":54205,"comment_status":"closed","ping_status":"closed","sticky":false,"template":"","format":"standard","meta":{"footnotes":""},"categories":[13],"tags":[],"class_list":["post-54203","post","type-post","status-publish","format-standard","has-post-thumbnail","hentry","category-xarici"],"aioseo_notices":[],"_links":{"self":[{"href":"https:\/\/fedai.az\/index.php?rest_route=\/wp\/v2\/posts\/54203","targetHints":{"allow":["GET"]}}],"collection":[{"href":"https:\/\/fedai.az\/index.php?rest_route=\/wp\/v2\/posts"}],"about":[{"href":"https:\/\/fedai.az\/index.php?rest_route=\/wp\/v2\/types\/post"}],"author":[{"embeddable":true,"href":"https:\/\/fedai.az\/index.php?rest_route=\/wp\/v2\/users\/2"}],"replies":[{"embeddable":true,"href":"https:\/\/fedai.az\/index.php?rest_route=%2Fwp%2Fv2%2Fcomments&post=54203"}],"version-history":[{"count":1,"href":"https:\/\/fedai.az\/index.php?rest_route=\/wp\/v2\/posts\/54203\/revisions"}],"predecessor-version":[{"id":54206,"href":"https:\/\/fedai.az\/index.php?rest_route=\/wp\/v2\/posts\/54203\/revisions\/54206"}],"wp:featuredmedia":[{"embeddable":true,"href":"https:\/\/fedai.az\/index.php?rest_route=\/wp\/v2\/media\/54205"}],"wp:attachment":[{"href":"https:\/\/fedai.az\/index.php?rest_route=%2Fwp%2Fv2%2Fmedia&parent=54203"}],"wp:term":[{"taxonomy":"category","embeddable":true,"href":"https:\/\/fedai.az\/index.php?rest_route=%2Fwp%2Fv2%2Fcategories&post=54203"},{"taxonomy":"post_tag","embeddable":true,"href":"https:\/\/fedai.az\/index.php?rest_route=%2Fwp%2Fv2%2Ftags&post=54203"}],"curies":[{"name":"wp","href":"https:\/\/api.w.org\/{rel}","templated":true}]}}