{"id":54210,"date":"2021-11-18T02:46:32","date_gmt":"2021-11-17T22:46:32","guid":{"rendered":"https:\/\/fedai.az\/?p=54210"},"modified":"2021-11-18T02:46:36","modified_gmt":"2021-11-17T22:46:36","slug":"baxcali-%c9%99rdogana-turk-dunyasinin-x%c9%99rit%c9%99sini-t%c9%99qdim-etdi","status":"publish","type":"post","link":"https:\/\/fedai.az\/?p=54210","title":{"rendered":"Bax\u00e7al\u0131 \u018frdo\u011fana T\u00fcrk d\u00fcnyas\u0131n\u0131n x\u0259rit\u0259sini t\u0259qdim etdi"},"content":{"rendered":"\n<p><strong>T\u00fcrkiy\u0259nin Milliyy\u0259t\u00e7i H\u0259r\u0259kat Partiyas\u0131n\u0131n lideri D\u00f6vl\u0259t Bax\u00e7al\u0131 \u00f6lk\u0259 prezidenti R\u0259c\u0259b Tayyib \u018frdo\u011fana T\u00fcrk d\u00fcnyas\u0131n\u0131n x\u0259rit\u0259sini t\u0259qdim edib.<\/strong><\/p>\n\n\n\n<p>X\u0259rit\u0259d\u0259 Az\u0259rbaycan da daxil olmaqla, m\u00fcst\u0259qil t\u00fcrk respublikalar\u0131 q\u0131rm\u0131z\u0131 r\u0259ngd\u0259, t\u00fcrk xalqlar\u0131n\u0131n ya\u015fad\u0131qlar\u0131 dig\u0259r \u0259razil\u0259r is\u0259 nar\u0131nc\u0131 v\u0259 sar\u0131 r\u0259ngl\u0259rd\u0259 qeyd edilib.<\/p>\n\n\n\n<p>\u0130kincil\u0259r\u0259 Balkan yar\u0131madas\u0131n\u0131n bir hiss\u0259si, Rusiyan\u0131n c\u0259nub \u0259razil\u0259ri v\u0259 \u015f\u0259rqi Sibir, el\u0259c\u0259 d\u0259 \u00c7inin Sintszyan-Uy\u011fur muxtar vilay\u0259ti daxildir.<\/p>\n\n\n\n<figure class=\"wp-block-embed is-type-rich is-provider-twitter wp-block-embed-twitter\"><div class=\"wp-block-embed__wrapper\">\n<blockquote class=\"twitter-tweet\" data-width=\"550\" data-dnt=\"true\"><p lang=\"tr\" dir=\"ltr\">Genel Ba\u015fkan\u0131m\u0131z Say\u0131n Devlet BAH\u00c7EL\u0130, Cumhurba\u015fkan\u0131m\u0131z Say\u0131n Recep Tayyip ERDO\u011eAN ile Cumhurba\u015fkanl\u0131\u011f\u0131 K\u00fclliyesinde bir araya geldi. <a href=\"https:\/\/t.co\/OOLtsXsRFj\">pic.twitter.com\/OOLtsXsRFj<\/a><\/p>&mdash; MHP (@MHP_Bilgi) <a href=\"https:\/\/twitter.com\/MHP_Bilgi\/status\/1460937525065916416?ref_src=twsrc%5Etfw\">November 17, 2021<\/a><\/blockquote><script async src=\"https:\/\/platform.twitter.com\/widgets.js\" charset=\"utf-8\"><\/script>\n<\/div><\/figure>\n","protected":false},"excerpt":{"rendered":"<p>T\u00fcrkiy\u0259nin Milliyy\u0259t\u00e7i H\u0259r\u0259kat Partiyas\u0131n\u0131n lideri D\u00f6vl\u0259t Bax\u00e7al\u0131 \u00f6lk\u0259 prezidenti R\u0259c\u0259b Tayyib \u018frdo\u011fana T\u00fcrk d\u00fcnyas\u0131n\u0131n x\u0259rit\u0259sini t\u0259qdim edib. X\u0259rit\u0259d\u0259 Az\u0259rbaycan da daxil olmaqla, m\u00fcst\u0259qil t\u00fcrk<\/p>\n","protected":false},"author":2,"featured_media":54211,"comment_status":"closed","ping_status":"closed","sticky":false,"template":"","format":"standard","meta":{"footnotes":""},"categories":[13],"tags":[],"class_list":["post-54210","post","type-post","status-publish","format-standard","has-post-thumbnail","hentry","category-xarici"],"aioseo_notices":[],"_links":{"self":[{"href":"https:\/\/fedai.az\/index.php?rest_route=\/wp\/v2\/posts\/54210","targetHints":{"allow":["GET"]}}],"collection":[{"href":"https:\/\/fedai.az\/index.php?rest_route=\/wp\/v2\/posts"}],"about":[{"href":"https:\/\/fedai.az\/index.php?rest_route=\/wp\/v2\/types\/post"}],"author":[{"embeddable":true,"href":"https:\/\/fedai.az\/index.php?rest_route=\/wp\/v2\/users\/2"}],"replies":[{"embeddable":true,"href":"https:\/\/fedai.az\/index.php?rest_route=%2Fwp%2Fv2%2Fcomments&post=54210"}],"version-history":[{"count":1,"href":"https:\/\/fedai.az\/index.php?rest_route=\/wp\/v2\/posts\/54210\/revisions"}],"predecessor-version":[{"id":54212,"href":"https:\/\/fedai.az\/index.php?rest_route=\/wp\/v2\/posts\/54210\/revisions\/54212"}],"wp:featuredmedia":[{"embeddable":true,"href":"https:\/\/fedai.az\/index.php?rest_route=\/wp\/v2\/media\/54211"}],"wp:attachment":[{"href":"https:\/\/fedai.az\/index.php?rest_route=%2Fwp%2Fv2%2Fmedia&parent=54210"}],"wp:term":[{"taxonomy":"category","embeddable":true,"href":"https:\/\/fedai.az\/index.php?rest_route=%2Fwp%2Fv2%2Fcategories&post=54210"},{"taxonomy":"post_tag","embeddable":true,"href":"https:\/\/fedai.az\/index.php?rest_route=%2Fwp%2Fv2%2Ftags&post=54210"}],"curies":[{"name":"wp","href":"https:\/\/api.w.org\/{rel}","templated":true}]}}