{"id":54220,"date":"2021-11-18T03:53:56","date_gmt":"2021-11-17T23:53:56","guid":{"rendered":"https:\/\/fedai.az\/?p=54220"},"modified":"2021-11-18T03:53:59","modified_gmt":"2021-11-17T23:53:59","slug":"gund%c9%99m-olan-fotolar-4","status":"publish","type":"post","link":"https:\/\/fedai.az\/?p=54220","title":{"rendered":"G\u00fcnd\u0259m olan fotolar"},"content":{"rendered":"\n<p><strong>S\u0259n q\u0259hr\u0259manl\u0131q dastan\u0131 yaz\u0131rsan, Az\u0259rbaycan \u018fsg\u0259ri. S\u0259n \u015fanl\u0131 Tarix yaz\u0131rsan, ey \u015eanl\u0131 \u018fsg\u0259r!<\/strong><\/p>\n\n\n\n<p><br>\u018fn g\u00f6z\u0259l t\u0259rifl\u0259r v\u0259 s\u00f6zl\u0259r s\u0259nin \u015f\u0259nin\u0259 deyilm\u0259lidir. \u00c7\u00fcnki s\u0259n \u015f\u0259had\u0259t kimi uca bir m\u0259qam\u0131n bir add\u0131ml\u0131\u011f\u0131nda, V\u0259t\u0259n dediyimiz Anam\u0131z\u0131n ke\u015fiyind\u0259 duran bir sip\u0259rs\u0259n, qalasan.<\/p>\n\n\n\n<p><br>&#8212; Ey bu vatan i\u00e7in topra\u011fa d\u00fc\u015fm\u00fc\u015f asker!<br>G\u00f6kten ecdat inerek \u00f6pse o pak aln\u0131 de\u011fer.<br>Ne b\u00fcy\u00fcks\u00fcn ki kan\u0131n kurtar\u0131yor Tevhidi.<br>Bedri&#8217;n Arslanlar\u0131 ancak bu kadar \u015fanl\u0131 idi.<br>Mehmet Akif Ersoy<\/p>\n\n\n\n<p><br>&#8212; Ey kafir d\u00fc\u015fm\u0259n! Az\u0259rbaycan \u0259sg\u0259ri \u0259g\u0259r sava\u015fa gir\u0259rs\u0259, siz ancaq m\u0259zara gir\u0259rsiniz. Biz bu g\u00fcnl\u0259ri \u00e7ox g\u00f6zl\u0259dik, \u00e7ox&#8230;<br>&#8212; V\u0259t\u0259n sevm\u0259nin sa\u011f\u0131 solu olmaz. \u018fsg\u0259r dediyin topra\u011fa gir\u0259n\u0259 q\u0259d\u0259r \u00f6z v\u0259t\u0259nini \u0259v\u0259zsiz sev\u0259r.<br>&#8212; \u018fsg\u0259r vurulunca \u00f6lm\u0259z, unudulunca \u00f6l\u0259r.<br>&#8212; Bir ulusun q\u00fcdr\u0259tinin t\u0259sdil\u0259y\u0259n \u0259n \u00f6n\u0259mli g\u00fcc, onun \u0259sg\u0259rl\u0259ridir.<br>&#8212; D\u00f6ns\u0259k V\u0259t\u0259n, d\u00f6nm\u0259s\u0259k c\u0259nn\u0259t bizim.<br>&#8212; \u00d6l\u00fcm\u00fc i\u00e7ind\u0259 \u00f6ld\u00fcrm\u00fc\u015f bir ordunu Allahdan qeyrisi qorxuda bilm\u0259z.<br>&#8212; \u018fsg\u0259rin s\u0259ng\u0259r yolda\u015f\u0131 \u00f6l\u00fcm yolda\u015f\u0131d\u0131r. \u00d6l\u00fcm yolda\u015f\u0131 is\u0259 can qarda\u015f\u0131d\u0131r.<br>&#8212; Cansa can, qansa qan. \u015eanl\u0131 bayra\u011f\u0131m yet\u0259r ki s\u0259n dal\u011falan.<br>&#8212; Bu torpaqlar \u00e7ox xain g\u00f6rd\u00fc, amma bilin ki, T\u00fcrk \u0259sg\u0259ri ham\u0131s\u0131n\u0131 tarix\u0259 k\u00f6md\u00fc.<\/p>\n\n\n\n<p><strong>Elnur S\u018fL\u0130M<\/strong><\/p>\n\n\n\n<p><strong><em>P.S. Az\u0259rbaycan \u0259sg\u0259ri La\u00e7\u0131n rayonu Mink\u0259nd k\u0259ndind\u0259 samovar\u0131m\u0131z qaynay\u0131r. Var ol, Az\u0259rbaycan \u0259sg\u0259ri!<\/em><\/strong><\/p>\n\n\n\n<figure class=\"wp-block-image size-large is-resized\"><img loading=\"lazy\" decoding=\"async\" src=\"https:\/\/fedai.az\/wp-content\/uploads\/2021\/11\/257129873_391320475665944_1917422813119193385_n.jpg\" alt=\"\" class=\"wp-image-54221\" width=\"920\" height=\"920\" srcset=\"https:\/\/fedai.az\/wp-content\/uploads\/2021\/11\/257129873_391320475665944_1917422813119193385_n.jpg 526w, https:\/\/fedai.az\/wp-content\/uploads\/2021\/11\/257129873_391320475665944_1917422813119193385_n-300x300.jpg 300w, https:\/\/fedai.az\/wp-content\/uploads\/2021\/11\/257129873_391320475665944_1917422813119193385_n-150x150.jpg 150w, https:\/\/fedai.az\/wp-content\/uploads\/2021\/11\/257129873_391320475665944_1917422813119193385_n-215x215.jpg 215w\" sizes=\"auto, (max-width: 920px) 100vw, 920px\" \/><\/figure>\n","protected":false},"excerpt":{"rendered":"<p>S\u0259n q\u0259hr\u0259manl\u0131q dastan\u0131 yaz\u0131rsan, Az\u0259rbaycan \u018fsg\u0259ri. S\u0259n \u015fanl\u0131 Tarix yaz\u0131rsan, ey \u015eanl\u0131 \u018fsg\u0259r! \u018fn g\u00f6z\u0259l t\u0259rifl\u0259r v\u0259 s\u00f6zl\u0259r s\u0259nin \u015f\u0259nin\u0259 deyilm\u0259lidir. \u00c7\u00fcnki s\u0259n \u015f\u0259had\u0259t<\/p>\n","protected":false},"author":2,"featured_media":54222,"comment_status":"closed","ping_status":"closed","sticky":false,"template":"","format":"standard","meta":{"footnotes":""},"categories":[4],"tags":[],"class_list":["post-54220","post","type-post","status-publish","format-standard","has-post-thumbnail","hentry","category-qarabag"],"aioseo_notices":[],"_links":{"self":[{"href":"https:\/\/fedai.az\/index.php?rest_route=\/wp\/v2\/posts\/54220","targetHints":{"allow":["GET"]}}],"collection":[{"href":"https:\/\/fedai.az\/index.php?rest_route=\/wp\/v2\/posts"}],"about":[{"href":"https:\/\/fedai.az\/index.php?rest_route=\/wp\/v2\/types\/post"}],"author":[{"embeddable":true,"href":"https:\/\/fedai.az\/index.php?rest_route=\/wp\/v2\/users\/2"}],"replies":[{"embeddable":true,"href":"https:\/\/fedai.az\/index.php?rest_route=%2Fwp%2Fv2%2Fcomments&post=54220"}],"version-history":[{"count":1,"href":"https:\/\/fedai.az\/index.php?rest_route=\/wp\/v2\/posts\/54220\/revisions"}],"predecessor-version":[{"id":54223,"href":"https:\/\/fedai.az\/index.php?rest_route=\/wp\/v2\/posts\/54220\/revisions\/54223"}],"wp:featuredmedia":[{"embeddable":true,"href":"https:\/\/fedai.az\/index.php?rest_route=\/wp\/v2\/media\/54222"}],"wp:attachment":[{"href":"https:\/\/fedai.az\/index.php?rest_route=%2Fwp%2Fv2%2Fmedia&parent=54220"}],"wp:term":[{"taxonomy":"category","embeddable":true,"href":"https:\/\/fedai.az\/index.php?rest_route=%2Fwp%2Fv2%2Fcategories&post=54220"},{"taxonomy":"post_tag","embeddable":true,"href":"https:\/\/fedai.az\/index.php?rest_route=%2Fwp%2Fv2%2Ftags&post=54220"}],"curies":[{"name":"wp","href":"https:\/\/api.w.org\/{rel}","templated":true}]}}