{"id":54224,"date":"2021-11-18T03:58:56","date_gmt":"2021-11-17T23:58:56","guid":{"rendered":"https:\/\/fedai.az\/?p=54224"},"modified":"2021-11-18T03:59:00","modified_gmt":"2021-11-17T23:59:00","slug":"muharib%c9%99-baslayacagi-t%c9%99qdird%c9%99-erm%c9%99nistan-z%c9%99ng%c9%99zuru-da-itir%c9%99-bil%c9%99r-maksim-sevcenko","status":"publish","type":"post","link":"https:\/\/fedai.az\/?p=54224","title":{"rendered":"M\u00fcharib\u0259 ba\u015flayaca\u011f\u0131 t\u0259qdird\u0259 Erm\u0259nistan Z\u0259ng\u0259zuru da itir\u0259 bil\u0259r &#8212; Maksim \u015eev\u00e7enko"},"content":{"rendered":"\n<p><strong>M\u00fcharib\u0259 ba\u015flayaca\u011f\u0131 t\u0259qdird\u0259 Erm\u0259nistan Z\u0259ng\u0259zuru da itir\u0259 bil\u0259r.<\/strong><\/p>\n\n\n\n<p>Bunu Trend-\u0259 rusiyal\u0131 politoloq, teleapar\u0131c\u0131 v\u0259 ictimai xadim Maksim \u015eev\u00e7enko Erm\u0259nistan\u0131n Az\u0259rbaycanla s\u0259rh\u0259dd\u0259 t\u0259xribat\u00e7\u0131 add\u0131mlar\u0131n\u0131 \u015f\u0259rh ed\u0259rk\u0259n deyib.<\/p>\n\n\n\n<p>&#171;Bu qar\u015f\u0131durmalar 2020-ci il m\u00fcharib\u0259sind\u0259n sonrak\u0131 siyasi prosesin ba\u015fa \u00e7atmamas\u0131n\u0131n n\u0259tic\u0259sidir. M\u0259n \u0259min\u0259m ki, erm\u0259ni c\u0259miyy\u0259tinin daxilind\u0259 revan\u015f arzusu, m\u0259\u011flubiyy\u0259t ac\u0131s\u0131 v\u0259 g\u0259lib onlar\u0131 xilas ed\u0259c\u0259k xarici m\u00fctt\u0259fiq arzusu var. Nasist Almaniyas\u0131 m\u0259\u011flub olma\u011fa ba\u015flayanda, art\u0131q 1943-c\u00fc ild\u0259 onlar\u0131n m\u00fcq\u0259dd\u0259rat\u0131 h\u0259ll olunmu\u015fdu. Amma yen\u0259 d\u0259 onlar sonad\u0259k \u00fcmid edirdi ki, Stalinl\u0259 Ruzveltin aras\u0131 d\u0259y\u0259c\u0259k, hans\u0131sa m\u00f6c\u00fcz\u0259 silah peyda olacaq. T\u0259xribat\u00e7\u0131lara m\u00fcqavim\u0259t g\u00f6st\u0259m\u0259k laz\u0131md\u0131r, amma eyni zamanda s\u00fclh prosesi yolu il\u0259 add\u0131mlamaq, o c\u00fcml\u0259d\u0259n erm\u0259ni c\u0259miyy\u0259tin\u0259 bu yolu getm\u0259kd\u0259 k\u00f6m\u0259k etm\u0259k d\u0259 laz\u0131md\u0131r&#187;, &#8212; dey\u0259 M.\u015eev\u00e7enko bildirib.<\/p>\n\n\n\n<p>O hesab edir ki, Erm\u0259nistan m\u00fcharib\u0259 ba\u015flayaca\u011f\u0131 t\u0259qdird\u0259 \u00e7ox \u015fey itir\u0259 bil\u0259r.<\/p>\n\n\n\n<p>&#171;Az\u0259rbaycan bu iki g\u00fcnd\u0259 a\u00e7\u0131q \u015f\u0259kild\u0259 g\u00f6st\u0259rdi ki, erm\u0259ni t\u0259r\u0259finin &#171;hay-k\u00fcy\u00fc&#187; Erm\u0259nistan\u0131n Z\u0259ng\u0259zuru itir\u0259 bil\u0259c\u0259yin\u0259 d\u0259 g\u0259tirib \u00e7\u0131xara bil\u0259r. Erm\u0259nistan hesab edir ki, Rusiya Az\u0259rbaycan\u0131n \u00fcz\u0259rin\u0259 ged\u0259c\u0259k. Bu, sad\u0259l\u00f6vh hesabd\u0131r. Bu, h\u0259m d\u0259 cinay\u0259tkar hesabd\u0131r, bel\u0259 ki, Rusiyan\u0131 regiondak\u0131 maraqlar\u0131n daxilin\u0259 c\u0259lb edir. Rusiya m\u00fcdaxil\u0259 etm\u0259y\u0259c\u0259k, Erm\u0259nistana g\u00f6r\u0259 d\u00f6y\u00fc\u015fm\u0259y\u0259c\u0259k&#187;, &#8212; politoloq vur\u011fulay\u0131b.<\/p>\n\n\n\n<p>Bundan ba\u015fqa, M.\u015eev\u00e7enko Erm\u0259nistan t\u0259r\u0259finin guya Rusiya il\u0259 T\u00fcrkiy\u0259 aras\u0131nda qar\u015f\u0131durman\u0131n qa\u00e7\u0131lmazl\u0131\u011f\u0131 bar\u0259d\u0259 b\u0259yanatlar\u0131 da \u015f\u0259rh edib.<\/p>\n\n\n\n<p>&#171;Erm\u0259ni t\u0259r\u0259fi daim deyir ki, Rusiya il\u0259 T\u00fcrkiy\u0259 aras\u0131nda qar\u015f\u0131durma qa\u00e7\u0131lmazd\u0131r. M\u0259n bu c\u00fcr hesab etmir\u0259m. Biz tam normal \u0259m\u0259kda\u015fl\u0131q g\u00f6r\u00fcr\u00fck. Biz prezident Putinl\u0259 prezident \u018frdo\u011fan\u0131n g\u00f6r\u00fc\u015fl\u0259rini, telefon dan\u0131\u015f\u0131qlar\u0131n\u0131 g\u00f6r\u00fcr\u00fck. Rusiya T\u00fcrkiy\u0259d\u0259 b\u00f6y\u00fck atom elektrik stansiyas\u0131 tikir, T\u00fcrkiy\u0259y\u0259 Rusiyan\u0131n \u0259n m\u00fcasir silah sisteml\u0259rinin sat\u0131\u015f\u0131 il\u0259 ba\u011fl\u0131 dan\u0131\u015f\u0131qlar apar\u0131l\u0131r. Ona g\u00f6r\u0259 d\u0259 bunlar t\u0259hl\u00fck\u0259li ill\u00fcziyalard\u0131r v\u0259 bir ne\u00e7\u0259 g\u00fcn \u0259vv\u0259l Da\u015falt\u0131 k\u0259ndind\u0259 qeyd\u0259 al\u0131nm\u0131\u015f terror-t\u0259xribat \u0259m\u0259ll\u0259rin\u0259 g\u0259tirib \u00e7\u0131xara bil\u0259r. Siyas\u0259td\u0259 ill\u00fcziyadan t\u0259hl\u00fck\u0259li he\u00e7 n\u0259 yoxdur&#187;, &#8212; dey\u0259 o, fikrini tamamlay\u0131b.<\/p>\n","protected":false},"excerpt":{"rendered":"<p>M\u00fcharib\u0259 ba\u015flayaca\u011f\u0131 t\u0259qdird\u0259 Erm\u0259nistan Z\u0259ng\u0259zuru da itir\u0259 bil\u0259r. Bunu Trend-\u0259 rusiyal\u0131 politoloq, teleapar\u0131c\u0131 v\u0259 ictimai xadim Maksim \u015eev\u00e7enko Erm\u0259nistan\u0131n Az\u0259rbaycanla s\u0259rh\u0259dd\u0259 t\u0259xribat\u00e7\u0131 add\u0131mlar\u0131n\u0131 \u015f\u0259rh<\/p>\n","protected":false},"author":2,"featured_media":54225,"comment_status":"closed","ping_status":"closed","sticky":false,"template":"","format":"standard","meta":{"footnotes":""},"categories":[3],"tags":[],"class_list":["post-54224","post","type-post","status-publish","format-standard","has-post-thumbnail","hentry","category-gundm"],"aioseo_notices":[],"_links":{"self":[{"href":"https:\/\/fedai.az\/index.php?rest_route=\/wp\/v2\/posts\/54224","targetHints":{"allow":["GET"]}}],"collection":[{"href":"https:\/\/fedai.az\/index.php?rest_route=\/wp\/v2\/posts"}],"about":[{"href":"https:\/\/fedai.az\/index.php?rest_route=\/wp\/v2\/types\/post"}],"author":[{"embeddable":true,"href":"https:\/\/fedai.az\/index.php?rest_route=\/wp\/v2\/users\/2"}],"replies":[{"embeddable":true,"href":"https:\/\/fedai.az\/index.php?rest_route=%2Fwp%2Fv2%2Fcomments&post=54224"}],"version-history":[{"count":1,"href":"https:\/\/fedai.az\/index.php?rest_route=\/wp\/v2\/posts\/54224\/revisions"}],"predecessor-version":[{"id":54226,"href":"https:\/\/fedai.az\/index.php?rest_route=\/wp\/v2\/posts\/54224\/revisions\/54226"}],"wp:featuredmedia":[{"embeddable":true,"href":"https:\/\/fedai.az\/index.php?rest_route=\/wp\/v2\/media\/54225"}],"wp:attachment":[{"href":"https:\/\/fedai.az\/index.php?rest_route=%2Fwp%2Fv2%2Fmedia&parent=54224"}],"wp:term":[{"taxonomy":"category","embeddable":true,"href":"https:\/\/fedai.az\/index.php?rest_route=%2Fwp%2Fv2%2Fcategories&post=54224"},{"taxonomy":"post_tag","embeddable":true,"href":"https:\/\/fedai.az\/index.php?rest_route=%2Fwp%2Fv2%2Ftags&post=54224"}],"curies":[{"name":"wp","href":"https:\/\/api.w.org\/{rel}","templated":true}]}}