{"id":54227,"date":"2021-11-18T04:06:16","date_gmt":"2021-11-18T00:06:16","guid":{"rendered":"https:\/\/fedai.az\/?p=54227"},"modified":"2021-11-18T04:06:19","modified_gmt":"2021-11-18T00:06:19","slug":"rust%c9%99m-muradov-bakidan-yerevana-erm%c9%99ni-h%c9%99rbcinin-meyitini-catdirib","status":"publish","type":"post","link":"https:\/\/fedai.az\/?p=54227","title":{"rendered":"R\u00fcst\u0259m Muradov Bak\u0131dan Yerevana erm\u0259ni h\u0259rb\u00e7inin meyitini \u00e7atd\u0131r\u0131b"},"content":{"rendered":"\n<p><strong>Rusiya C\u0259nub H\u0259rbi Dair\u0259si qo\u015funlar\u0131n\u0131n komandan m\u00fcavini R\u00fcst\u0259m Muradov \u00e7\u0259r\u015f\u0259nb\u0259 g\u00fcn\u00fc Bak\u0131dan Yerevana bir erm\u0259ni h\u0259rb\u00e7inin meyitini apar\u0131b.<\/strong><\/p>\n\n\n\n<p>General-leytenant R\u00fcst\u0259m Muradovun t\u0259yyar\u0259si noyabr\u0131n 17-d\u0259 ax\u015fam saatlar\u0131nda Bak\u0131dan Yerevana u\u00e7ub, Erm\u0259nistan medias\u0131 bildirib.<\/p>\n\n\n\n<p>Sputnik Armenia n\u0259\u015frinin m\u0259lumat\u0131na g\u00f6r\u0259, general Muradov Bak\u0131dan Yerevana s\u0259rh\u0259dd\u0259 ba\u015f vermi\u015f d\u00f6y\u00fc\u015f \u0259m\u0259liyyatlar\u0131 zaman\u0131 \u00f6lm\u00fc\u015f bir erm\u0259ni h\u0259rb\u00e7isinin meyitini g\u0259tirib.<\/p>\n\n\n\n<p>General R\u00fcst\u0259m Muradov bu ilin avqustunad\u0259k Qaraba\u011fdak\u0131 Rusiya kontingentinin komandan\u0131 v\u0259zif\u0259sini tutub.<\/p>\n\n\n\n<p>Az\u0259rbaycan il\u0259 Erm\u0259nistan aras\u0131nda \u0259sir v\u0259 dig\u0259r saxlan\u0131lan \u015f\u0259xsl\u0259rin v\u0259 el\u0259c\u0259d\u0259 mina x\u0259rit\u0259l\u0259rinin m\u00fcbadil\u0259si il\u0259 ba\u011fl\u0131 indiy\u0259d\u0259k h\u0259yata ke\u00e7irilmi\u015f missiyalar\u0131 Moskva bir qayda olaraq m\u0259hz R\u00fcst\u0259m Muradova h\u0259val\u0259 edib.<\/p>\n\n\n\n<p>M\u0259nb\u0259: BBC<\/p>\n","protected":false},"excerpt":{"rendered":"<p>Rusiya C\u0259nub H\u0259rbi Dair\u0259si qo\u015funlar\u0131n\u0131n komandan m\u00fcavini R\u00fcst\u0259m Muradov \u00e7\u0259r\u015f\u0259nb\u0259 g\u00fcn\u00fc Bak\u0131dan Yerevana bir erm\u0259ni h\u0259rb\u00e7inin meyitini apar\u0131b. General-leytenant R\u00fcst\u0259m Muradovun t\u0259yyar\u0259si noyabr\u0131n 17-d\u0259<\/p>\n","protected":false},"author":2,"featured_media":54228,"comment_status":"closed","ping_status":"closed","sticky":false,"template":"","format":"standard","meta":{"footnotes":""},"categories":[3],"tags":[],"class_list":["post-54227","post","type-post","status-publish","format-standard","has-post-thumbnail","hentry","category-gundm"],"aioseo_notices":[],"_links":{"self":[{"href":"https:\/\/fedai.az\/index.php?rest_route=\/wp\/v2\/posts\/54227","targetHints":{"allow":["GET"]}}],"collection":[{"href":"https:\/\/fedai.az\/index.php?rest_route=\/wp\/v2\/posts"}],"about":[{"href":"https:\/\/fedai.az\/index.php?rest_route=\/wp\/v2\/types\/post"}],"author":[{"embeddable":true,"href":"https:\/\/fedai.az\/index.php?rest_route=\/wp\/v2\/users\/2"}],"replies":[{"embeddable":true,"href":"https:\/\/fedai.az\/index.php?rest_route=%2Fwp%2Fv2%2Fcomments&post=54227"}],"version-history":[{"count":1,"href":"https:\/\/fedai.az\/index.php?rest_route=\/wp\/v2\/posts\/54227\/revisions"}],"predecessor-version":[{"id":54229,"href":"https:\/\/fedai.az\/index.php?rest_route=\/wp\/v2\/posts\/54227\/revisions\/54229"}],"wp:featuredmedia":[{"embeddable":true,"href":"https:\/\/fedai.az\/index.php?rest_route=\/wp\/v2\/media\/54228"}],"wp:attachment":[{"href":"https:\/\/fedai.az\/index.php?rest_route=%2Fwp%2Fv2%2Fmedia&parent=54227"}],"wp:term":[{"taxonomy":"category","embeddable":true,"href":"https:\/\/fedai.az\/index.php?rest_route=%2Fwp%2Fv2%2Fcategories&post=54227"},{"taxonomy":"post_tag","embeddable":true,"href":"https:\/\/fedai.az\/index.php?rest_route=%2Fwp%2Fv2%2Ftags&post=54227"}],"curies":[{"name":"wp","href":"https:\/\/api.w.org\/{rel}","templated":true}]}}