{"id":54253,"date":"2021-11-18T05:56:01","date_gmt":"2021-11-18T01:56:01","guid":{"rendered":"https:\/\/fedai.az\/?p=54253"},"modified":"2021-11-18T05:56:05","modified_gmt":"2021-11-18T01:56:05","slug":"erm%c9%99ni-iddiasi-v%c9%99-hikk%c9%99si","status":"publish","type":"post","link":"https:\/\/fedai.az\/?p=54253","title":{"rendered":"Erm\u0259ni iddias\u0131 v\u0259 hikk\u0259si&#8230;"},"content":{"rendered":"\n<p><strong><span class=\"has-inline-color has-vivid-cyan-blue-color\">Redaksiyadan: Armina Ohanyan adl\u0131 jurnalist hraparak.am-dak\u0131 &#171;2021, yoxsa 1821?&#187; yaz\u0131s\u0131n\u0131 oxuyunca bu mill\u0259tin x\u0259st\u0259 oldu\u011funu anlay\u0131rsan. Bunlar\u0131n yad torpaqlara tamah salmas\u0131, s\u0259n dem\u0259 bu xalq\u0131n ideologiyas\u0131d\u0131r. Bu xalq\u0131n varl\u0131\u011f\u0131 b\u0259\u015f\u0259riyy\u0259t \u00fc\u00e7\u00fcn t\u0259hl\u00fck\u0259dir. B\u0259\u015f\u0259riyy\u0259ti daim t\u00fcrkl\u0259r xilas edib. Y\u0259qin ona g\u00f6r\u0259 Tanr\u0131 bunlar\u0131 biz\u0259 urcah edib ki, d\u00fcnyan\u0131 daha bir pislikd\u0259n t\u0259mizl\u0259y\u0259k&#8230;<\/span><\/strong><\/p>\n\n\n\n<p><strong>C\u0259mi \u00fc\u00e7 il v\u0259 bu q\u0259d\u0259r da\u011f\u0131nt\u0131. Bunun n\u0259 \u00fc\u00e7\u00fcn ba\u015f verdiyini, bu n\u00f6qt\u0259y\u0259 nec\u0259 g\u0259ldiyimizi, bu c\u00fcr inki\u015faf\u0131n qar\u015f\u0131s\u0131n\u0131 almaq \u00fc\u00e7\u00fcn n\u0259 edil\u0259 bil\u0259c\u0259yi il\u0259 ba\u011fl\u0131 y\u00fcz minl\u0259rl\u0259 izahat tapmaq olar.<\/strong><\/p>\n\n\n\n<p>B\u0259zil\u0259ri indiki v\u0259ziyy\u0259tin s\u0259b\u0259bl\u0259rini uzaq 90-c\u0131 ill\u0259rd\u0259, b\u0259zil\u0259ri 2000-ci ill\u0259rd\u0259, b\u0259zil\u0259ri h\u0259tta 1988-ci ild\u0259ki Qaraba\u011f h\u0259r\u0259kat\u0131n\u0131 g\u00fcnahland\u0131racaqlar. Ancaq \u00e7oxlu sayda insan yazacaq ki, mill\u0259timiz\u0259 m\u0259n\u0259viyyat g\u0259tir\u0259n 1988-ci ilin romantik v\u0259 \u00fcmid dolu h\u0259r\u0259kat\u0131, minl\u0259rl\u0259 insan itirdiyimiz 1992-1994-c\u00fc ill\u0259rin amans\u0131z ill\u0259ri, bundan sonrak\u0131 b\u00fct\u00fcn s\u0131x\u0131nt\u0131lar, \u00e7\u0259tinlikl\u0259r \u00f6z\u00fcn\u00fc do\u011frultdu: biz qalib g\u0259ldik, biz \u0259srl\u0259r boyu itkil\u0259rd\u0259n sonra \u00f6z l\u0259yaq\u0259timiz\u0259 qay\u0131d\u0131b d\u00fc\u015fm\u0259n\u0259 \u00f6z yerini g\u00f6st\u0259rmi\u015fdik. Qurbanlara yas tutduq, \u00e7\u0259tinlikl\u0259rd\u0259n gileyl\u0259ndik, h\u0259yat\u0131m\u0131z\u0131n ke\u015fm\u0259ke\u015fli olmas\u0131na t\u0259\u0259ss\u00fcfl\u0259ndik, h\u0259m d\u0259 q\u00fcrurland\u0131q, qalib olduq.<\/p>\n\n\n\n<p>2018-ci ild\u0259 biz\u0259 el\u0259 g\u0259ldi ki, \u0259sas v\u0259zif\u0259 iqtidar\u0131 c\u0259zaland\u0131rmaq, legitim se\u00e7ki ke\u00e7irm\u0259kdir v\u0259 biz d\u00f6vl\u0259t ba\u015f\u00e7\u0131s\u0131n\u0131n 10 ild\u0259n sonra hakimiyy\u0259td\u0259 qalmas\u0131na \u00fcr\u0259kd\u0259n qar\u015f\u0131y\u0131q. Biz\u0259 el\u0259 g\u0259ldi ki, bu, \u0259n vacib \u015feydir.<\/p>\n\n\n\n<p>He\u00e7 a\u011fl\u0131m\u0131za da g\u0259lm\u0259zdi ki, m\u0259murlar\u0131n korrupsiya v\u0259 h\u0259yas\u0131zl\u0131\u011f\u0131n\u0131n, monopoliyas\u0131n\u0131n, \u0259dal\u0259tsizliyinin arxa plana ke\u00e7\u0259c\u0259yi g\u00fcn g\u0259l\u0259 bil\u0259r. V\u0259 bel\u0259 \u00e7\u0131x\u0131r ki, ba\u015fqa, daha vacib \u015feyl\u0259r var. 21-ci \u0259srd\u0259 d\u0259 19-cu \u0259srd\u0259ki kimi m\u00fcdafi\u0259sizik v\u0259 d\u00fc\u015fm\u0259n BMT t\u0259r\u0259find\u0259n tan\u0131nan, eyni zamanda Avropa \u015euras\u0131 v\u0259 KTMT-nin \u00fczv\u00fc olan bir \u00f6lk\u0259ni i\u015f\u011fal edib, q\u0259ssabl\u0131q edib \u0259sir g\u00f6t\u00fcr\u0259 bil\u0259r, sizin d\u00f6vl\u0259tiniz s\u0259ni m\u00fcdafi\u0259 etm\u0259y\u0259 acizdir.<\/p>\n\n\n\n<figure class=\"wp-block-image size-large is-resized\"><img loading=\"lazy\" decoding=\"async\" src=\"https:\/\/fedai.az\/wp-content\/uploads\/2021\/11\/avatar_37_6001266f93b16-1.jpg\" alt=\"\" class=\"wp-image-54254\" width=\"408\" height=\"272\" srcset=\"https:\/\/fedai.az\/wp-content\/uploads\/2021\/11\/avatar_37_6001266f93b16-1.jpg 550w, https:\/\/fedai.az\/wp-content\/uploads\/2021\/11\/avatar_37_6001266f93b16-1-300x200.jpg 300w, https:\/\/fedai.az\/wp-content\/uploads\/2021\/11\/avatar_37_6001266f93b16-1-150x100.jpg 150w\" sizes=\"auto, (max-width: 408px) 100vw, 408px\" \/><\/figure>\n\n\n\n<p><strong>Armine Ohanyan<\/strong><\/p>\n\n\n\n<p>Tam m\u0259qal\u0259ni bu \u00fcnvanda oxuya bil\u0259rsiniz: https:\/\/hraparak.am\/post\/33a5aedbf923930884f78a2d15534893<\/p>\n","protected":false},"excerpt":{"rendered":"<p>Redaksiyadan: Armina Ohanyan adl\u0131 jurnalist hraparak.am-dak\u0131 &#171;2021, yoxsa 1821?&#187; yaz\u0131s\u0131n\u0131 oxuyunca bu mill\u0259tin x\u0259st\u0259 oldu\u011funu anlay\u0131rsan. Bunlar\u0131n yad torpaqlara tamah salmas\u0131, s\u0259n dem\u0259 bu<\/p>\n","protected":false},"author":2,"featured_media":54256,"comment_status":"closed","ping_status":"closed","sticky":false,"template":"","format":"standard","meta":{"footnotes":""},"categories":[14],"tags":[],"class_list":["post-54253","post","type-post","status-publish","format-standard","has-post-thumbnail","hentry","category-kos"],"aioseo_notices":[],"_links":{"self":[{"href":"https:\/\/fedai.az\/index.php?rest_route=\/wp\/v2\/posts\/54253","targetHints":{"allow":["GET"]}}],"collection":[{"href":"https:\/\/fedai.az\/index.php?rest_route=\/wp\/v2\/posts"}],"about":[{"href":"https:\/\/fedai.az\/index.php?rest_route=\/wp\/v2\/types\/post"}],"author":[{"embeddable":true,"href":"https:\/\/fedai.az\/index.php?rest_route=\/wp\/v2\/users\/2"}],"replies":[{"embeddable":true,"href":"https:\/\/fedai.az\/index.php?rest_route=%2Fwp%2Fv2%2Fcomments&post=54253"}],"version-history":[{"count":1,"href":"https:\/\/fedai.az\/index.php?rest_route=\/wp\/v2\/posts\/54253\/revisions"}],"predecessor-version":[{"id":54257,"href":"https:\/\/fedai.az\/index.php?rest_route=\/wp\/v2\/posts\/54253\/revisions\/54257"}],"wp:featuredmedia":[{"embeddable":true,"href":"https:\/\/fedai.az\/index.php?rest_route=\/wp\/v2\/media\/54256"}],"wp:attachment":[{"href":"https:\/\/fedai.az\/index.php?rest_route=%2Fwp%2Fv2%2Fmedia&parent=54253"}],"wp:term":[{"taxonomy":"category","embeddable":true,"href":"https:\/\/fedai.az\/index.php?rest_route=%2Fwp%2Fv2%2Fcategories&post=54253"},{"taxonomy":"post_tag","embeddable":true,"href":"https:\/\/fedai.az\/index.php?rest_route=%2Fwp%2Fv2%2Ftags&post=54253"}],"curies":[{"name":"wp","href":"https:\/\/api.w.org\/{rel}","templated":true}]}}