{"id":54263,"date":"2021-11-18T11:33:36","date_gmt":"2021-11-18T07:33:36","guid":{"rendered":"https:\/\/fedai.az\/?p=54263"},"modified":"2021-11-18T11:33:39","modified_gmt":"2021-11-18T07:33:39","slug":"dusm%c9%99n-bu-d%c9%99f%c9%99-d%c9%99-cenevr%c9%99-konvensiyasini-pozdu","status":"publish","type":"post","link":"https:\/\/fedai.az\/?p=54263","title":{"rendered":"D\u00fc\u015fm\u0259n bu d\u0259f\u0259 d\u0259 Cenevr\u0259 Konvensiyas\u0131n\u0131 pozdu"},"content":{"rendered":"\n<p><strong>Noyabr\u0131n 16-da d\u00f6vl\u0259t s\u0259rh\u0259dind\u0259 Erm\u0259nistan\u0131n t\u0259xribatlar\u0131 n\u0259tic\u0259sind\u0259 ba\u015f ver\u0259n d\u00f6y\u00fc\u015f \u0259m\u0259liyyatlar\u0131 zaman\u0131 \u015f\u0259hid olan yeddi h\u0259rbi qulluq\u00e7umuzdan biri d\u0259 ki\u00e7ik \u00e7avu\u015f \u018fliyev Natiqdir.<br><\/strong><br> \u201cQafqazinfo\u201dnun m\u0259lumata g\u00f6r\u0259, \u015f\u0259hidimiz sanitar-t\u0259limat\u00e7\u0131 olub.<\/p>\n\n\n\n<p><br><strong>O, iki g\u00fcn \u00f6nc\u0259 ged\u0259n d\u00f6y\u00fc\u015fl\u0259rd\u0259 yaral\u0131 h\u0259rb\u00e7imizi t\u0259xliyy\u0259 ed\u0259n zaman \u015f\u0259hidlik zirv\u0259sin\u0259 ucal\u0131b.<br><\/strong><br><strong>Bel\u0259 ki, t\u0259xliyy\u0259 zaman\u0131 d\u00fc\u015fm\u0259n beyn\u0259lxalq h\u00fcququn normalar\u0131n\u0131 pozaraq, Natiq \u018fliyevin i\u00e7ind\u0259 oldu\u011fu sanitar ma\u015f\u0131n\u0131n\u0131 at\u0259\u015f\u0259 tutub. N\u0259tic\u0259d\u0259 ki\u00e7ik \u00e7avu\u015f Natiq \u018fliyev \u015f\u0259hid olub.<br><\/strong><br>Bu m\u0259qamda qeyd etm\u0259k yerin\u0259 d\u00fc\u015f\u0259r ki, Cenevr\u0259 Konvensiyas\u0131na \u0259sas\u0259n sanitar n\u0259qliyyat vasit\u0259si konflikt zaman\u0131 x\u00fcsusi statusa v\u0259 m\u00fcdafi\u0259 olunmaq h\u00fcququna malikdirl\u0259r.<\/p>\n\n\n\n<figure class=\"wp-block-image size-large is-resized\"><img loading=\"lazy\" decoding=\"async\" src=\"https:\/\/fedai.az\/wp-content\/uploads\/2021\/11\/2021-11-18-08-57-30MYgcy6hRKv9Of59T9PBF_file.jpg\" alt=\"\" class=\"wp-image-54264\" width=\"916\" height=\"575\" srcset=\"https:\/\/fedai.az\/wp-content\/uploads\/2021\/11\/2021-11-18-08-57-30MYgcy6hRKv9Of59T9PBF_file.jpg 637w, https:\/\/fedai.az\/wp-content\/uploads\/2021\/11\/2021-11-18-08-57-30MYgcy6hRKv9Of59T9PBF_file-300x188.jpg 300w, https:\/\/fedai.az\/wp-content\/uploads\/2021\/11\/2021-11-18-08-57-30MYgcy6hRKv9Of59T9PBF_file-150x94.jpg 150w, https:\/\/fedai.az\/wp-content\/uploads\/2021\/11\/2021-11-18-08-57-30MYgcy6hRKv9Of59T9PBF_file-115x73.jpg 115w\" sizes=\"auto, (max-width: 916px) 100vw, 916px\" \/><\/figure>\n\n\n\n<p>Roma Statusunda qeyd edilir ki, beyn\u0259lxalq v\u0259 ya qeyri-beyn\u0259lxalq silahl\u0131 konflikt zaman\u0131 tibbi personala q\u0259sd\u0259n h\u00fccum etm\u0259k humanitar h\u00fcquqla t\u0259qib olunan v\u0259 Beyn\u0259lxalq Cinay\u0259t M\u0259hk\u0259m\u0259sinin yurisdiksiyas\u0131na aid edil\u0259n h\u0259rbi cinay\u0259tdir.<\/p>\n\n\n\n<p>Buna baxymaraq, d\u00fc\u015fm\u0259n V\u0259t\u0259n m\u00fcharib\u0259sind\u0259 oldu\u011fu kimi, son d\u00f6y\u00fc\u015fl\u0259rd\u0259 d\u0259 beyn\u0259lxalq h\u00fcququn normalar\u0131n\u0131 ayaqlar alt\u0131na at\u0131b.<\/p>\n\n\n\n<p>Qeyd ed\u0259k ki, d\u00f6y\u00fc\u015f meydan\u0131nda uduzduqca quduzla\u015fan erm\u0259ni t\u0259r\u0259fi V\u0259t\u0259n m\u00fcharib\u0259si zaman\u0131 h\u0259tta m\u00fclki t\u0259cili tibbi yard\u0131m ma\u015f\u0131nlar\u0131na da at\u0259\u015f a\u00e7maqdan \u00e7\u0259kinmirdi. Bel\u0259 ox\u015far hadis\u0259l\u0259rd\u0259n biri d\u0259 \u00f6t\u0259n ilin oktyabr\u0131n 6-da A\u011fdam\u0131n \u201cD\u00f6rd yol\u201d adlanan \u0259razisind\u0259 ba\u015f vermi\u015fdi. H\u0259min vaxt yaral\u0131 h\u0259rb\u00e7imizi da\u015f\u0131yan ambulans d\u00fc\u015fm\u0259nin a\u011f\u0131r artilleriyadan at\u0259\u015f a\u00e7d\u0131\u011f\u0131 m\u0259rminin h\u0259d\u0259fi olmu\u015fdu.<\/p>\n\n\n\n<p>Onu da xat\u0131rladaq ki, 2020-ci ilin 27 sentyabr\u0131nda ba\u015flayan V\u0259t\u0259n m\u00fcharib\u0259si zaman\u0131 erm\u0259nil\u0259rin beyn\u0259lxalq h\u00fcquq normalar\u0131n\u0131 pozmas\u0131 n\u0259tic\u0259sind\u0259 bir ne\u00e7\u0259 sanitar-t\u0259limat\u00e7\u0131m\u0131z \u015f\u0259hid olub.<\/p>\n","protected":false},"excerpt":{"rendered":"<p>Noyabr\u0131n 16-da d\u00f6vl\u0259t s\u0259rh\u0259dind\u0259 Erm\u0259nistan\u0131n t\u0259xribatlar\u0131 n\u0259tic\u0259sind\u0259 ba\u015f ver\u0259n d\u00f6y\u00fc\u015f \u0259m\u0259liyyatlar\u0131 zaman\u0131 \u015f\u0259hid olan yeddi h\u0259rbi qulluq\u00e7umuzdan biri d\u0259 ki\u00e7ik \u00e7avu\u015f \u018fliyev Natiqdir. \u201cQafqazinfo\u201dnun<\/p>\n","protected":false},"author":2,"featured_media":54265,"comment_status":"closed","ping_status":"closed","sticky":false,"template":"","format":"standard","meta":{"footnotes":""},"categories":[4],"tags":[],"class_list":["post-54263","post","type-post","status-publish","format-standard","has-post-thumbnail","hentry","category-qarabag"],"aioseo_notices":[],"_links":{"self":[{"href":"https:\/\/fedai.az\/index.php?rest_route=\/wp\/v2\/posts\/54263","targetHints":{"allow":["GET"]}}],"collection":[{"href":"https:\/\/fedai.az\/index.php?rest_route=\/wp\/v2\/posts"}],"about":[{"href":"https:\/\/fedai.az\/index.php?rest_route=\/wp\/v2\/types\/post"}],"author":[{"embeddable":true,"href":"https:\/\/fedai.az\/index.php?rest_route=\/wp\/v2\/users\/2"}],"replies":[{"embeddable":true,"href":"https:\/\/fedai.az\/index.php?rest_route=%2Fwp%2Fv2%2Fcomments&post=54263"}],"version-history":[{"count":1,"href":"https:\/\/fedai.az\/index.php?rest_route=\/wp\/v2\/posts\/54263\/revisions"}],"predecessor-version":[{"id":54266,"href":"https:\/\/fedai.az\/index.php?rest_route=\/wp\/v2\/posts\/54263\/revisions\/54266"}],"wp:featuredmedia":[{"embeddable":true,"href":"https:\/\/fedai.az\/index.php?rest_route=\/wp\/v2\/media\/54265"}],"wp:attachment":[{"href":"https:\/\/fedai.az\/index.php?rest_route=%2Fwp%2Fv2%2Fmedia&parent=54263"}],"wp:term":[{"taxonomy":"category","embeddable":true,"href":"https:\/\/fedai.az\/index.php?rest_route=%2Fwp%2Fv2%2Fcategories&post=54263"},{"taxonomy":"post_tag","embeddable":true,"href":"https:\/\/fedai.az\/index.php?rest_route=%2Fwp%2Fv2%2Ftags&post=54263"}],"curies":[{"name":"wp","href":"https:\/\/api.w.org\/{rel}","templated":true}]}}