{"id":54267,"date":"2021-11-18T11:47:35","date_gmt":"2021-11-18T07:47:35","guid":{"rendered":"https:\/\/fedai.az\/?p=54267"},"modified":"2021-11-18T11:47:39","modified_gmt":"2021-11-18T07:47:39","slug":"erm%c9%99nil%c9%99r-t%c9%99rt%c9%99rd%c9%99ki-su-anbarimizda-t%c9%99lim-kecirdi","status":"publish","type":"post","link":"https:\/\/fedai.az\/?p=54267","title":{"rendered":"Erm\u0259nil\u0259r T\u0259rt\u0259rd\u0259ki su anbar\u0131m\u0131zda t\u0259lim ke\u00e7irdi"},"content":{"rendered":"\n<p><strong>Qaraba\u011fda h\u0259l\u0259 d\u0259 Rusiya h\u0259rbi kontingentinin himay\u0259sind\u0259 b\u0259sl\u0259n\u0259n separat\u00e7\u0131-terror\u00e7u erm\u0259ni rejiminin\u00a0 qanunsuz\u00a0 &#171;f\u00f6vq\u0259lad\u0259 hallar xidm\u0259ti&#187;nin &#171;xilasetm\u0259 xidm\u0259ti&#187;nin \u0259m\u0259kda\u015flar\u0131 &#171;\u0259sas m\u00fclki m\u00fcdafi\u0259 t\u0259dbirl\u0259ri, f\u00f6vq\u0259lad\u0259 hallar\u0131n qar\u015f\u0131s\u0131n\u0131n al\u0131nmas\u0131 v\u0259 n\u0259tic\u0259l\u0259rinin aradan qald\u0131r\u0131lmas\u0131 plan\u0131na uy\u011fun olaraq&#187;\u00a0S\u0259rs\u0259ng su anbar\u0131nda n\u00f6vb\u0259ti dal\u011f\u0131c t\u0259liml\u0259ri ke\u00e7iribl\u0259r.<\/strong><\/p>\n\n\n\n<p>Bu haqda Xank\u0259ndind\u0259ki separat\u00e7\u0131 n\u0259\u015frl\u0259r m\u0259lumat yay\u0131b.<\/p>\n\n\n\n<p>&#171;Bel\u0259 kurslar v\u0259 praktiki m\u0259\u015f\u011f\u0259l\u0259l\u0259r f\u00f6vq\u0259lad\u0259 hallar xidm\u0259tind\u0259 tez-tez t\u0259\u015fkil olunur&#8230; Bu ilin<\/p>\n\n\n\n<p>iyul-avqust-sentyabr aylar\u0131nda tematik dal\u011f\u0131c kurslar\u0131 t\u0259\u015fkil olunub&#187; &#8212; erm\u0259ni saytlar\u0131n\u0131n Az\u0259rbaycan torpa\u011f\u0131ndak\u0131 t\u0259liml\u0259r haqq\u0131ndak\u0131 x\u0259b\u0259rind\u0259 bel\u0259 deyilir<\/p>\n\n\n\n<figure class=\"wp-block-image size-large is-resized\"><img loading=\"lazy\" decoding=\"async\" src=\"https:\/\/fedai.az\/wp-content\/uploads\/2021\/11\/1637209057_serseng-erm-dalic-telim.jpg\" alt=\"\" class=\"wp-image-54269\" width=\"915\" height=\"579\" srcset=\"https:\/\/fedai.az\/wp-content\/uploads\/2021\/11\/1637209057_serseng-erm-dalic-telim.jpg 790w, https:\/\/fedai.az\/wp-content\/uploads\/2021\/11\/1637209057_serseng-erm-dalic-telim-300x190.jpg 300w, https:\/\/fedai.az\/wp-content\/uploads\/2021\/11\/1637209057_serseng-erm-dalic-telim-150x95.jpg 150w, https:\/\/fedai.az\/wp-content\/uploads\/2021\/11\/1637209057_serseng-erm-dalic-telim-768x486.jpg 768w, https:\/\/fedai.az\/wp-content\/uploads\/2021\/11\/1637209057_serseng-erm-dalic-telim-115x73.jpg 115w\" sizes=\"auto, (max-width: 915px) 100vw, 915px\" \/><\/figure>\n\n\n\n<p><strong>P.S&#8230;.<\/strong><\/p>\n\n\n\n<p>Z\u0259ruri xat\u0131rlatma v\u0259 aray\u0131\u015f:<\/p>\n\n\n\n<p><strong>S\u0259rs\u0259ng su anbar\u0131 \u2014 Az\u0259rbaycana m\u0259xsus 1976-c\u0131 ild\u0259 T\u0259rt\u0259r\u00e7ay\u0131n \u00fcz\u0259rind\u0259, ke\u00e7mi\u015f A\u011fd\u0259r\u0259, indiki T\u0259rt\u0259r rayonu \u0259razisind\u0259 , in\u015fa edilmi\u015f su anbar\u0131d\u0131r(1, 2). Onun \u00fcmumi su tutumu 560 mln m\u00b3, b\u0259ndinin h\u00fcnd\u00fcrl\u00fcy\u00fc is\u0259 125 m-dir[3]. S\u0259rs\u0259ng su anbar\u0131 respublikada b\u0259ndinin h\u00fcnd\u00fcrl\u00fcy\u00fcn\u0259 g\u00f6r\u0259 \u0259n h\u00fcnd\u00fcr b\u0259ndli su anbarlar\u0131ndan biridir. S\u0259rs\u0259ng su anbar\u0131 haz\u0131rda T\u0259rt\u0259r (ke\u00e7mi\u015f A\u011fd\u0259r\u0259) rayonu \u0259razisind\u0259 yerl\u0259\u015fir v\u0259 Az\u0259rbaycan t\u0259r\u0259find\u0259n istismar olunur. S\u0259rs\u0259ng su anbar\u0131 respublikan\u0131n 6 rayonunun (T\u0259rt\u0259r, A\u011fdam, B\u0259rd\u0259, Goranboy, Yevlax v\u0259 A\u011fcab\u0259di) 100 min hektara yax\u0131n torpaq sah\u0259sini suvarma suyu il\u0259 t\u0259min edirdi. Yaln\u0131z S\u0259rs\u0259ng su anbar\u0131n\u0131n i\u015f\u011fal\u0131 n\u0259tic\u0259sind\u0259 100 min hektar sah\u0259d\u0259 k\u0259nd t\u0259s\u0259rr\u00fcfat\u0131 bitkil\u0259rin\u0259 suvarma suyunun verilm\u0259m\u0259si respublikan\u0131n bu regionuna \u0259v\u0259z olunmaz z\u0259r\u0259r vurmu\u015fdur. Haz\u0131rda su anbar\u0131na v\u0259 onun qur\u011fular\u0131na i\u015f\u011fal alt\u0131nda 10 ild\u0259n art\u0131q m\u00fcdd\u0259tdir ki, texniki xidm\u0259t g\u00f6st\u0259rilm\u0259diyi \u00fc\u00e7\u00fcn o q\u0259za v\u0259ziyy\u0259tind\u0259dir. Bu s\u0259b\u0259bd\u0259n S\u0259rs\u0259ng su anbar\u0131 onun a\u015fa\u011f\u0131 byefind\u0259 yerl\u0259\u015f\u0259n \u0259hali \u00fc\u00e7\u00fcn ciddi t\u0259hl\u00fck\u0259 yarad\u0131r. Lakin anbar\u0131n i\u015f\u011faldan azad olunmas\u0131 onun yenid\u0259n i\u015fl\u0259k v\u0259ziyy\u0259t\u0259 g\u0259tirilm\u0259si \u00fc\u00e7\u00fcn \u015f\u0259rait yarad\u0131r.<\/strong><\/p>\n\n\n\n<figure class=\"wp-block-image size-large is-resized\"><img loading=\"lazy\" decoding=\"async\" src=\"https:\/\/fedai.az\/wp-content\/uploads\/2021\/11\/1637209163_serseng-su1.jpg\" alt=\"\" class=\"wp-image-54268\" width=\"921\" height=\"494\" srcset=\"https:\/\/fedai.az\/wp-content\/uploads\/2021\/11\/1637209163_serseng-su1.jpg 800w, https:\/\/fedai.az\/wp-content\/uploads\/2021\/11\/1637209163_serseng-su1-300x161.jpg 300w, https:\/\/fedai.az\/wp-content\/uploads\/2021\/11\/1637209163_serseng-su1-150x80.jpg 150w, https:\/\/fedai.az\/wp-content\/uploads\/2021\/11\/1637209163_serseng-su1-768x412.jpg 768w\" sizes=\"auto, (max-width: 921px) 100vw, 921px\" \/><\/figure>\n\n\n\n<p>V\u0259ziyy\u0259ti<\/p>\n\n\n\n<p><strong>Az\u0259rbaycan\u0131n Avropa \u015euras\u0131 Parlament Assambleyas\u0131ndak\u0131 n\u00fcmay\u0259nd\u0259 hey\u0259tinin haz\u0131rlad\u0131\u011f\u0131 \u201cAz\u0259rbaycan\u0131n s\u0259rh\u0259d rayonunun \u0259halisi sudan m\u0259hrum edilmi\u015fdir\u201d adl\u0131 q\u0259tnam\u0259 layih\u0259si erm\u0259ni lobbisinin ciddi mane\u0259l\u0259rin\u0259 baxmayaraq, qurumun b\u00fcro iclas\u0131nda m\u00fczakir\u0259 olunmu\u015f v\u0259 m\u0259ruz\u0259\u00e7i t\u0259yin edilm\u0259si il\u0259 \u0259laq\u0259dar sosial m\u0259s\u0259l\u0259l\u0259r, s\u0259hiyy\u0259 v\u0259 davaml\u0131 inki\u015faf komit\u0259sin\u0259 y\u00f6nl\u0259ndirilm\u0259si bar\u0259d\u0259 t\u0259klif b\u00fcro t\u0259r\u0259find\u0259n yekdillikl\u0259 q\u0259bul edilmi\u015fdir. Bu q\u0259rar h\u0259min g\u00fcn b\u00fcronun iclas\u0131ndan d\u0259rhal sonra Assambleyan\u0131n plenar sessiyas\u0131nda t\u0259sdiql\u0259nmi\u015fdir. S\u0259rs\u0259ng su anbar\u0131 il\u0259 ba\u011fl\u0131 13468 sayl\u0131 s\u0259n\u0259di 11 \u00f6lk\u0259nin 27 deputat\u0131 imzalam\u0131\u015fd\u0131r.<\/strong><\/p>\n\n\n\n<p><strong>S\u0259n\u0259dd\u0259 bildirilir ki, Assambleya problemin vacibliyini n\u0259z\u0259r\u0259 alaraq bu m\u0259s\u0259l\u0259 il\u0259 ciddi \u015f\u0259kild\u0259 m\u0259\u015f\u011ful olmal\u0131, bununla \u0259laq\u0259dar tezlikl\u0259 x\u00fcsusi \u00f6l\u00e7\u00fc g\u00f6t\u00fcrm\u0259li, beyn\u0259lxalq ictimaiyy\u0259t\u0259 \u00e7a\u011f\u0131r\u0131\u015f s\u0259sl\u0259ndirm\u0259k \u00fc\u00e7\u00fcn q\u0259tnam\u0259 layih\u0259si q\u0259bul etm\u0259lidir. 2016-c\u0131 ilin yanvar ay\u0131nda Avropa Suras\u0131 Parlament Assambleyas\u0131 S\u0259rs\u0259ng su ambar\u0131 il\u0259 ba\u011fl\u0131 2085 sayl\u0131 q\u0259tnam\u0259 q\u0259bul etdi. H\u0259min ilin aprel may aylar\u0131nda Az\u0259rbaycanda AB\u015e Prezidentin\u0259 bu q\u0259tnam\u0259 il\u0259 ba\u011fl\u0131 Petisiya unvanland\u0131. Petisiya 300 mind\u0259n art\u0131q imza toplad\u0131. \u0130mza toplama kampaniyas\u0131nda Az\u0259rbaycanla yana\u015f\u0131 qarda\u015f T\u00fcrkiy\u0259 v\u0259t\u0259nda\u015flar\u0131 da f\u0259al i\u015ftirak etmi\u015fl\u0259r.<\/strong><\/p>\n\n\n\n<p>\u0130stinadlar(vikipediya):<\/p>\n\n\n\n<p><strong>1. \u0422\u0435\u0440\u0442\u0435\u0440, \u0421\u043b\u043e\u0432\u0430\u0440\u0438 \u0438 \u044d\u043d\u0446\u0438\u043a\u043b\u043e\u043f\u0435\u0434\u0438\u0438 \u043d\u0430 \u0410\u043a\u0430\u0434\u0435\u043c\u0438\u043a\u0435\u00a0 (rus.)<br>\u00a02. \u0421\u0430\u0440\u0441\u0430\u043d\u0433\u0441\u043a\u043e\u0435 \u0432\u043e\u0434\u043e\u0445\u0440\u0430\u043d\u0438\u043b\u0438\u0449\u0435, \u0421\u043b\u043e\u0432\u0430\u0440\u0438 \u0438 \u044d\u043d\u0446\u0438\u043a\u043b\u043e\u043f\u0435\u0434\u0438\u0438 \u043d\u0430 \u0410\u043a\u0430\u0434\u0435\u043c\u0438\u043a\u0435\u00a0 (rus.)<br>\u00a03.\u00a0 AzTV. &#171;S\u0259rs\u0259ng su anbar\u0131 i\u015f\u011faldan azad edil\u0259rs\u0259&#8230;&#187; (az.). Youtube.com. 30.10.2020. \u0130stifad\u0259 tarixi: 2020-10-30.<br>4.\u00a0 S\u0259rs\u0259ng su anbar\u0131 il\u0259 ba\u011fl\u0131 m\u0259s\u0259l\u0259 A\u015ePA-n\u0131n sessiyalar\u0131n\u0131n birind\u0259 m\u00fczakir\u0259 olunacaqd\u0131r.\/moderator.az<\/strong><\/p>\n\n\n\n<figure class=\"wp-block-image size-large is-resized\"><img loading=\"lazy\" decoding=\"async\" src=\"https:\/\/fedai.az\/wp-content\/uploads\/2021\/11\/1637208986_serseng-erm-dalic-telim1.jpg\" alt=\"\" class=\"wp-image-54270\" width=\"916\" height=\"574\" srcset=\"https:\/\/fedai.az\/wp-content\/uploads\/2021\/11\/1637208986_serseng-erm-dalic-telim1.jpg 670w, https:\/\/fedai.az\/wp-content\/uploads\/2021\/11\/1637208986_serseng-erm-dalic-telim1-300x188.jpg 300w, https:\/\/fedai.az\/wp-content\/uploads\/2021\/11\/1637208986_serseng-erm-dalic-telim1-150x94.jpg 150w, https:\/\/fedai.az\/wp-content\/uploads\/2021\/11\/1637208986_serseng-erm-dalic-telim1-115x73.jpg 115w\" sizes=\"auto, (max-width: 916px) 100vw, 916px\" \/><\/figure>\n","protected":false},"excerpt":{"rendered":"<p>Qaraba\u011fda h\u0259l\u0259 d\u0259 Rusiya h\u0259rbi kontingentinin himay\u0259sind\u0259 b\u0259sl\u0259n\u0259n separat\u00e7\u0131-terror\u00e7u erm\u0259ni rejiminin\u00a0 qanunsuz\u00a0 &#171;f\u00f6vq\u0259lad\u0259 hallar xidm\u0259ti&#187;nin &#171;xilasetm\u0259 xidm\u0259ti&#187;nin \u0259m\u0259kda\u015flar\u0131 &#171;\u0259sas m\u00fclki m\u00fcdafi\u0259 t\u0259dbirl\u0259ri, f\u00f6vq\u0259lad\u0259 hallar\u0131n<\/p>\n","protected":false},"author":2,"featured_media":54271,"comment_status":"closed","ping_status":"closed","sticky":false,"template":"","format":"standard","meta":{"footnotes":""},"categories":[4],"tags":[],"class_list":["post-54267","post","type-post","status-publish","format-standard","has-post-thumbnail","hentry","category-qarabag"],"aioseo_notices":[],"_links":{"self":[{"href":"https:\/\/fedai.az\/index.php?rest_route=\/wp\/v2\/posts\/54267","targetHints":{"allow":["GET"]}}],"collection":[{"href":"https:\/\/fedai.az\/index.php?rest_route=\/wp\/v2\/posts"}],"about":[{"href":"https:\/\/fedai.az\/index.php?rest_route=\/wp\/v2\/types\/post"}],"author":[{"embeddable":true,"href":"https:\/\/fedai.az\/index.php?rest_route=\/wp\/v2\/users\/2"}],"replies":[{"embeddable":true,"href":"https:\/\/fedai.az\/index.php?rest_route=%2Fwp%2Fv2%2Fcomments&post=54267"}],"version-history":[{"count":1,"href":"https:\/\/fedai.az\/index.php?rest_route=\/wp\/v2\/posts\/54267\/revisions"}],"predecessor-version":[{"id":54272,"href":"https:\/\/fedai.az\/index.php?rest_route=\/wp\/v2\/posts\/54267\/revisions\/54272"}],"wp:featuredmedia":[{"embeddable":true,"href":"https:\/\/fedai.az\/index.php?rest_route=\/wp\/v2\/media\/54271"}],"wp:attachment":[{"href":"https:\/\/fedai.az\/index.php?rest_route=%2Fwp%2Fv2%2Fmedia&parent=54267"}],"wp:term":[{"taxonomy":"category","embeddable":true,"href":"https:\/\/fedai.az\/index.php?rest_route=%2Fwp%2Fv2%2Fcategories&post=54267"},{"taxonomy":"post_tag","embeddable":true,"href":"https:\/\/fedai.az\/index.php?rest_route=%2Fwp%2Fv2%2Ftags&post=54267"}],"curies":[{"name":"wp","href":"https:\/\/api.w.org\/{rel}","templated":true}]}}