{"id":54276,"date":"2021-11-19T01:12:01","date_gmt":"2021-11-18T21:12:01","guid":{"rendered":"https:\/\/fedai.az\/?p=54276"},"modified":"2021-11-19T01:12:05","modified_gmt":"2021-11-18T21:12:05","slug":"moskva-turk-birliyin%c9%99-qosulur","status":"publish","type":"post","link":"https:\/\/fedai.az\/?p=54276","title":{"rendered":"Moskva T\u00fcrk Birliyin\u0259 qo\u015fulur?"},"content":{"rendered":"\n<p><strong>Erm\u0259nistan\u0131n \u00f6z\u00fc d\u00f6y\u00fc\u015f\u0259 bilm\u0259z v\u0259 d\u00f6y\u00fc\u015fm\u0259k ist\u0259mir. Erm\u0259nistan ordusunun \u0259hval-ruhiyy\u0259si \u00e7ox a\u015fa\u011f\u0131d\u0131r.<\/strong><\/p>\n\n\n\n<p>Bu s\u00f6zl\u0259ri axar.az-a a\u00e7\u0131qlamas\u0131nda rusiyal\u0131 ekspert Aleksandr Razuvayev deyib.<\/p>\n\n\n\n<p>\u201cN\u0259d\u0259ns\u0259 Erm\u0259nistan hesab edir ki, onlar\u0131n \u0259v\u0259zin\u0259 KTMT \u00f6lk\u0259l\u0259ri m\u00fcbariz\u0259 aparmal\u0131d\u0131r. O c\u00fcml\u0259d\u0259n, t\u00fcrk \u0259silli Qazax\u0131stan v\u0259 Q\u0131r\u011f\u0131z\u0131stan. Rusiyan\u0131n \u00f6z\u00fcnd\u0259 d\u0259 t\u00fcrkl\u0259r var: Tatar\u0131stan\u0131, Ba\u015fq\u0131rd\u0131stan, Yakutiya. Yeltsin v\u0259 Qra\u00e7ov zaman\u0131 h\u0259mi\u015f\u0259lik getdi, Rusiya bir daha he\u00e7 vaxt ba\u015fqalar\u0131n\u0131n maraqlar\u0131 \u00fc\u00e7\u00fcn m\u00fcbariz\u0259 aparmayacaq\u201d, \u2013 ekspert qeyd edib.<\/p>\n\n\n\n<p><strong>A.Razuvayev Erm\u0259nistan\u0131n Rusiyaya h\u0259rbi yard\u0131m xahi\u015finin he\u00e7 bir n\u0259tic\u0259 verm\u0259y\u0259c\u0259yini vur\u011fulay\u0131b:<\/strong><\/p>\n\n\n\n<p>\u201cErm\u0259nistan\u0131n m\u00f6vqeyi ucuz \u015fantajd\u0131r, Moskva bunu q\u0259bul etm\u0259y\u0259c\u0259k. Lakin bu, s\u00f6zs\u00fcz ki, Kremli q\u0131c\u0131qland\u0131r\u0131r. N\u0259 NATO, n\u0259 d\u0259, m\u0259s\u0259l\u0259n, Fransa ayr\u0131l\u0131qda Erm\u0259nistan \u00fc\u00e7\u00fcn d\u00f6y\u00fc\u015f\u0259c\u0259k. Orda axmaqlar yoxdur. Bel\u0259 bir add\u0131mla yaln\u0131z birl\u0259\u015fib-g\u00fccl\u0259n\u0259n \u015e\u0259rql\u0259 m\u00fcnasib\u0259tl\u0259ri korlamaq olar\u201d.<\/p>\n\n\n\n<p><strong>Ekspertin s\u00f6zl\u0259rin\u0259 g\u00f6r\u0259, haz\u0131rda regionun \u015f\u0259kill\u0259nm\u0259si gedir v\u0259 Rusiyan\u0131n \u00f6z maraqlar\u0131 var:<\/strong><\/p>\n\n\n\n<p>\u201cTD\u018f\u015e-\u0259 \u00fczv \u00f6lk\u0259l\u0259rin \u0130stanbulda ke\u00e7iril\u0259n VIII Zirv\u0259 toplant\u0131s\u0131 \u00e7\u0259r\u00e7iv\u0259sind\u0259 T\u00fcrk D\u00f6vl\u0259tl\u0259ri T\u0259\u015fkilat\u0131 yarad\u0131ld\u0131. Rusiyan\u0131n T\u00fcrk D\u00f6vl\u0259tl\u0259ri T\u0259\u015fkilat\u0131na daxil olmas\u0131 d\u00fczg\u00fcn olard\u0131. Az\u0259rbaycan v\u0259 T\u00fcrkiy\u0259 is\u0259 A\u0130\u0130-d\u0259dir. \u018fmin\u0259m ki, gec-tez bel\u0259 olacaq. Erm\u0259nistan \u00e7\u0259tin ki, bunun qar\u015f\u0131s\u0131n\u0131 ala bilsin. Erm\u0259nistan m\u00fcharib\u0259ni uduzdu, onun probleml\u0259ri d\u0259 ancaq \u00f6z\u00fcn\u0259 aiddir, Rusiyaya deyil\u201d, \u2013 dey\u0259 h\u0259ms\u00f6hb\u0259timiz bildirib.<\/p>\n","protected":false},"excerpt":{"rendered":"<p>Erm\u0259nistan\u0131n \u00f6z\u00fc d\u00f6y\u00fc\u015f\u0259 bilm\u0259z v\u0259 d\u00f6y\u00fc\u015fm\u0259k ist\u0259mir. Erm\u0259nistan ordusunun \u0259hval-ruhiyy\u0259si \u00e7ox a\u015fa\u011f\u0131d\u0131r. Bu s\u00f6zl\u0259ri axar.az-a a\u00e7\u0131qlamas\u0131nda rusiyal\u0131 ekspert Aleksandr Razuvayev deyib. \u201cN\u0259d\u0259ns\u0259 Erm\u0259nistan hesab<\/p>\n","protected":false},"author":2,"featured_media":54277,"comment_status":"closed","ping_status":"closed","sticky":false,"template":"","format":"standard","meta":{"footnotes":""},"categories":[1],"tags":[],"class_list":["post-54276","post","type-post","status-publish","format-standard","has-post-thumbnail","hentry","category-siyast"],"aioseo_notices":[],"_links":{"self":[{"href":"https:\/\/fedai.az\/index.php?rest_route=\/wp\/v2\/posts\/54276","targetHints":{"allow":["GET"]}}],"collection":[{"href":"https:\/\/fedai.az\/index.php?rest_route=\/wp\/v2\/posts"}],"about":[{"href":"https:\/\/fedai.az\/index.php?rest_route=\/wp\/v2\/types\/post"}],"author":[{"embeddable":true,"href":"https:\/\/fedai.az\/index.php?rest_route=\/wp\/v2\/users\/2"}],"replies":[{"embeddable":true,"href":"https:\/\/fedai.az\/index.php?rest_route=%2Fwp%2Fv2%2Fcomments&post=54276"}],"version-history":[{"count":1,"href":"https:\/\/fedai.az\/index.php?rest_route=\/wp\/v2\/posts\/54276\/revisions"}],"predecessor-version":[{"id":54278,"href":"https:\/\/fedai.az\/index.php?rest_route=\/wp\/v2\/posts\/54276\/revisions\/54278"}],"wp:featuredmedia":[{"embeddable":true,"href":"https:\/\/fedai.az\/index.php?rest_route=\/wp\/v2\/media\/54277"}],"wp:attachment":[{"href":"https:\/\/fedai.az\/index.php?rest_route=%2Fwp%2Fv2%2Fmedia&parent=54276"}],"wp:term":[{"taxonomy":"category","embeddable":true,"href":"https:\/\/fedai.az\/index.php?rest_route=%2Fwp%2Fv2%2Fcategories&post=54276"},{"taxonomy":"post_tag","embeddable":true,"href":"https:\/\/fedai.az\/index.php?rest_route=%2Fwp%2Fv2%2Ftags&post=54276"}],"curies":[{"name":"wp","href":"https:\/\/api.w.org\/{rel}","templated":true}]}}