{"id":54282,"date":"2021-11-19T02:08:37","date_gmt":"2021-11-18T22:08:37","guid":{"rendered":"https:\/\/fedai.az\/?p=54282"},"modified":"2021-11-19T02:08:40","modified_gmt":"2021-11-18T22:08:40","slug":"taninmis-jurnalist-v%c9%99fat-edib","status":"publish","type":"post","link":"https:\/\/fedai.az\/?p=54282","title":{"rendered":"Tan\u0131nm\u0131\u015f jurnalist V\u018fFAT ED\u0130B"},"content":{"rendered":"\n<p><strong>Daxili \u0130\u015fl\u0259r Nazirliyi\u00a0Daxili Qo\u015funlar\u0131n M\u0259tbuat Xidm\u0259tinin ke\u00e7mi\u015f r\u0259isi, \u018fm\u0259kdar jurnalist, polkovnik-leytenant T\u0259ran\u0259 M\u0259mm\u0259dova d\u00fcnyas\u0131n\u0131 d\u0259yi\u015fib.<\/strong><\/p>\n\n\n\n<p>T\u0259ran\u0259 M\u0259mm\u0259dova bu g\u00fcn\u00a0Yasamal q\u0259biristanl\u0131\u011f\u0131nda d\u0259fn olunub.<\/p>\n\n\n\n<figure class=\"wp-block-image size-large is-resized\"><img loading=\"lazy\" decoding=\"async\" src=\"https:\/\/fedai.az\/wp-content\/uploads\/2021\/11\/media-69488_1637232425-wcpb3i49oxs2gan1uefk.jpg\" alt=\"\" class=\"wp-image-54283\" width=\"919\" height=\"573\" srcset=\"https:\/\/fedai.az\/wp-content\/uploads\/2021\/11\/media-69488_1637232425-wcpb3i49oxs2gan1uefk.jpg 545w, https:\/\/fedai.az\/wp-content\/uploads\/2021\/11\/media-69488_1637232425-wcpb3i49oxs2gan1uefk-300x187.jpg 300w, https:\/\/fedai.az\/wp-content\/uploads\/2021\/11\/media-69488_1637232425-wcpb3i49oxs2gan1uefk-150x94.jpg 150w, https:\/\/fedai.az\/wp-content\/uploads\/2021\/11\/media-69488_1637232425-wcpb3i49oxs2gan1uefk-115x73.jpg 115w\" sizes=\"auto, (max-width: 919px) 100vw, 919px\" \/><\/figure>\n\n\n\n<p>Onun qan t\u0259zyiqind\u0259n \u0259ziyy\u0259t \u00e7\u0259kdiyi bildirilib. Uzun m\u00fcdd\u0259t idi, m\u00fcalic\u0259 olunurdu.<\/p>\n\n\n\n<p>Xat\u0131rladaq ki, T.M\u0259mm\u0259dova 1992-2013-c\u00fc ill\u0259rd\u0259\u00a0Daxili Qo\u015funlarda\u00a0xidm\u0259t edib. &#171;\u018fsg\u0259r&#187; q\u0259zetinin ba\u015f redaktoru, Daxili Qo\u015funlar\u0131n M\u0259tbuat Xidm\u0259tinin r\u0259isi i\u015fl\u0259yib. Bak\u0131 D\u00f6vl\u0259t universitetinin jurnalistika fak\u00fclt\u0259sini bitirib. V\u0259t\u0259np\u0259rv\u0259rlik m\u00f6vzusunda q\u0259l\u0259m\u0259 ald\u0131\u011f\u0131 materiallar m\u00fcxt\u0259lif m\u0259tbu orqanlarda \u00e7ap olunub v\u0259 Az\u0259rbaycan Jurnalistl\u0259r Birliyinin &#171;H. Z\u0259rdabi m\u00fckafat\u0131na&#187; layiq g\u00f6r\u00fcl\u00fcb. \u00d6z xidm\u0259ti v\u0259zif\u0259sini layiqinc\u0259 yerin\u0259 yetirdiyin\u0259 g\u00f6r\u0259 DQ Komandanl\u0131\u011f\u0131n\u0131n \u0259mriyl\u0259 m\u00fcxt\u0259lif m\u00fckafatlarla, d\u00f6\u015f ni\u015fan\u0131 v\u0259 yubiley medallar\u0131yla t\u0259ltif edilib.<\/p>\n\n\n\n<p>Az\u0259rbaycan Respublikas\u0131 \u00f6rezidentinins\u0259r\u0259ncm\u0131yla &#171;Q\u00fcsursuz xidm\u0259tl\u0259r\u0259 g\u00f6r\u0259&#187; I, II v\u0259 III d\u0259r\u0259c\u0259li medallar\u0131yla v\u0259 &#171;&#187;\u018fsg\u0259r&#187; q\u0259zetind\u0259 \u00e7ox illik s\u0259m\u0259r\u0259li f\u0259aliyy\u0259tin\u0259 g\u00f6r\u0259 &#171;\u018fm\u0259kdar jurnalist&#187; ad\u0131na layiq g\u00f6r\u00fcl\u00fcb.<\/p>\n\n\n\n<p><strong>AVMV\u0130B R\u0259hb\u0259rliyi, AVMV\u0130B s\u0259drinin m\u00fcavini, polkovnik Salman Musayev v\u0259 Fedai.az kollektivi T\u0259ran\u0259 Oktay q\u0131z\u0131 M\u0259mm\u0259dovan\u0131n v\u0259fat\u0131ndan k\u0259d\u0259rl\u0259ndikl\u0259rini bildirir v\u0259 d\u0259rin h\u00fcznl\u0259 ba\u015fsa\u011fl\u0131\u011f\u0131 verirl\u0259r.<\/strong><\/p>\n\n\n\n<p><strong>Allah r\u0259hm\u0259t el\u0259sin!<\/strong><\/p>\n\n\n\n<p><strong>M\u0259kan\u0131 c\u0259nn\u0259t olsun<\/strong><\/p>\n","protected":false},"excerpt":{"rendered":"<p>Daxili \u0130\u015fl\u0259r Nazirliyi\u00a0Daxili Qo\u015funlar\u0131n M\u0259tbuat Xidm\u0259tinin ke\u00e7mi\u015f r\u0259isi, \u018fm\u0259kdar jurnalist, polkovnik-leytenant T\u0259ran\u0259 M\u0259mm\u0259dova d\u00fcnyas\u0131n\u0131 d\u0259yi\u015fib. T\u0259ran\u0259 M\u0259mm\u0259dova bu g\u00fcn\u00a0Yasamal q\u0259biristanl\u0131\u011f\u0131nda d\u0259fn olunub. Onun qan<\/p>\n","protected":false},"author":2,"featured_media":54284,"comment_status":"closed","ping_status":"closed","sticky":false,"template":"","format":"standard","meta":{"footnotes":""},"categories":[3],"tags":[],"class_list":["post-54282","post","type-post","status-publish","format-standard","has-post-thumbnail","hentry","category-gundm"],"aioseo_notices":[],"_links":{"self":[{"href":"https:\/\/fedai.az\/index.php?rest_route=\/wp\/v2\/posts\/54282","targetHints":{"allow":["GET"]}}],"collection":[{"href":"https:\/\/fedai.az\/index.php?rest_route=\/wp\/v2\/posts"}],"about":[{"href":"https:\/\/fedai.az\/index.php?rest_route=\/wp\/v2\/types\/post"}],"author":[{"embeddable":true,"href":"https:\/\/fedai.az\/index.php?rest_route=\/wp\/v2\/users\/2"}],"replies":[{"embeddable":true,"href":"https:\/\/fedai.az\/index.php?rest_route=%2Fwp%2Fv2%2Fcomments&post=54282"}],"version-history":[{"count":1,"href":"https:\/\/fedai.az\/index.php?rest_route=\/wp\/v2\/posts\/54282\/revisions"}],"predecessor-version":[{"id":54285,"href":"https:\/\/fedai.az\/index.php?rest_route=\/wp\/v2\/posts\/54282\/revisions\/54285"}],"wp:featuredmedia":[{"embeddable":true,"href":"https:\/\/fedai.az\/index.php?rest_route=\/wp\/v2\/media\/54284"}],"wp:attachment":[{"href":"https:\/\/fedai.az\/index.php?rest_route=%2Fwp%2Fv2%2Fmedia&parent=54282"}],"wp:term":[{"taxonomy":"category","embeddable":true,"href":"https:\/\/fedai.az\/index.php?rest_route=%2Fwp%2Fv2%2Fcategories&post=54282"},{"taxonomy":"post_tag","embeddable":true,"href":"https:\/\/fedai.az\/index.php?rest_route=%2Fwp%2Fv2%2Ftags&post=54282"}],"curies":[{"name":"wp","href":"https:\/\/api.w.org\/{rel}","templated":true}]}}