{"id":54286,"date":"2021-11-19T02:16:21","date_gmt":"2021-11-18T22:16:21","guid":{"rendered":"https:\/\/fedai.az\/?p=54286"},"modified":"2021-11-19T02:16:26","modified_gmt":"2021-11-18T22:16:26","slug":"t%c9%99brik-abdur%c9%99hmanov-salman-n%c9%99riman-oglu-52","status":"publish","type":"post","link":"https:\/\/fedai.az\/?p=54286","title":{"rendered":"T\u018fBR\u0130K: ABDUR\u018fHMANOV SALMAN N\u018fR\u0130MAN O\u011eLU &#8212; 52"},"content":{"rendered":"\n<p><strong>&nbsp;&nbsp; Y\u00fcks\u0259k pe\u015f\u0259karl\u0131\u011f\u0131 v\u0259 humanistliyi il\u0259, n\u0259z\u0259ri v\u0259 praktiki biliyi il\u0259, i\u015fg\u00fczarl\u0131\u011f\u0131 v\u0259 m\u0259n\u0259vi keyfiyy\u0259ti il\u0259, t\u0259\u015fkilat\u00e7\u0131l\u0131q bacar\u0131\u011f\u0131 il\u0259, sad\u0259liyi v\u0259 s\u0259mimiyy\u0259ti il\u0259, d\u0259qiqliyi v\u0259 t\u0259mkinliyi il\u0259&nbsp;&nbsp; se\u00e7il\u0259n&nbsp; \u00f6mr\u00fcn\u00fcn \u0259n m\u0259hsuldar d\u00f6vr\u00fcn\u00fcn 29-ild\u0259n \u00e7ox \u015f\u0259r\u0259fli xidm\u0259ti yolunu h\u0259rbi xidm\u0259td\u0259 ke\u00e7ir\u0259n ehtiyatda olan polkovnik Abdur\u0259hmanov&nbsp; Salman N\u0259riman o\u011flunun 19 noyabrda 52 ya\u015f\u0131 tamam olur.<\/strong><\/p>\n\n\n\n<p>&nbsp;&nbsp;&nbsp; Polkovnik Salman N\u0259riman o\u011flu Abdur\u0259hmanov 19 noyabr 1969-cu ild\u0259 Q\u0259b\u0259l\u0259 rayonunun M\u0259mm\u0259da\u011fal\u0131 k\u0259ndind\u0259 anadan olub.<\/p>\n\n\n\n<figure class=\"wp-block-gallery columns-2 is-cropped wp-block-gallery-1 is-layout-flex wp-block-gallery-is-layout-flex\"><ul class=\"blocks-gallery-grid\"><li class=\"blocks-gallery-item\"><figure><img loading=\"lazy\" decoding=\"async\" width=\"668\" height=\"819\" src=\"https:\/\/fedai.az\/wp-content\/uploads\/2021\/11\/I8-1.jpg\" alt=\"\" data-id=\"54288\" data-link=\"https:\/\/fedai.az\/?attachment_id=54288\" class=\"wp-image-54288\" srcset=\"https:\/\/fedai.az\/wp-content\/uploads\/2021\/11\/I8-1.jpg 668w, https:\/\/fedai.az\/wp-content\/uploads\/2021\/11\/I8-1-245x300.jpg 245w, https:\/\/fedai.az\/wp-content\/uploads\/2021\/11\/I8-1-122x150.jpg 122w\" sizes=\"auto, (max-width: 668px) 100vw, 668px\" \/><\/figure><\/li><li class=\"blocks-gallery-item\"><figure><img loading=\"lazy\" decoding=\"async\" width=\"684\" height=\"992\" src=\"https:\/\/fedai.az\/wp-content\/uploads\/2021\/11\/IMG-20211115-WA0040.jpg\" alt=\"\" data-id=\"54291\" data-full-url=\"https:\/\/fedai.az\/wp-content\/uploads\/2021\/11\/IMG-20211115-WA0040.jpg\" data-link=\"https:\/\/fedai.az\/?attachment_id=54291\" class=\"wp-image-54291\" srcset=\"https:\/\/fedai.az\/wp-content\/uploads\/2021\/11\/IMG-20211115-WA0040.jpg 684w, https:\/\/fedai.az\/wp-content\/uploads\/2021\/11\/IMG-20211115-WA0040-207x300.jpg 207w, https:\/\/fedai.az\/wp-content\/uploads\/2021\/11\/IMG-20211115-WA0040-103x150.jpg 103w\" sizes=\"auto, (max-width: 684px) 100vw, 684px\" \/><\/figure><\/li><\/ul><\/figure>\n\n\n\n<p>&nbsp;&nbsp;&nbsp;&nbsp;&nbsp; O, 1977-ci ild\u0259 Q\u0259b\u0259l\u0259 rayonunun M\u0259mm\u0259da\u011fal\u0131 k\u0259nd orta m\u0259kt\u0259binin birinci sinfin\u0259 getmi\u015f,&nbsp; 1987-ci ild\u0259&nbsp; Bak\u0131 \u015f\u0259h\u0259ri&nbsp; 1 n\u00f6mr\u0259li&nbsp; fizika-riyaziyyat&nbsp; t\u0259may\u00fcll\u00fc orta m\u0259kt\u0259bi ,1989 -cu&nbsp; ild\u0259&nbsp; SSR\u0130 Daxili \u0130\u015fl\u0259r Nazirliyinin&nbsp; Da\u015fk\u0259nd \u015f\u0259h\u0259rind\u0259 yerl\u0259\u015f\u0259n Ali kurslar\u0131nda&nbsp; gizirl\u0259r m\u0259kt\u0259bini, 1993-c\u00fc ild\u0259&nbsp;&nbsp; Daxili \u0130\u015fl\u0259r Nazirliyinin \u00d6zb\u0259kistan Respublikas\u0131n\u0131n&nbsp; Da\u015fk\u0259nd \u015f\u0259h\u0259rind\u0259&nbsp; yerl\u0259\u015f\u0259n Ali h\u0259rbi&nbsp; m\u0259kt\u0259bi , 1998 -ci ild\u0259 M\u00fcdafiy\u0259&nbsp; Nazirliyinin Qaraheyb\u0259td\u0259 yerl\u0259\u015f\u0259n Zabitl\u0259rin t\u0259hkiml\u0259\u015fdirm\u0259 ( ixtisas art\u0131rma)&nbsp; kursunu bitrib. Salman Abdur\u0259hmanov&nbsp; Daxili Qo\u015funlarda xidm\u0259t etdiyi ill\u0259r \u0259rzind\u0259 bir \u00e7ox metodiki-t\u0259lim toplan\u0131\u015flar\u0131nda, konfranslarda v\u0259 seminarlarda f\u0259al&nbsp; i\u015ftirak etmi\u015fdir.O,h\u0259rbi&nbsp; t\u0259c\u00fcrb\u0259 \u0259ld\u0259 etm\u0259k m\u0259qs\u0259dil\u0259&nbsp;&nbsp; T\u00fcrkiy\u0259 C\u00fcmhuriyy\u0259tinin Silahli Q\u00fcvv\u0259l\u0259rinin&nbsp; Ankara, \u0130tanbul v\u0259 \u0130zmir \u015f\u0259h\u0259rl\u0259rind\u0259 yerl\u0259\u015f\u0259n h\u0259rbi hiss\u0259l\u0259rind\u0259 v\u0259 h\u0259rbi m\u0259kt\u0259bl\u0259rind\u0259&nbsp; olmu\u015fdur.<\/p>\n\n\n\n<p>&nbsp;&nbsp;&nbsp;&nbsp;&nbsp;&nbsp; Ehtiyatda olan polkovnik Abdur\u0259hmanov Salman N\u0259riman o\u011flu&nbsp; 1987 -2016-ci ill\u0259rd\u0259 SSR\u0130 Daxili \u0130\u015fl\u0259r Nazirliyinin&nbsp; Daxili Qo\u015funlar\u0131n&nbsp; Da\u015fk\u0259nt v\u0259 S\u0259m\u0259rq\u0259nd&nbsp; \u015f\u0259h\u0259rind\u0259 yerl\u0259\u015f\u0259n h\u0259rbi hiss\u0259l\u0259rind\u0259 m\u00fcddd\u0259tli h\u0259qqi h\u0259rbi xidm\u0259td\u0259 manqa komandiri v\u0259zif\u0259sind\u0259,&nbsp; SSR\u0130 Daxili Qo\u015funlar\u0131n&nbsp; \u00d6zb\u0259kistan Respublikas\u0131nda yerl\u0259\u015f\u0259n h\u0259rbi hiss\u0259l\u0259rind\u0259&nbsp; m\u00fcxt\u0259lif v\u0259zif\u0259l\u0259rd\u0259, Az\u0259rbaycan Respublikas\u0131n\u0131n Daxili \u0130\u015fl\u0259r Nazirliyinin Daxili Qo\u015funlar\u0131n Ba\u015f \u0130dar\u0259sinin&nbsp; Sumqay\u0131t, L\u0259nk\u0259ran v\u0259 Nax\u00e7\u0131van \u015f\u0259h\u0259rl\u0259rind\u0259 yerl\u0259\u015f\u0259n h\u0259rbi hiss\u0259l\u0259rind\u0259 b\u00f6luk komandirinin t\u0259rbiy\u0259vi i\u015fl\u0259r \u00fczr\u0259 m\u00fcavini,&nbsp; q\u0259rargah r\u0259isinin xidm\u0259t \u00fczr\u0259 k\u00f6m\u0259k\u00e7isi,&nbsp; q\u0259rargah r\u0259isinin m\u00fcavini, h\u0259rbi hiss\u0259 komandirinin m\u00fcavinini-q\u0259rargah r\u0259isi, Daxili Qo\u015funlar\u0131n Bas \u0130dar\u0259sinin Q\u0259rargah\u0131nda is\u0259 t\u0259\u015fkilat- komplekl\u0259\u015fdirm\u0259 \u015f\u00f6b\u0259sinin r\u0259isi v\u0259zif\u0259l\u0259rind\u0259 V\u0259t\u0259n\u0259, D\u00f6vl\u0259t\u0259&nbsp; v\u0259 Xalqa s\u0259daq\u0259tl\u0259 xidm\u0259t etmi\u015fdir.<\/p>\n\n\n\n<figure class=\"wp-block-image size-large\"><img loading=\"lazy\" decoding=\"async\" width=\"1024\" height=\"768\" src=\"https:\/\/fedai.az\/wp-content\/uploads\/2021\/11\/IMG-20211115-WA0042-1024x768.jpg\" alt=\"\" class=\"wp-image-54290\" srcset=\"https:\/\/fedai.az\/wp-content\/uploads\/2021\/11\/IMG-20211115-WA0042-1024x768.jpg 1024w, https:\/\/fedai.az\/wp-content\/uploads\/2021\/11\/IMG-20211115-WA0042-300x225.jpg 300w, https:\/\/fedai.az\/wp-content\/uploads\/2021\/11\/IMG-20211115-WA0042-150x113.jpg 150w, https:\/\/fedai.az\/wp-content\/uploads\/2021\/11\/IMG-20211115-WA0042-768x576.jpg 768w, https:\/\/fedai.az\/wp-content\/uploads\/2021\/11\/IMG-20211115-WA0042.jpg 1280w\" sizes=\"auto, (max-width: 1024px) 100vw, 1024px\" \/><\/figure>\n\n\n\n<p>\u00a0\u00a0\u00a0\u00a0\u00a0\u00a0\u00a0 O, Daxili Qo\u015funlarda xidm\u0259t etdiyi ill\u0259r \u0259rzind\u0259 \u00f6zun\u00fc u\u015faq vaxtlar\u0131ndan, g\u00f6z\u0259l ail\u0259 v\u0259 m\u0259kt\u0259b t\u0259rbiy\u0259si il\u0259 b\u00f6y\u00fcm\u00fc\u015f, \u0259xlaq\u0131 t\u0259rbiy\u0259si yerind\u0259 olan, nizam v\u0259 intizaml\u0131 h\u0259rbi\u00e7i kimi g\u00f6st\u0259rmi\u015fdir. O i\u015fl\u0259diyi v\u0259 oxudu\u011fu\u00a0\u00a0 t\u0259hsil m\u00fc\u0259ssis\u0259l\u0259rind\u0259, ya\u015fad\u0131\u011f\u0131 \u0259razid\u0259\u00a0 kollektiv aras\u0131nda h\u0259mi\u015f\u0259 m\u00fcsb\u0259t m\u0259nada se\u00e7il\u0259r\u0259k, ba\u015fqalar\u0131 \u00fc\u00e7\u00fcn\u00a0 n\u00fcmun\u0259 olmu\u015fdur.<\/p>\n\n\n\n<p>&nbsp;&nbsp;&nbsp;&nbsp;&nbsp; Salman N\u0259riman o\u011flu Abdur\u0259hmanov&nbsp; Daxili Qo\u015funlar\u0131n h\u0259rbi his\u0259l\u0259rind\u0259 v\u0259 Ba\u015f \u0130dar\u0259sind\u0259 m\u00fcxt\u0259lif r\u0259hb\u0259r v\u0259zif\u0259l\u0259rd\u0259&nbsp; (h\u0259rbi his\u0259 komandirinin m\u00fcavinini-q\u0259rargah r\u0259isi, h\u0259rb\u0131 hiss\u0259 komandirinin \u0259v\u0259zi, \u015f\u00f6b\u0259 r\u0259isi v\u0259zif\u0259l\u0259rind\u0259 ) xidm\u0259t etdiyi ill\u0259r \u0259rzind\u0259 bir \u00e7ox komissiyalar\u0131n, yekun t\u0259lim&nbsp; m\u0259qs\u0259dli v\u0259 kompleks qrupun&nbsp; \u00fczv\u00fc v\u0259 r\u0259hb\u0259ri&nbsp; oldu\u011fu m\u00fcdd\u0259td\u0259 \u00fcz\u0259rin\u0259 d\u00fcs\u0259n v\u0259zif\u0259 v\u0259 tap\u015f\u0131r\u0131qlar\u0131n \u00f6hd\u0259sind\u0259n layiqinc\u0259 g\u0259lmi\u015fdir.<\/p>\n\n\n\n<p>&nbsp;&nbsp; &nbsp;&nbsp;&nbsp;&nbsp;&nbsp;Az\u0259rbaycan Respublikas\u0131nda ictimai qaydan\u0131n v\u0259 ictimai t\u0259hl\u00fck\u0259sizliyin qorunmasnda, \u015f\u0259h\u0259rd\u0259, ya\u015fay\u0131\u015f v\u0259 c\u0259za\u00e7\u0259km\u0259 m\u00fc\u0259ssis\u0259l\u0259rind\u0259 ba\u015f vermi\u015f ixt\u015fa\u015flar\u0131n qar\u015f\u0131s\u0131n\u0131n al\u0131nmas\u0131nda, cinay\u0259tkarl\u0131\u011fa qar\u015f\u0131 m\u00fcbariz\u0259d\u0259, f\u00f6vqalad\u0259 v\u0259ziyy\u0259t zaman\u0131 h\u00fcquqi rejim karantin t\u0259dbirl\u0259rinin h\u0259yata ke\u00e7irilm\u0259sind\u0259, d\u00f6vl\u0259tin \u0259razi&nbsp; b\u00fct\u00f6vl\u00fcy\u00fcn\u00fcn t\u0259min edilm\u0259sind\u0259 \u00fcz\u0259rin\u0259 d\u00fcs\u0259n v\u0259zif\u0259 v\u0259 tap\u015f\u0131r\u0131qlar\u0131 m\u0259suliyy\u0259tl\u0259 v\u0259 \u015f\u0259r\u0259f hissi il\u0259 yer\u0131n\u0259 yetirmi\u015fdir.<\/p>\n\n\n\n<figure class=\"wp-block-image size-large is-resized\"><img loading=\"lazy\" decoding=\"async\" src=\"https:\/\/fedai.az\/wp-content\/uploads\/2021\/11\/IMG-20211116-WA0009.jpg\" alt=\"\" class=\"wp-image-54289\" width=\"921\" height=\"921\"\/><\/figure>\n\n\n\n<p>&nbsp;&nbsp;&nbsp;&nbsp;&nbsp;&nbsp; Az\u0259rbaycan respublikas\u0131n\u0131n Konstitusiyas\u0131na v\u0259 Qanunlar\u0131na \u0259m\u0259l etm\u0259kd\u0259, h\u0259rbi nizamnam\u0259l\u0259rin, h\u0259rbi and\u0131n t\u0259l\u0259bl\u0259rin\u0259 v\u0259 v\u0259zif\u0259 borcuna \u0259m\u0259l etm\u0259kd\u0259&nbsp; tabe\u00e7iliyind\u0259 olanlar&nbsp; \u00fc\u00e7\u00fcn n\u00fcmun\u0259 olmu\u015fdur.<\/p>\n\n\n\n<p>&nbsp;&nbsp;&nbsp;&nbsp;&nbsp; Polkovnik Abdur\u0259hmanov Salman N\u0259riman o\u011flu qorxmaz, s\u0259xav\u0259tli, \u0259lia\u00e7\u0131q, z\u0259hm\u0259tke\u015f ba\u015f zabit olmu\u015fdur. O&nbsp; , ist\u0259r t\u0259hsil ald\u0131\u011f\u0131 orta v\u0259 ali t\u0259hsil m\u00fc\u0259s\u0259l\u0259rind\u0259, ist\u0259rs\u0259 d\u0259 qohum-\u0259qraba, xidm\u0259t etdiyi v\u0259 i\u015fl\u0259diyi&nbsp; kollektiv, dost-tan\u0131\u015f&nbsp; aras\u0131nda \u00f6z\u00fcn\u0259 layiq h\u00f6rm\u0259t qazanm\u0131\u015fd\u0131r.<\/p>\n\n\n\n<p>&nbsp;&nbsp;&nbsp;&nbsp;&nbsp;&nbsp; H\u0259rbi xidm\u0259ti v\u0259zif\u0259l\u0259rinin icras\u0131 zaman\u0131 y\u00fcks\u0259k m\u0259n\u0259vi- d\u00f6y\u00fc\u015f keyfiyy\u0259tl\u0259ri g\u00f6st\u0259rdiyin\u0259 g\u00f6r\u0259, d\u00f6y\u00fc\u015f v\u0259 ictimai siyasi haz\u0131rl\u0131\u011f\u0131nda, h\u0259rbi&nbsp; intizam\u0131n m\u00f6hk\u0259ml\u0259ndirilm\u0259sind\u0259 y\u00fcks\u0259k g\u00f6st\u0259ricil\u0259r\u0259 nail oldu\u011funa v\u0259 n\u00fcmun\u0259vi xidm\u0259tin\u0259 v\u0259 h\u0259rbi v\u0259zif\u0259l\u0259rinin yerin\u0259 yetirilm\u0259sin\u0259 m\u0259suliyy\u0259tl\u0259 yana\u015fd\u0131\u011f\u0131na g\u00f6r\u0259 Daxili \u0130\u015fl\u0259r Nazirinin, Daxili Qo\u015funlar Komandan\u0131n v\u0259 onun m\u00fcavinl\u0259rinin, h\u0259rbi m\u0259kt\u0259b r\u0259isinin, h\u0259rbi hiss\u0259 komandirinin v\u0259 onun m\u00fcavinl\u0259rinin m\u00fcvafiq \u0259mrl\u0259ri il\u0259 \u0259la xidm\u0259tl\u0259r\u0259 g\u00f6r\u0259 d\u00f6\u015f v\u0259 yubiley ni\u015fanlar\u0131 il\u0259, pul m\u00fckafatlar\u0131 il\u0259, f\u0259xri f\u0259rmanlarla, qiym\u0259tli h\u0259diyy\u0259l\u0259rl\u0259 m\u00fckafatland\u0131rl\u0131b v\u0259 ona t\u0259\u015f\u0259kk\u00fcr elan edilib.<\/p>\n\n\n\n<figure class=\"wp-block-image size-large\"><img loading=\"lazy\" decoding=\"async\" width=\"999\" height=\"682\" src=\"https:\/\/fedai.az\/wp-content\/uploads\/2021\/11\/IMG-20211115-WA0039.jpg\" alt=\"\" class=\"wp-image-54292\" srcset=\"https:\/\/fedai.az\/wp-content\/uploads\/2021\/11\/IMG-20211115-WA0039.jpg 999w, https:\/\/fedai.az\/wp-content\/uploads\/2021\/11\/IMG-20211115-WA0039-300x205.jpg 300w, https:\/\/fedai.az\/wp-content\/uploads\/2021\/11\/IMG-20211115-WA0039-150x102.jpg 150w, https:\/\/fedai.az\/wp-content\/uploads\/2021\/11\/IMG-20211115-WA0039-768x524.jpg 768w\" sizes=\"auto, (max-width: 999px) 100vw, 999px\" \/><\/figure>\n\n\n\n<p>&nbsp;&nbsp;&nbsp;&nbsp;&nbsp;&nbsp;&nbsp;&nbsp; Xidm\u0259td\u0259 f\u0259riql\u0259ndiyin\u0259 g\u00f6r\u0259 SSR\u0130 Ali Soveti v\u0259 Az\u0259rbaycan Respublikas\u0131n\u0131n Prezidenti ad\u0131ndan &#171;Silahl\u0131 Q\u00fcvv\u0259l\u0259r Veteran\u0131&#187;, &#171;Q\u00fcsursuz xidm\u0259tl\u0259r\u0259 g\u00f6r\u0259&#187; 1-ci, 2-ci,v\u0259 3-c\u00fc d\u0259r\u0259c\u0259li, &#171;Silahll Q\u00fcvv\u0259l\u0259rin yaranmas\u0131n\u0131n &#187; is\u0259 70- illiyi, 10-illiyi,90 -illiyi v\u0259 95-illiyi yubleyi medallar\u0131 il\u0259 t\u0259ltif edilib.<\/p>\n\n\n\n<p>&nbsp;&nbsp;&nbsp;&nbsp;&nbsp; O,Daxili \u0130\u015fl\u0259r Nazirliyinin Daxili Qo\u015funlar\u0131na h\u0259val\u0259 edilmi\u015f v\u0259zif\u0259 v\u0259 tap\u015f\u0131r\u0131qlar\u0131n yerin\u0259 yetirilm\u0259sind\u0259, silahl\u0131 d\u0259st\u0259l\u0259rin z\u0259r\u0259rsizl\u0259\u015fdirilm\u0259sind\u0259, cinay\u0259tkarl\u0131\u011fa qar\u015f\u0131 m\u00fcbariz\u0259d\u0259, ictimai t\u0259hl\u00fck\u0259sizliyin t\u0259min edilm\u0259sind\u0259, D\u00f6vl\u0259tin \u0259razi b\u00fct\u00f6vl\u00fcy\u00fcn\u00fcn t\u0259min olunmas\u0131nda, d\u00f6y\u00fc\u015f v\u0259 x\u00fcsusi \u0259m\u0259liyyatlar zaman\u0131 f\u0259riql\u0259ndiyin\u0259 g\u00f6r\u0259 Az\u0259rbaycan Respublikas\u0131n\u0131n Prez\u0131dentinin m\u00fcvafiq s\u0259r\u0259ncam\u0131 il\u0259 &#171;H\u0259rbi xidm\u0259tl\u0259r\u0259 g\u00f6r\u0259 &#171;medal\u0131 il\u0259 t\u0259ltif edilib.<\/p>\n\n\n\n<figure class=\"wp-block-image size-large\"><img loading=\"lazy\" decoding=\"async\" width=\"999\" height=\"692\" src=\"https:\/\/fedai.az\/wp-content\/uploads\/2021\/11\/IMG-20211115-WA0038.jpg\" alt=\"\" class=\"wp-image-54293\" srcset=\"https:\/\/fedai.az\/wp-content\/uploads\/2021\/11\/IMG-20211115-WA0038.jpg 999w, https:\/\/fedai.az\/wp-content\/uploads\/2021\/11\/IMG-20211115-WA0038-300x208.jpg 300w, https:\/\/fedai.az\/wp-content\/uploads\/2021\/11\/IMG-20211115-WA0038-150x104.jpg 150w, https:\/\/fedai.az\/wp-content\/uploads\/2021\/11\/IMG-20211115-WA0038-768x532.jpg 768w\" sizes=\"auto, (max-width: 999px) 100vw, 999px\" \/><\/figure>\n\n\n\n<p>&nbsp;&nbsp;&nbsp;&nbsp;&nbsp; Ehtiyatda olan polkovnik Abdur\u0259hmanov Salman N\u0259riman o\u011flunun h\u0259yat yolda\u015f\u0131 Nigar xan\u0131m da \u00f6mr\u00fcn\u00fcn&nbsp; \u0259n&nbsp; m\u0259hsuldar d\u00f6vr\u00fcn\u00fcn&nbsp; 20 ild\u0259n cox \u015f\u0259r\u0259fli xidm\u0259ti yolunu Daxili \u0130\u015fl\u0259r Nazirliyinin Daxili Qo\u015funlar\u0131n\u0131n h\u0259rbi hiss\u0259l\u0259rind\u0259 kecirir\u0259r\u0259k V\u0259t\u0259n\u0259, D\u00f6vl\u0259t\u0259&nbsp; v\u0259 xalqa s\u0259daq\u0259tl\u0259 xidm\u0259t etmi\u015fdir. Nigar xan\u0131m xidm\u0259td\u0259 f\u0259riql\u0259ndiyin\u0259 g\u00f6r\u0259&nbsp; d\u00f6\u015f, v\u0259 yubiley ni\u015fanlar\u0131 il\u0259 v\u0259 m\u00fcvafiq medallar il\u0259 t\u0259ltif edilib.O\u011flu Kapitan R\u0259hman&nbsp;&nbsp; Abdur\u0259hmanov&nbsp; Az\u0259rbaycan Respublikas\u0131n\u0131n Prez\u0131dent\u0131n\u0131n m\u00fcvafiq s\u0259r\u0259ncam\u0131 il\u0259&nbsp;&nbsp;&nbsp;&nbsp; F\u00fczulinin, C\u0259bray\u0131l\u0131n v\u0259 Xocav\u0259ndin azad olunmas\u0131 v\u0259 \u00c7\u0259sur d\u00f6y\u00fc\u015f\u00e7\u00fc medallari il\u0259, Az\u0259rbaycan Respublikas\u0131nin Prezidenti ad\u0131ndan is\u0259 M\u00fcdafi\u0259 Nazirinin m\u00fcvaiq \u0259mrl\u0259ri il\u0259 &#171;Silahl\u0131 Q\u00fcvv\u0259l\u0259rin yaranmas\u0131n\u0131n&#187; 95 v\u0259 100-iliyi yubley&nbsp; medalari il\u0259 il\u0259 t\u0259ltif edilib.<\/p>\n\n\n\n<p><strong>DO\u011eUM G\u00dcN\u00dcN M\u00dcBAR\u018fK OLSUN<\/strong>, <strong>SALMAN B\u018fY!<\/strong><\/p>\n\n\n\n<p><strong>DA\u0130MA XO\u015eB\u018fXT V\u018f F\u0130RAVAN YA\u015eA<\/strong>!<\/p>\n\n\n\n<p><strong>ALLAH S\u018fN\u0130 B\u00dcT\u00dcN ARZULARINA \u00c7ATDIRSIN.<\/strong><\/p>\n\n\n\n<p><strong>\u00d6MR\u00dcN UZUN OLSUN 100 YA\u015eA.<\/strong><\/p>\n\n\n\n<p><strong>D\u0259rin h\u00f6rm\u0259tl\u0259, Az\u0259rbaycan V\u0259t\u0259n M\u00fcharib\u0259si Veteranlar\u0131 \u0130ctimai Birliyinin s\u0259dr m\u00fcavini polkovnik Salman Musayev<\/strong><\/p>\n\n\n\n<figure class=\"wp-block-gallery columns-2 is-cropped wp-block-gallery-2 is-layout-flex wp-block-gallery-is-layout-flex\"><ul class=\"blocks-gallery-grid\"><li class=\"blocks-gallery-item\"><figure><img decoding=\"async\" src=\"https:\/\/fedai.az\/wp-content\/uploads\/2021\/11\/IMG-20211115-WA0043-576x1024.jpg\" alt=\"\" data-id=\"54294\" data-link=\"https:\/\/fedai.az\/?attachment_id=54294\" class=\"wp-image-54294\"\/><\/figure><\/li><li class=\"blocks-gallery-item\"><figure><img loading=\"lazy\" decoding=\"async\" width=\"600\" height=\"600\" src=\"https:\/\/fedai.az\/wp-content\/uploads\/2021\/11\/8265a327389da9fe4fdc2714b309120e-1.jpg\" alt=\"\" data-id=\"54295\" data-full-url=\"https:\/\/fedai.az\/wp-content\/uploads\/2021\/11\/8265a327389da9fe4fdc2714b309120e-1.jpg\" data-link=\"https:\/\/fedai.az\/?attachment_id=54295\" class=\"wp-image-54295\" srcset=\"https:\/\/fedai.az\/wp-content\/uploads\/2021\/11\/8265a327389da9fe4fdc2714b309120e-1.jpg 600w, https:\/\/fedai.az\/wp-content\/uploads\/2021\/11\/8265a327389da9fe4fdc2714b309120e-1-300x300.jpg 300w, https:\/\/fedai.az\/wp-content\/uploads\/2021\/11\/8265a327389da9fe4fdc2714b309120e-1-150x150.jpg 150w, https:\/\/fedai.az\/wp-content\/uploads\/2021\/11\/8265a327389da9fe4fdc2714b309120e-1-215x215.jpg 215w\" sizes=\"auto, (max-width: 600px) 100vw, 600px\" \/><\/figure><\/li><\/ul><\/figure>\n","protected":false},"excerpt":{"rendered":"<p>&nbsp;&nbsp; Y\u00fcks\u0259k pe\u015f\u0259karl\u0131\u011f\u0131 v\u0259 humanistliyi il\u0259, n\u0259z\u0259ri v\u0259 praktiki biliyi il\u0259, i\u015fg\u00fczarl\u0131\u011f\u0131 v\u0259 m\u0259n\u0259vi keyfiyy\u0259ti il\u0259, t\u0259\u015fkilat\u00e7\u0131l\u0131q bacar\u0131\u011f\u0131 il\u0259, sad\u0259liyi v\u0259 s\u0259mimiyy\u0259ti il\u0259, d\u0259qiqliyi<\/p>\n","protected":false},"author":2,"featured_media":54296,"comment_status":"closed","ping_status":"closed","sticky":false,"template":"","format":"standard","meta":{"footnotes":""},"categories":[5],"tags":[],"class_list":["post-54286","post","type-post","status-publish","format-standard","has-post-thumbnail","hentry","category-veteran"],"aioseo_notices":[],"_links":{"self":[{"href":"https:\/\/fedai.az\/index.php?rest_route=\/wp\/v2\/posts\/54286","targetHints":{"allow":["GET"]}}],"collection":[{"href":"https:\/\/fedai.az\/index.php?rest_route=\/wp\/v2\/posts"}],"about":[{"href":"https:\/\/fedai.az\/index.php?rest_route=\/wp\/v2\/types\/post"}],"author":[{"embeddable":true,"href":"https:\/\/fedai.az\/index.php?rest_route=\/wp\/v2\/users\/2"}],"replies":[{"embeddable":true,"href":"https:\/\/fedai.az\/index.php?rest_route=%2Fwp%2Fv2%2Fcomments&post=54286"}],"version-history":[{"count":1,"href":"https:\/\/fedai.az\/index.php?rest_route=\/wp\/v2\/posts\/54286\/revisions"}],"predecessor-version":[{"id":54297,"href":"https:\/\/fedai.az\/index.php?rest_route=\/wp\/v2\/posts\/54286\/revisions\/54297"}],"wp:featuredmedia":[{"embeddable":true,"href":"https:\/\/fedai.az\/index.php?rest_route=\/wp\/v2\/media\/54296"}],"wp:attachment":[{"href":"https:\/\/fedai.az\/index.php?rest_route=%2Fwp%2Fv2%2Fmedia&parent=54286"}],"wp:term":[{"taxonomy":"category","embeddable":true,"href":"https:\/\/fedai.az\/index.php?rest_route=%2Fwp%2Fv2%2Fcategories&post=54286"},{"taxonomy":"post_tag","embeddable":true,"href":"https:\/\/fedai.az\/index.php?rest_route=%2Fwp%2Fv2%2Ftags&post=54286"}],"curies":[{"name":"wp","href":"https:\/\/api.w.org\/{rel}","templated":true}]}}