{"id":54298,"date":"2021-11-19T02:26:50","date_gmt":"2021-11-18T22:26:50","guid":{"rendered":"https:\/\/fedai.az\/?p=54298"},"modified":"2021-11-19T02:26:55","modified_gmt":"2021-11-18T22:26:55","slug":"t%c9%99brik-huseynov-sahid-huseyin-oglu-59","status":"publish","type":"post","link":"https:\/\/fedai.az\/?p=54298","title":{"rendered":"T\u018fBR\u0130K: H\u00dcSEYNOV \u015eAH\u0130D H\u00dcSEY\u0130N \u00d6\u011eLU &#8212; 59"},"content":{"rendered":"\n<p><strong>&nbsp;&nbsp; \u0130nsan \u00fc\u00e7\u00fcn \u0259n yadda qalan g\u00fcnl\u0259rd\u0259n biri d\u0259&nbsp; onun&nbsp; do\u011fum g\u00fcn\u00fcd\u00fcr. Ya\u015f\u0131n\u0131n \u00fcst\u0259 ya\u015f qaland\u0131qca insan daha da kamil<\/strong><strong>l<\/strong><strong>\u0259\u015fir. Bel\u0259 insanlardan biri d\u0259 y\u00fcks\u0259k pe\u015f\u0259karl\u0131\u011f\u0131 v\u0259 humanistliyi il\u0259, n\u0259z\u0259ri v\u0259 praktiki biliyi il\u0259, sad\u0259liyi v\u0259 s\u0259mimiyy\u0259t<\/strong><strong>i<\/strong><strong> il\u0259, d\u0259qiqliyi v\u0259 t\u0259mkinliyi il\u0259, i\u015fg\u00fczarl\u0131\u011f\u0131 v\u0259 m\u0259n\u0259vi keyfiyy\u0259ti <\/strong><strong>i<\/strong><strong>l\u0259, t\u0259\u015fkilat\u00e7\u0131l\u0131q bacar\u0131\u011f\u0131 <\/strong><strong>il<\/strong><strong>\u0259 se\u00e7il\u0259n \u00f6m\u00fcr\u00fcn m\u0259hsuldar d\u00f6vr\u00fcn\u00fcn&nbsp; 21 ild\u0259n \u00e7ox \u015f\u0259r\u0259fli xidm\u0259t yolunu Daxili \u0130\u015fl\u0259r Nazirliyinin \u0130slah-\u0259m\u0259k (c\u0259za\u00e7\u0259km\u0259) m\u00fc\u0259ssis\u0259l\u0259rind\u0259 v\u0259 Daxili&nbsp; Qosunlarda&nbsp; ke\u00e7ir\u0259n&nbsp; m\u00fcharib\u0259 veteran\u0131 ehtiyatda olan&nbsp; mayor H\u00fcseynov \u015eahid H\u00fcseyin o\u011flunuun&nbsp; 19 noyabr<\/strong><strong>da<\/strong><strong> 59 ya\u015f\u0131 tamam olur.<\/strong><\/p>\n\n\n\n<p><strong>\u00a0\u00a0 Bu \u0259lam\u0259tdar g\u00fcn m\u00fcnasib\u0259til\u0259 Avmvib r\u0259hb\u0259rliyi v\u0259 Az\u0259rbaycan V\u0259t\u0259n M\u00fcharib\u0259si Veteranlar\u0131 \u0130ctimai\u00a0 Birliyinin s\u0259dr m\u00fcavini polkovnik Salman Musayev M\u00fcharib\u0259 veteran\u0131\u00a0 ehtiyatda olan mayor H\u00fcseynov \u015eahid H\u00fcseyin o\u011flunu do\u011fum g\u00fcn\u00fc m\u00fcnasib\u0259til\u0259 s\u0259mimi q\u0259lbd\u0259n t\u0259brik edir, ona h\u0259yatda insan \u00fc\u00e7\u00fcn \u0259n \u015firin nem\u0259t olan m\u00f6hk\u0259m can sa\u011fl\u0131\u011f\u0131, ail\u0259 s\u0259ad\u0259ti v\u0259 h\u0259yat yollarinda bitib &#8212; t\u00fck\u0259nm\u0259y\u0259n nailiyy\u0259tl\u0259r arzulay\u0131r. Amin !<\/strong><\/p>\n\n\n\n<figure class=\"wp-block-gallery columns-2 is-cropped wp-block-gallery-1 is-layout-flex wp-block-gallery-is-layout-flex\"><ul class=\"blocks-gallery-grid\"><li class=\"blocks-gallery-item\"><figure><img decoding=\"async\" src=\"https:\/\/fedai.az\/wp-content\/uploads\/2021\/11\/IMG-20211116-WA0028-776x1024.jpg\" alt=\"\" data-id=\"54299\" data-link=\"https:\/\/fedai.az\/?attachment_id=54299\" class=\"wp-image-54299\"\/><\/figure><\/li><li class=\"blocks-gallery-item\"><figure><img decoding=\"async\" src=\"https:\/\/fedai.az\/wp-content\/uploads\/2021\/11\/20211117_092125.jpg\" alt=\"\" data-id=\"54300\" data-full-url=\"https:\/\/fedai.az\/wp-content\/uploads\/2021\/11\/20211117_092125.jpg\" data-link=\"https:\/\/fedai.az\/?attachment_id=54300\" class=\"wp-image-54300\"\/><\/figure><\/li><\/ul><\/figure>\n\n\n\n<p>&nbsp;&nbsp;&nbsp; Qoy ya\u015f\u0131n\u0131n \u00fcst\u0259 g\u0259l\u0259n bu ya\u015f ona sevinc dolu g\u00fcnl\u0259r b\u0259x\u015f etsin v\u0259 h\u0259r yeni g\u00fcn\u00fc is\u0259 \u00f6t\u0259n g\u00fcnl\u0259rd\u0259n daha g\u00f6z\u0259l ist\u0259kl\u0259rin\u0259 uy\u011fun onu xo\u015fb\u0259xt ed\u0259c\u0259k \u015f\u0259kild\u0259 ke\u00e7sin.<\/p>\n\n\n\n<p>M\u00fcharib\u0259 Veteran\u0131 ehtiyatda olan mayor H\u00fcseynov \u015eahid H\u00fcseyin o\u011flu 19 noyabr&nbsp; 1962-ci ild\u0259 Sabirabad rayonunun Qara\u011fac k\u0259ndind\u0259 anadan olub.<\/p>\n\n\n\n<p>\u00a0\u00a0 O, 1979-cu ild\u0259 Sabirabad rayonunun Qara\u011fac k\u0259nd orta m\u0259kt\u0259bini, 1984-ci ild\u0259\u00a0\u00a0 is\u0259 Sankt-Peterburq\u00a0 (Leninqrad) \u015f\u0259h\u0259rind\u0259 Me\u015f\u0259 Texniki Akademiyas\u0131n\u0131 bitrib.<\/p>\n\n\n\n<p>\u00a0\u00a0\u00a0 O, 1979-cu ild\u0259 Sabirabad rayonunun Qara\u011fac k\u0259nd orta m\u0259kt\u0259bini, 1984-c\u00fc ild\u0259 is\u0259 Sankt-Peterburq \u015f\u0259h\u0259rind\u0259 Me\u015f\u0259 Texniki Akademiyas\u0131n\u0131 bitrib.<\/p>\n\n\n\n<p>&nbsp;&nbsp;&nbsp; \u015eahid H\u00fcseyin o\u011flunu H\u00fcseynov 1984- 1992-ci ill\u0259rd\u0259 Daxili \u0130\u015fl\u0259r Nazirliyinin Bak\u0131 \u015f\u0259h\u0259rind\u0259 yerl\u0259\u015f\u0259n islah-\u0259m\u0259k (c\u0259za\u00e7\u0259km\u0259) m\u00fc\u0259ssis\u0259l\u0259rind\u0259 m\u00fcxt\u0259lif v\u0259zif\u0259l\u0259rd\u0259, 1992-2013-c\u00fc il\u0259rd\u0259 is\u0259 Daxili \u0130\u015fl\u0259r Nazirliyinin Daxili Daxili Qo\u015funlar\u0131n Ba\u015f idar\u0259sinin \u015eirvan (\u018flibayraml\u0131), Nax\u00e7\u0131van v\u0259 Bak\u0131 \u015f\u0259h\u0259rl\u0259rind\u0259 yerl\u0259\u015f\u0259n h\u0259rbi hiss\u0259l\u0259rd\u0259, ali h\u0259rbi m\u0259kt\u0259bd\u0259 xidm\u0259t r\u0259si, Daxili Qo\u015funlar\u0131n Bas \u0130dar\u0259sinin m\u00fcvafiq \u015f\u00f6b\u0259sind\u0259&nbsp; is\u0259 qrup r\u0259isi&nbsp;&nbsp; (ba\u015f zabit) v\u0259zif\u0259l\u0259rind\u0259 V\u0259t\u0259n\u0259 D\u00f6vl\u0259t\u0259 v\u0259 xalqa s\u0259daq\u0259tl\u0259 xidm\u0259t etmi\u015fdir.<\/p>\n\n\n\n<p>&nbsp;&nbsp;&nbsp;&nbsp; Az\u0259rbaycan respublikas\u0131n\u0131n Konstitusiyas\u0131na v\u0259 Qanunlar\u0131na \u0259m\u0259l etm\u0259kd\u0259, h\u0259rbi nizamnam\u0259l\u0259rin, h\u0259rbi and\u0131n t\u0259l\u0259bl\u0259rin\u0259 v\u0259 v\u0259zif\u0259 borcuna \u0259m\u0259l etm\u0259kd\u0259&nbsp; tabe\u00e7iliyind\u0259 olanlar&nbsp; \u00fc\u00e7\u00fcn n\u00fcmun\u0259 olmu\u015fdur.<\/p>\n\n\n\n<p>\u00a0\u00a0 O, Daxili Qo\u015funlarda xidm\u0259t etdiyi ill\u0259r \u0259rzind\u0259 \u00f6zun\u00fc u\u015faq vaxtlar\u0131ndan, g\u00f6z\u0259l ail\u0259 v\u0259 m\u0259kt\u0259b t\u0259rbiy\u0259si il\u0259 b\u00f6y\u00fcm\u00fc\u015f, \u0259xlaq\u0131 t\u0259rbiy\u0259si yerind\u0259 olan, nizam v\u0259 intizaml\u0131 h\u0259rbi\u00e7i k\u0131m\u0131 g\u00f6st\u0259rmi\u015fdir. O i\u015fl\u0259diyi v\u0259 oxudu\u011fu\u00a0\u00a0 t\u0259hsil m\u00fc\u0259ssis\u0259l\u0259rind\u0259, ya\u015fad\u0131\u011f\u0131 \u0259razid\u0259\u00a0 kolektiv aras\u0131nda h\u0259mi\u015f\u0259 m\u00fcsb\u0259t m\u0259nada se\u00e7il\u0259r\u0259k, ba\u015fqalar\u0131 \u00fc\u00e7\u00fcn\u00a0 n\u00fcmun\u0259 olmu\u015fdur.<\/p>\n\n\n\n<figure class=\"wp-block-image size-large\"><img decoding=\"async\" src=\"https:\/\/fedai.az\/wp-content\/uploads\/2021\/11\/OI8-1-1024x983.jpg\" alt=\"\" class=\"wp-image-54301\"\/><\/figure>\n\n\n\n<p>&nbsp;&nbsp;&nbsp;&nbsp; Mayor H\u00fcseynov \u015eahid H\u00fcseyin o\u011flu qorxmaz, saxav\u0259tli, \u0259lia\u00e7\u0131q, z\u0259hm\u0259tke\u015f&nbsp; ba\u015f zabit olmu\u015fdur. O, ist\u0259r t\u0259hsil ald\u0131\u011f orta v\u0259 ali t\u0259hsil m\u00fc\u0259s\u0259l\u0259rind\u0259,&nbsp; ist\u0259rs\u0259 d\u0259 qohum-\u0259qraba,&nbsp; xidm\u0259t etdiyi v\u0259 i\u015fl\u0259diyi kollektiv,dost-tan\u0131\u015f aras\u0131nda \u00f6z\u00fcn\u0259 layiq h\u00f6rm\u0259t qazanm\u0131\u015fd\u0131r.<\/p>\n\n\n\n<p>&nbsp;&nbsp;&nbsp;&nbsp;&nbsp; Az\u0259rbaycan Respublikas\u0131nda ictimai qaydan\u0131n v\u0259 ictimai t\u0259hl\u00fck\u0259sizliyin qorunmasnda \u015f\u0259h\u0259rd\u0259, ya\u015fay\u0131\u015f v\u0259 c\u0259za\u00e7\u0259km\u0259 m\u00fc\u0259ssis\u0259l\u0259rind\u0259 ba\u015f vermi\u015f ixt\u015fa\u015flar\u0131n qar\u015f\u0131s\u0131n\u0131n al\u0131nmas\u0131nda, cinay\u0259tkarl\u0131\u011fa qar\u015f\u0131 m\u00fcbariz\u0259d\u0259, f\u00f6vqalad\u0259 v\u0259ziyy\u0259t zaman\u0131 h\u00fcquqi rejim karantin t\u0259dbirl\u0259rinin h\u0259yata ke\u00e7irilm\u0259sind\u0259, d\u00f6vl\u0259tin \u0259razi&nbsp; b\u00fct\u00f6vl\u00fcy\u00fcn\u00fcn t\u0259min edilm\u0259sind\u0259 \u00fcz\u0259rin\u0259 d\u00fc\u015f\u0259n v\u0259zif\u0259 v\u0259 tap\u015f\u0131r\u0131qlar\u0131 m\u0259suliyy\u0259tl\u0259 v\u0259 \u015f\u0259r\u0259f hissi il\u0259 yer\u0131n\u0259 yetirmi\u015fdir.<\/p>\n\n\n\n<figure class=\"wp-block-image size-large\"><img decoding=\"async\" src=\"https:\/\/fedai.az\/wp-content\/uploads\/2021\/11\/20211117_092017-1024x979.jpg\" alt=\"\" class=\"wp-image-54302\"\/><\/figure>\n\n\n\n<p>&nbsp;&nbsp;&nbsp; H\u0259rbi&nbsp; xidm\u0259ti v\u0259zif\u0259l\u0259rinin icras\u0131 zaman\u0131 y\u00fcks\u0259k m\u0259n\u0259vi-d\u00f6y\u00fc\u015f keyfiyy\u0259tl\u0259ri g\u00f6st\u0259rdiyin\u0259 g\u00f6r\u0259, d\u00f6y\u00fc\u015f v\u0259 ictimai s\u0131yas\u0131 haz\u0131rl\u0131\u011f\u0131nda, h\u0259rbi intizam\u0131n m\u00f6hk\u0259ml\u0259ndirilm\u0259sind\u0259 y\u00fcks\u0259k g\u00f6st\u0259ricil\u0259r\u0259 nail oldu\u011funa g\u00f6r\u0259, n\u00fcmn\u0259vi xidm\u0259tin\u0259 g\u00f6r\u0259 el\u0259c\u0259d\u0259 h\u0259rbi v\u0259zif\u0259l\u0259rinin yerin\u0259 yetirilm\u0259sin\u0259 m\u0259suliyy\u0259tl\u0259 yana\u015fd\u0131\u011f\u0131na g\u00f6r\u0259 Daxili \u0130\u015fl\u0259r Nazirinin, Daxili Qo\u015funlar Komandan\u0131n v\u0259 onun m\u00fcavinl\u0259rinin, ali h\u0259rbi m\u0259kt\u0259b r\u0259isinin, h\u0259rbi hiss\u0259 komandirinin v\u0259 onun m\u00fcavininl\u0259rnin m\u00fcvafiq \u0259mrl\u0259ri il\u0259&nbsp; \u0259la xidm\u0259tl\u0259r\u0259 g\u00f6r\u0259 d\u00f6\u015f v\u0259 yubiley ni\u015fanlar\u0131 il\u0259, pul m\u00fckafatlar\u0131 il\u0259, f\u0259xri f\u0259rmanlarla, qiym\u0259tli h\u0259diyy\u0259l\u0259rl\u0259 m\u00fckafatland\u0131r\u0131l\u0131b v\u0259 ona t\u0259\u015f\u0259kk\u00fcr elan edilib.<\/p>\n\n\n\n<figure class=\"wp-block-gallery columns-2 is-cropped wp-block-gallery-2 is-layout-flex wp-block-gallery-is-layout-flex\"><ul class=\"blocks-gallery-grid\"><li class=\"blocks-gallery-item\"><figure><img decoding=\"async\" src=\"https:\/\/fedai.az\/wp-content\/uploads\/2021\/11\/20211117_092001.jpg\" alt=\"\" data-id=\"54304\" data-link=\"https:\/\/fedai.az\/?attachment_id=54304\" class=\"wp-image-54304\"\/><\/figure><\/li><li class=\"blocks-gallery-item\"><figure><img loading=\"lazy\" decoding=\"async\" width=\"837\" height=\"1024\" src=\"https:\/\/fedai.az\/wp-content\/uploads\/2021\/11\/20211117_092039-837x1024.jpg\" alt=\"\" data-id=\"54305\" data-full-url=\"https:\/\/fedai.az\/wp-content\/uploads\/2021\/11\/20211117_092039.jpg\" data-link=\"https:\/\/fedai.az\/?attachment_id=54305\" class=\"wp-image-54305\" srcset=\"https:\/\/fedai.az\/wp-content\/uploads\/2021\/11\/20211117_092039-837x1024.jpg 837w, https:\/\/fedai.az\/wp-content\/uploads\/2021\/11\/20211117_092039-245x300.jpg 245w, https:\/\/fedai.az\/wp-content\/uploads\/2021\/11\/20211117_092039-123x150.jpg 123w, https:\/\/fedai.az\/wp-content\/uploads\/2021\/11\/20211117_092039-768x939.jpg 768w, https:\/\/fedai.az\/wp-content\/uploads\/2021\/11\/20211117_092039.jpg 996w\" sizes=\"auto, (max-width: 837px) 100vw, 837px\" \/><\/figure><\/li><\/ul><\/figure>\n\n\n\n<p>&nbsp;&nbsp;&nbsp;&nbsp; \u015eahid H\u00fcseyin o\u011flu H\u00fcseynov&nbsp; Xidm\u0259td\u0259 f\u0259riql\u0259ndiyin\u0259 g\u00f6r\u0259&nbsp; Az\u0259rbaycan Respublikas\u0131n\u0131n Prezidenti ad\u0131ndan Daxili \u0130\u015fl\u0259r Nazirnin m\u00fcvafiq \u0259mrl\u0259ri il\u0259 &#171;Qusursuz xidm\u0259tl\u0259r\u0259 g\u00f6r\u0259 &#187; 1-ci, 2-ci v\u0259 3-c\u00fc d\u0259r\u0259c\u0259li,&nbsp; &#171;Silahl\u0131 Q\u00fcvv\u0259l\u0259rin yaranmas\u0131n\u0131n&#187; is\u0259&nbsp; 10- illiyi, 90-illiyi&nbsp; v\u0259 95-iliyi yubiley&nbsp; medallar\u0131 il\u0259 t\u0259ltif olunub.<\/p>\n\n\n\n<p><strong>ALLAH H\u018fR ZAMAN Q\u018fLB\u0130N\u0130 SIXINTIDAN, B\u018fDB\u0130NL\u0130KD\u018fN QORUSUN!<\/strong><\/p>\n\n\n\n<p><strong>B\u00dcT\u00dcN ARZULARIN \u00c7\u0130N OLSUN!<\/strong><\/p>\n\n\n\n<p><strong>H\u018fM\u0130\u015e\u018f \u00dcZ\u00dcN G\u00dcLS\u00dcN, \u00dcR\u018fY\u0130N SEV\u0130NS\u0130N!<\/strong><\/p>\n\n\n\n<p><strong>DA\u0130MA XO\u015eB\u018fXT YA\u015eA, \u00d6MR\u00dcN UZUN OLSUN!<\/strong><\/p>\n\n\n\n<p><strong>D\u0259rin h\u00f6rm\u0259tl\u0259, Az\u0259rbaycan V\u0259t\u0259n M\u00fcharib\u0259si Veteranlar\u0131 \u0130ctimai<\/strong> <strong>Birliyinin s\u0259dr m\u00fcavini polkovnik Salman Musayev<\/strong><\/p>\n\n\n\n<figure class=\"wp-block-gallery columns-2 is-cropped wp-block-gallery-3 is-layout-flex wp-block-gallery-is-layout-flex\"><ul class=\"blocks-gallery-grid\"><li class=\"blocks-gallery-item\"><figure><img decoding=\"async\" src=\"https:\/\/fedai.az\/wp-content\/uploads\/2021\/11\/20211117_092310.jpg\" alt=\"\" data-id=\"54303\" data-full-url=\"https:\/\/fedai.az\/wp-content\/uploads\/2021\/11\/20211117_092310.jpg\" data-link=\"https:\/\/fedai.az\/?attachment_id=54303\" class=\"wp-image-54303\"\/><\/figure><\/li><li class=\"blocks-gallery-item\"><figure><img loading=\"lazy\" decoding=\"async\" width=\"600\" height=\"600\" src=\"https:\/\/fedai.az\/wp-content\/uploads\/2021\/11\/8265a327389da9fe4fdc2714b309120e-1.jpg\" alt=\"\" data-id=\"54295\" data-full-url=\"https:\/\/fedai.az\/wp-content\/uploads\/2021\/11\/8265a327389da9fe4fdc2714b309120e-1.jpg\" data-link=\"https:\/\/fedai.az\/?attachment_id=54295\" class=\"wp-image-54295\" srcset=\"https:\/\/fedai.az\/wp-content\/uploads\/2021\/11\/8265a327389da9fe4fdc2714b309120e-1.jpg 600w, https:\/\/fedai.az\/wp-content\/uploads\/2021\/11\/8265a327389da9fe4fdc2714b309120e-1-300x300.jpg 300w, https:\/\/fedai.az\/wp-content\/uploads\/2021\/11\/8265a327389da9fe4fdc2714b309120e-1-150x150.jpg 150w, https:\/\/fedai.az\/wp-content\/uploads\/2021\/11\/8265a327389da9fe4fdc2714b309120e-1-215x215.jpg 215w\" sizes=\"auto, (max-width: 600px) 100vw, 600px\" \/><\/figure><\/li><\/ul><\/figure>\n","protected":false},"excerpt":{"rendered":"<p>&nbsp;&nbsp; \u0130nsan \u00fc\u00e7\u00fcn \u0259n yadda qalan g\u00fcnl\u0259rd\u0259n biri d\u0259&nbsp; onun&nbsp; do\u011fum g\u00fcn\u00fcd\u00fcr. Ya\u015f\u0131n\u0131n \u00fcst\u0259 ya\u015f qaland\u0131qca insan daha da kamill\u0259\u015fir. Bel\u0259 insanlardan biri d\u0259<\/p>\n","protected":false},"author":2,"featured_media":54306,"comment_status":"closed","ping_status":"closed","sticky":false,"template":"","format":"standard","meta":{"footnotes":""},"categories":[5],"tags":[],"class_list":["post-54298","post","type-post","status-publish","format-standard","has-post-thumbnail","hentry","category-veteran"],"aioseo_notices":[],"_links":{"self":[{"href":"https:\/\/fedai.az\/index.php?rest_route=\/wp\/v2\/posts\/54298","targetHints":{"allow":["GET"]}}],"collection":[{"href":"https:\/\/fedai.az\/index.php?rest_route=\/wp\/v2\/posts"}],"about":[{"href":"https:\/\/fedai.az\/index.php?rest_route=\/wp\/v2\/types\/post"}],"author":[{"embeddable":true,"href":"https:\/\/fedai.az\/index.php?rest_route=\/wp\/v2\/users\/2"}],"replies":[{"embeddable":true,"href":"https:\/\/fedai.az\/index.php?rest_route=%2Fwp%2Fv2%2Fcomments&post=54298"}],"version-history":[{"count":1,"href":"https:\/\/fedai.az\/index.php?rest_route=\/wp\/v2\/posts\/54298\/revisions"}],"predecessor-version":[{"id":54307,"href":"https:\/\/fedai.az\/index.php?rest_route=\/wp\/v2\/posts\/54298\/revisions\/54307"}],"wp:featuredmedia":[{"embeddable":true,"href":"https:\/\/fedai.az\/index.php?rest_route=\/wp\/v2\/media\/54306"}],"wp:attachment":[{"href":"https:\/\/fedai.az\/index.php?rest_route=%2Fwp%2Fv2%2Fmedia&parent=54298"}],"wp:term":[{"taxonomy":"category","embeddable":true,"href":"https:\/\/fedai.az\/index.php?rest_route=%2Fwp%2Fv2%2Fcategories&post=54298"},{"taxonomy":"post_tag","embeddable":true,"href":"https:\/\/fedai.az\/index.php?rest_route=%2Fwp%2Fv2%2Ftags&post=54298"}],"curies":[{"name":"wp","href":"https:\/\/api.w.org\/{rel}","templated":true}]}}