{"id":54311,"date":"2021-11-19T11:21:27","date_gmt":"2021-11-19T07:21:27","guid":{"rendered":"https:\/\/fedai.az\/?p=54311"},"modified":"2021-11-19T11:21:30","modified_gmt":"2021-11-19T07:21:30","slug":"bmt-ilham-%c9%99liyevin-t%c9%99s%c9%99bbusu-il%c9%99-q%c9%99tnam%c9%99-q%c9%99bul-etdi","status":"publish","type":"post","link":"https:\/\/fedai.az\/?p=54311","title":{"rendered":"BMT \u0130lham \u018fliyevin t\u0259\u015f\u0259bb\u00fcs\u00fc il\u0259 q\u0259tnam\u0259 q\u0259bul etdi"},"content":{"rendered":"\n<p><strong>Noyabr\u0131n 18-d\u0259 BMT Ba\u015f Assambleyas\u0131n\u0131n 76-c\u0131 sessiyas\u0131 \u00e7\u0259r\u00e7iv\u0259sind\u0259 Assambleyan\u0131n \u00dc\u00e7\u00fcnc\u00fc Komit\u0259sind\u0259 Qo\u015fulmama H\u0259r\u0259kat\u0131n\u0131n s\u0259dri qismind\u0259 Az\u0259rbaycan Respublikas\u0131 Prezidentinin t\u0259\u015f\u0259bb\u00fcs\u00fc il\u0259 QH \u00fczvl\u0259ri ad\u0131ndan ir\u0259li s\u00fcr\u00fclm\u00fc\u015f \u201cCOVID-19 \u0259leyhin\u0259 peyv\u0259ndl\u0259r\u0259 b\u0259rab\u0259r, m\u0259qbul qiym\u0259t\u0259, vaxt\u0131nda v\u0259 universal \u0259l\u00e7atanl\u0131\u011f\u0131n t\u0259min edilm\u0259si\u201d adl\u0131 q\u0259tnam\u0259 BMT \u00fczv d\u00f6vl\u0259tl\u0259ri t\u0259r\u0259find\u0259n q\u0259bul edilib.<\/strong><\/p>\n\n\n\n<p>Bu bar\u0259d\u0259&nbsp;Xarici \u0130\u015fl\u0259r Nazirliyind\u0259n m\u0259lumat verilib.<\/p>\n\n\n\n<p>Q\u0259tnam\u0259y\u0259 126 BMT \u00fczv\u00fc d\u00f6vl\u0259ti h\u0259m-m\u00fc\u0259llif qismind\u0259 qo\u015fulub.<\/p>\n\n\n\n<p>Kifay\u0259t q\u0259d\u0259r m\u00fcf\u0259ss\u0259l m\u0259zmunda olan q\u0259tnam\u0259d\u0259 dig\u0259r m\u0259s\u0259l\u0259l\u0259rl\u0259 yana\u015f\u0131, COVID-19 pandemiyas\u0131na qar\u015f\u0131 m\u00fcbariz\u0259 sah\u0259sind\u0259 h\u0259yata ke\u00e7irilmi\u015f bir s\u0131ra \u0259h\u0259miyy\u0259tli qlobal t\u0259\u015f\u0259bb\u00fcsl\u0259r, o c\u00fcml\u0259d\u0259n Az\u0259rbaycan Respublikas\u0131 Prezidentinin t\u0259\u015f\u0259bb\u00fcs\u00fc il\u0259 3-4 dekabr 2020-ci il tarixind\u0259 ke\u00e7irilmi\u015f BMT Ba\u015f Assambleyas\u0131n\u0131n COVID-19-a qar\u015f\u0131 m\u00fcbariz\u0259y\u0259 h\u0259sr olunmu\u015f x\u00fcsusi sessiyas\u0131 alq\u0131\u015flan\u0131r.<\/p>\n\n\n\n<p>\u0130nki\u015faf etmi\u015f v\u0259 inki\u015faf etm\u0259kd\u0259 olan \u00f6lk\u0259l\u0259r aras\u0131nda COVID-19 \u0259leyhin\u0259 peyv\u0259ndl\u0259rin b\u00f6lg\u00fcs\u00fcnd\u0259 m\u00f6vcud olan b\u0259rab\u0259rsizlikd\u0259n ciddi narahatl\u0131q ifad\u0259 edilir v\u0259 bunun Dayan\u0131ql\u0131 \u0130nki\u015faf M\u0259qs\u0259dl\u0259rinin icras\u0131na \u0259ng\u0259l t\u00f6r\u0259d\u0259n ba\u015fl\u0131ca faktorlardan biri oldu\u011fu vur\u011fulan\u0131r.<\/p>\n\n\n\n<p>COVID-19-a qar\u015f\u0131 m\u00fcbariz\u0259d\u0259 \u00e7oxt\u0259r\u0259fliliyin, el\u0259c\u0259 d\u0259 beyn\u0259lxalq h\u0259mr\u0259ylik v\u0259 \u0259m\u0259kda\u015fl\u0131\u011f\u0131n \u0259h\u0259miyy\u0259tin\u0259 x\u00fcsusi vur\u011fu edilir. Bu x\u00fcsusda, b\u00fct\u00fcn d\u00f6vl\u0259tl\u0259r, \u00f6z\u0259l \u015firk\u0259tl\u0259r v\u0259 dig\u0259r aktorlar COVID-19 \u0259leyhin\u0259 peyv\u0259ndl\u0259r\u0259 b\u0259rab\u0259r, m\u0259qbul qiym\u0259t\u0259, vaxt\u0131nda v\u0259 universal \u0259l\u00e7atanl\u0131\u011f\u0131n t\u0259min edilm\u0259si istiqam\u0259tind\u0259 konkret t\u0259dbirl\u0259r g\u00f6rm\u0259y\u0259 \u00e7a\u011f\u0131r\u0131l\u0131r.<\/p>\n\n\n\n<p>B\u00fct\u00fcn d\u00f6vl\u0259tl\u0259r COVID-19 \u0259leyhin\u0259 peyv\u0259ndl\u0259rin ixrac\u0131 il\u0259 ba\u011fl\u0131 m\u00f6vcud olan \u0259sass\u0131z mane\u0259l\u0259ri aradan qald\u0131rma\u011fa v\u0259 peyv\u0259ndl\u0259rin haz\u0131rlanmas\u0131 v\u0259 s\u0259m\u0259r\u0259li paylanmas\u0131 sah\u0259sind\u0259 \u0259m\u0259kda\u015fl\u0131\u011fa d\u0259v\u0259t olunur.<\/p>\n\n\n\n<p>BMT Ba\u015f Katibin\u0259 Ba\u015f Assambleyan\u0131n n\u00f6vb\u0259ti sessiyas\u0131na haz\u0131rk\u0131 q\u0259tnam\u0259nin icras\u0131 il\u0259 ba\u011fl\u0131 hesabat t\u0259qdim etm\u0259si tap\u015f\u0131r\u0131l\u0131r.<\/p>\n\n\n\n<p>S\u00f6z\u00fcged\u0259n q\u0259tnam\u0259nin q\u0259bulu Az\u0259rbaycan Respublikas\u0131 Prezidentinin s\u0259drliyi il\u0259 Qo\u015fulmama H\u0259r\u0259kat\u0131n\u0131n COVID-19 pandemiyas\u0131na qar\u015f\u0131 m\u00fcbariz\u0259d\u0259 qlobal s\u0259yl\u0259rin m\u0259rk\u0259zind\u0259 olma\u011fa davam etdiyinin daha bir g\u00f6st\u0259ricisi olmu\u015fdur.<\/p>\n\n\n\n<p>Xarici \u0130\u015fl\u0259r Nazirliyi f\u00fcrs\u0259td\u0259n istifad\u0259 ed\u0259r\u0259k q\u0259tnam\u0259 layih\u0259sin\u0259 d\u0259st\u0259k ver\u0259n v\u0259 ona h\u0259m-m\u00fc\u0259lliflik ed\u0259n b\u00fct\u00fcn d\u00f6vl\u0259tl\u0259r\u0259 \u00f6z minn\u0259tdarl\u0131\u011f\u0131n\u0131 bildirir.<\/p>\n","protected":false},"excerpt":{"rendered":"<p>Noyabr\u0131n 18-d\u0259 BMT Ba\u015f Assambleyas\u0131n\u0131n 76-c\u0131 sessiyas\u0131 \u00e7\u0259r\u00e7iv\u0259sind\u0259 Assambleyan\u0131n \u00dc\u00e7\u00fcnc\u00fc Komit\u0259sind\u0259 Qo\u015fulmama H\u0259r\u0259kat\u0131n\u0131n s\u0259dri qismind\u0259 Az\u0259rbaycan Respublikas\u0131 Prezidentinin t\u0259\u015f\u0259bb\u00fcs\u00fc il\u0259 QH \u00fczvl\u0259ri ad\u0131ndan ir\u0259li<\/p>\n","protected":false},"author":2,"featured_media":54312,"comment_status":"closed","ping_status":"closed","sticky":false,"template":"","format":"standard","meta":{"footnotes":""},"categories":[3],"tags":[],"class_list":["post-54311","post","type-post","status-publish","format-standard","has-post-thumbnail","hentry","category-gundm"],"aioseo_notices":[],"_links":{"self":[{"href":"https:\/\/fedai.az\/index.php?rest_route=\/wp\/v2\/posts\/54311","targetHints":{"allow":["GET"]}}],"collection":[{"href":"https:\/\/fedai.az\/index.php?rest_route=\/wp\/v2\/posts"}],"about":[{"href":"https:\/\/fedai.az\/index.php?rest_route=\/wp\/v2\/types\/post"}],"author":[{"embeddable":true,"href":"https:\/\/fedai.az\/index.php?rest_route=\/wp\/v2\/users\/2"}],"replies":[{"embeddable":true,"href":"https:\/\/fedai.az\/index.php?rest_route=%2Fwp%2Fv2%2Fcomments&post=54311"}],"version-history":[{"count":1,"href":"https:\/\/fedai.az\/index.php?rest_route=\/wp\/v2\/posts\/54311\/revisions"}],"predecessor-version":[{"id":54313,"href":"https:\/\/fedai.az\/index.php?rest_route=\/wp\/v2\/posts\/54311\/revisions\/54313"}],"wp:featuredmedia":[{"embeddable":true,"href":"https:\/\/fedai.az\/index.php?rest_route=\/wp\/v2\/media\/54312"}],"wp:attachment":[{"href":"https:\/\/fedai.az\/index.php?rest_route=%2Fwp%2Fv2%2Fmedia&parent=54311"}],"wp:term":[{"taxonomy":"category","embeddable":true,"href":"https:\/\/fedai.az\/index.php?rest_route=%2Fwp%2Fv2%2Fcategories&post=54311"},{"taxonomy":"post_tag","embeddable":true,"href":"https:\/\/fedai.az\/index.php?rest_route=%2Fwp%2Fv2%2Ftags&post=54311"}],"curies":[{"name":"wp","href":"https:\/\/api.w.org\/{rel}","templated":true}]}}