{"id":54314,"date":"2021-11-19T11:41:47","date_gmt":"2021-11-19T07:41:47","guid":{"rendered":"https:\/\/fedai.az\/?p=54314"},"modified":"2021-11-19T11:41:51","modified_gmt":"2021-11-19T07:41:51","slug":"ruslarin-102-ci-h%c9%99rbi-bazasi-erm%c9%99nil%c9%99r%c9%99-d%c9%99st%c9%99k-verm%c9%99k-ist%c9%99yib-hraparak","status":"publish","type":"post","link":"https:\/\/fedai.az\/?p=54314","title":{"rendered":"Ruslar\u0131n 102-ci h\u0259rbi bazas\u0131 erm\u0259nil\u0259r\u0259 d\u0259st\u0259k verm\u0259k ist\u0259yib &#8212; &#171;Hraparak&#187;"},"content":{"rendered":"\n<p><strong>Bir ne\u00e7\u0259 g\u00fcn \u0259vv\u0259l Z\u0259ng\u0259zurda Az\u0259rbaycan v\u0259 Erm\u0259nistan h\u0259rb\u00e7il\u0259ri aras\u0131nda ba\u015f ver\u0259n insident zaman\u0131 qar\u015f\u0131 t\u0259r\u0259fin mayor r\u00fctb\u0259li \u015f\u0259xsl\u0259rin\u0259 d\u00f6y\u00fc\u015f m\u00f6vqel\u0259rin\u0259, qaynar n\u00f6qt\u0259l\u0259r\u0259 qalxma\u011fa icaz\u0259 verilm\u0259yib.<\/strong><\/p>\n\n\n\n<p><br>\u00a0Bu bar\u0259d\u0259 m\u0259lumat\u0131 &#171;Hraparak\u201d q\u0259zeti yay\u0131b.\u00a0N\u0259\u015frin m\u0259lumat\u0131na\u00a0g\u00f6r\u0259, M\u00fcdafi\u0259 Nazirliyinin x\u00fcsusi t\u0259yinatl\u0131 alay\u0131n\u0131n zabitl\u0259ri, el\u0259c\u0259 d\u0259 xarici k\u0259\u015ffiyyat\u00e7\u0131lar d\u00f6y\u00fc\u015f \u0259m\u0259liyyatlar\u0131n\u0131n \u0259n h\u0259lledici m\u0259qam\u0131nda m\u00f6vqel\u0259r\u0259 qalxma\u011fa c\u0259hd ed\u0259rk\u0259n onlara qada\u011fa qoyublar. <\/p>\n\n\n\n<p>Bildirilib ki, bu, yeni t\u0259yin olunmu\u015f m\u00fcdafi\u0259 naziri Suren Papikyan\u0131n \u0259mridir v\u0259 o qeyd edib ki, v\u0259zif\u0259si mayordan y\u00fcks\u0259k olanlar d\u00f6y\u00fc\u015f m\u00f6vqel\u0259rin\u0259 burax\u0131lmas\u0131n.\u00a0<strong>H\u00f6kum\u0259t Erm\u0259nistanda yerl\u0259\u015f\u0259n 102-ci h\u0259rbi bazan\u0131n d\u0259st\u0259yind\u0259n d\u0259 imtina edib v\u0259 Z\u0259ng\u0259zurdak\u0131 h\u0259rbi bazan\u0131n ikinci korpusunun komandiri erm\u0259ni \u0259sg\u0259rl\u0259rin\u0259 d\u0259st\u0259k verm\u0259k ist\u0259y\u0259nd\u0259 ona da icaz\u0259 verilm\u0259yib.\u00a0<\/strong><\/p>\n","protected":false},"excerpt":{"rendered":"<p>Bir ne\u00e7\u0259 g\u00fcn \u0259vv\u0259l Z\u0259ng\u0259zurda Az\u0259rbaycan v\u0259 Erm\u0259nistan h\u0259rb\u00e7il\u0259ri aras\u0131nda ba\u015f ver\u0259n insident zaman\u0131 qar\u015f\u0131 t\u0259r\u0259fin mayor r\u00fctb\u0259li \u015f\u0259xsl\u0259rin\u0259 d\u00f6y\u00fc\u015f m\u00f6vqel\u0259rin\u0259, qaynar n\u00f6qt\u0259l\u0259r\u0259 qalxma\u011fa<\/p>\n","protected":false},"author":2,"featured_media":54315,"comment_status":"closed","ping_status":"closed","sticky":false,"template":"","format":"standard","meta":{"footnotes":""},"categories":[4],"tags":[],"class_list":["post-54314","post","type-post","status-publish","format-standard","has-post-thumbnail","hentry","category-qarabag"],"aioseo_notices":[],"_links":{"self":[{"href":"https:\/\/fedai.az\/index.php?rest_route=\/wp\/v2\/posts\/54314","targetHints":{"allow":["GET"]}}],"collection":[{"href":"https:\/\/fedai.az\/index.php?rest_route=\/wp\/v2\/posts"}],"about":[{"href":"https:\/\/fedai.az\/index.php?rest_route=\/wp\/v2\/types\/post"}],"author":[{"embeddable":true,"href":"https:\/\/fedai.az\/index.php?rest_route=\/wp\/v2\/users\/2"}],"replies":[{"embeddable":true,"href":"https:\/\/fedai.az\/index.php?rest_route=%2Fwp%2Fv2%2Fcomments&post=54314"}],"version-history":[{"count":1,"href":"https:\/\/fedai.az\/index.php?rest_route=\/wp\/v2\/posts\/54314\/revisions"}],"predecessor-version":[{"id":54316,"href":"https:\/\/fedai.az\/index.php?rest_route=\/wp\/v2\/posts\/54314\/revisions\/54316"}],"wp:featuredmedia":[{"embeddable":true,"href":"https:\/\/fedai.az\/index.php?rest_route=\/wp\/v2\/media\/54315"}],"wp:attachment":[{"href":"https:\/\/fedai.az\/index.php?rest_route=%2Fwp%2Fv2%2Fmedia&parent=54314"}],"wp:term":[{"taxonomy":"category","embeddable":true,"href":"https:\/\/fedai.az\/index.php?rest_route=%2Fwp%2Fv2%2Fcategories&post=54314"},{"taxonomy":"post_tag","embeddable":true,"href":"https:\/\/fedai.az\/index.php?rest_route=%2Fwp%2Fv2%2Ftags&post=54314"}],"curies":[{"name":"wp","href":"https:\/\/api.w.org\/{rel}","templated":true}]}}