{"id":54320,"date":"2021-11-19T12:28:41","date_gmt":"2021-11-19T08:28:41","guid":{"rendered":"https:\/\/fedai.az\/?p=54320"},"modified":"2021-11-19T12:28:45","modified_gmt":"2021-11-19T08:28:45","slug":"prezident-yeni-bil%c9%99c%c9%99ri-lokomotiv-deposunun-acilisinda-istirak-edib","status":"publish","type":"post","link":"https:\/\/fedai.az\/?p=54320","title":{"rendered":"Prezident yeni Bil\u0259c\u0259ri lokomotiv deposunun a\u00e7\u0131l\u0131\u015f\u0131nda i\u015ftirak edib"},"content":{"rendered":"\n<p><strong>\u201cAz\u0259rbaycan D\u0259mir Yollar\u0131\u201d Qapal\u0131 S\u0259hmdar C\u0259miyy\u0259tinin (QSC) yeni Bil\u0259c\u0259ri lokomotiv deposunun a\u00e7\u0131l\u0131\u015f\u0131 olub.<\/strong><\/p>\n\n\n\n<p> Az\u0259rbaycan Respublikas\u0131n\u0131n Prezidenti \u0130lham \u018fliyev a\u00e7\u0131l\u0131\u015fda i\u015ftirak edib.<\/p>\n\n\n\n<p>QSC-nin s\u0259dri Cavid Qurbanov Prezident \u0130lham \u018fliyev\u0259 yeni Bil\u0259c\u0259ri lokomotiv deposunda yarad\u0131lan \u015f\u0259rait bar\u0259d\u0259 m\u0259lumat verib.<\/p>\n\n\n\n<figure class=\"wp-block-image size-large\"><img loading=\"lazy\" decoding=\"async\" width=\"973\" height=\"669\" src=\"https:\/\/fedai.az\/wp-content\/uploads\/2021\/11\/prezident_bileceri_191121_1.jpg\" alt=\"\" class=\"wp-image-54321\" srcset=\"https:\/\/fedai.az\/wp-content\/uploads\/2021\/11\/prezident_bileceri_191121_1.jpg 973w, https:\/\/fedai.az\/wp-content\/uploads\/2021\/11\/prezident_bileceri_191121_1-300x206.jpg 300w, https:\/\/fedai.az\/wp-content\/uploads\/2021\/11\/prezident_bileceri_191121_1-150x103.jpg 150w, https:\/\/fedai.az\/wp-content\/uploads\/2021\/11\/prezident_bileceri_191121_1-768x528.jpg 768w\" sizes=\"auto, (max-width: 973px) 100vw, 973px\" \/><\/figure>\n\n\n\n<p>Bildirilib ki, yeni depoda lokomotivl\u0259rin texniki bax\u0131\u015f\u0131 v\u0259 t\u0259miri i\u015fl\u0259ri apar\u0131lacaq. MDB m\u0259kan\u0131nda ilk d\u0259f\u0259 Az\u0259rbaycanda yarad\u0131lan bu c\u00fcr deponun istifad\u0259y\u0259 verilm\u0259si 4-c\u00fc s\u0259naye inqilab\u0131na ke\u00e7idl\u0259 ba\u011fl\u0131 at\u0131lan add\u0131mlardan biridir. Deponun \u00fcz\u0259rind\u0259 g\u00fcn\u0259\u015f panell\u0259ri qura\u015fd\u0131r\u0131l\u0131b ki, al\u0131nan enerji depoda istifad\u0259 olunur. Burada z\u0259ruri infrastruktur yarad\u0131l\u0131b, d\u00fcnyan\u0131n apar\u0131c\u0131 \u015firk\u0259tl\u0259rinin istehsal\u0131 olan m\u00fcasir avadanl\u0131q qura\u015fd\u0131r\u0131l\u0131b. Deponun tikintisi \u201cD\u0259yi\u015f\u0259n c\u0259r\u0259yanla i\u015fl\u0259y\u0259n 50 lokomotiv \u00fc\u00e7\u00fcn iki deponun &#8212; Bil\u0259c\u0259ri v\u0259 G\u0259nc\u0259 lokomotiv depolar\u0131n\u0131n tikintisi&#187; layih\u0259si \u00e7\u0259r\u00e7iv\u0259sind\u0259 h\u0259yata ke\u00e7irilib. Yeni depolar\u0131n n\u0259z\u0259rd\u0259 tutuldu\u011fu d\u0259yi\u015f\u0259n c\u0259r\u0259yanl\u0131 40 y\u00fck lokomotivi v\u0259 ikili elektrik t\u0259chizat\u0131 sistemind\u0259 i\u015fl\u0259y\u0259n 10 s\u0259rni\u015fin lokomotivi d\u00fcnyan\u0131n apar\u0131c\u0131 \u015firk\u0259tl\u0259rin\u0259 sifari\u015f edilib. 28-i y\u00fck v\u0259 10-u s\u0259rni\u015fin lokomotivi olmaqla 38 m\u00fcasir \u201cAlstom\u201d lokomotivi art\u0131q Az\u0259rbaycana g\u0259tirilib. \u00dcmumilikd\u0259, bu deponun istifad\u0259y\u0259 verilm\u0259si enerji resurslar\u0131n\u0131n q\u0259na\u0259tin\u0259, istismar\u0131n asanla\u015fmas\u0131na, qatarlar\u0131n h\u0259r\u0259k\u0259t s\u00fcr\u0259tinin art\u0131r\u0131lmas\u0131na v\u0259 n\u0259tic\u0259 etibaril\u0259 y\u00fck v\u0259 s\u0259rni\u015fin da\u015f\u0131malar\u0131nda s\u0259m\u0259r\u0259lilik g\u00f6st\u0259ricil\u0259rinin yax\u015f\u0131la\u015fd\u0131r\u0131lmas\u0131na, lokomotivl\u0259rin g\u00fcc\u00fcn\u00fcn \u00e7oxalmas\u0131na imkan yaradacaq. Depoda xarici \u00f6lk\u0259l\u0259rd\u0259 t\u0259lim ke\u00e7mi\u015f 150-y\u0259 yax\u0131n y\u00fcks\u0259k ixtisasl\u0131 i\u015f\u00e7i \u00e7al\u0131\u015facaq.<\/p>\n\n\n\n<p>D\u00f6vl\u0259timizin ba\u015f\u00e7\u0131s\u0131 yeni deponun a\u00e7\u0131l\u0131\u015f\u0131n\u0131 edib.<\/p>\n\n\n\n<figure class=\"wp-block-image size-large\"><img loading=\"lazy\" decoding=\"async\" width=\"945\" height=\"669\" src=\"https:\/\/fedai.az\/wp-content\/uploads\/2021\/11\/prezident_bileceri_191121_3.jpg\" alt=\"\" class=\"wp-image-54322\" srcset=\"https:\/\/fedai.az\/wp-content\/uploads\/2021\/11\/prezident_bileceri_191121_3.jpg 945w, https:\/\/fedai.az\/wp-content\/uploads\/2021\/11\/prezident_bileceri_191121_3-300x212.jpg 300w, https:\/\/fedai.az\/wp-content\/uploads\/2021\/11\/prezident_bileceri_191121_3-150x106.jpg 150w, https:\/\/fedai.az\/wp-content\/uploads\/2021\/11\/prezident_bileceri_191121_3-768x544.jpg 768w\" sizes=\"auto, (max-width: 945px) 100vw, 945px\" \/><\/figure>\n\n\n\n<p>Qeyd ed\u0259k ki, Prezident \u0130lham \u018fliyevin r\u0259hb\u0259rliyi il\u0259 son ill\u0259rd\u0259 \u00f6lk\u0259mizd\u0259 iqtisadiyyat\u0131n \u015fax\u0259l\u0259ndirilm\u0259si, qeyri-neft sektorunun inki\u015faf\u0131, dig\u0259r sah\u0259l\u0259rd\u0259 oldu\u011fu kimi n\u0259h\u0259ng infrastruktur v\u0259 n\u0259qliyyat layih\u0259l\u0259rinin icras\u0131 istiqam\u0259tind\u0259 d\u0259 \u00e7ox b\u00f6y\u00fck i\u015fl\u0259r g\u00f6r\u00fcl\u00fcb. \u018fn \u00f6n\u0259mlisi odur ki, b\u00fct\u00fcn bu i\u015fl\u0259r d\u00fcnyada davam ed\u0259n pandemiya v\u0259 iqtisadi-maliyy\u0259 \u00e7\u0259tinlikl\u0259ri fonunda h\u0259yata ke\u00e7irilir. \u0130cra olunan layih\u0259l\u0259r aras\u0131nda Az\u0259rbaycanda d\u0259mir yolu n\u0259qliyyat\u0131 infrastrukturunun inki\u015faf etdirilm\u0259si v\u0259 t\u0259kmill\u0259\u015fdirilm\u0259si, d\u0259mir yollar\u0131nda h\u0259r\u0259k\u0259tin idar\u0259 edilm\u0259si prosesinin m\u00fcasir s\u0259viyy\u0259y\u0259 \u00e7atd\u0131r\u0131lmas\u0131, d\u0259mir yolu n\u0259qliyyat vasit\u0259l\u0259ri park\u0131n\u0131n m\u00fcasirl\u0259\u015fdirilm\u0259si v\u0259 bu sah\u0259nin maddi-texniki bazas\u0131n\u0131n m\u00f6hk\u0259ml\u0259ndirilm\u0259si istiqam\u0259tind\u0259 g\u00f6r\u00fcl\u0259n i\u015fl\u0259r d\u0259 b\u00f6y\u00fck \u00f6n\u0259m da\u015f\u0131y\u0131r. Bu i\u015fl\u0259r \u015e\u0259rq-Q\u0259rb, \u015eimal-C\u0259nub n\u0259qliyyat d\u0259hlizl\u0259rinin qovu\u015fdu\u011fu co\u011frafi m\u0259kan kimi Az\u0259rbaycan\u0131n regionda rolunu v\u0259 yerini daha da m\u00f6hk\u0259ml\u0259ndirir, iqtisadi v\u0259 n\u0259qliyyat-logistika potensial\u0131n\u0131 \u0259h\u0259miyy\u0259tli d\u0259r\u0259c\u0259d\u0259 art\u0131r\u0131r.<\/p>\n\n\n\n<p>Onu da qeyd ed\u0259k ki, d\u0259mir yolu infrastrukturunun m\u00fcasirl\u0259\u015fdirilm\u0259si bax\u0131m\u0131ndan yeni Bil\u0259c\u0259ri lokomotiv deposu da m\u00fch\u00fcm rol oynayacaq.<\/p>\n","protected":false},"excerpt":{"rendered":"<p>\u201cAz\u0259rbaycan D\u0259mir Yollar\u0131\u201d Qapal\u0131 S\u0259hmdar C\u0259miyy\u0259tinin (QSC) yeni Bil\u0259c\u0259ri lokomotiv deposunun a\u00e7\u0131l\u0131\u015f\u0131 olub. Az\u0259rbaycan Respublikas\u0131n\u0131n Prezidenti \u0130lham \u018fliyev a\u00e7\u0131l\u0131\u015fda i\u015ftirak edib. QSC-nin s\u0259dri Cavid<\/p>\n","protected":false},"author":2,"featured_media":54323,"comment_status":"closed","ping_status":"closed","sticky":false,"template":"","format":"standard","meta":{"footnotes":""},"categories":[3],"tags":[],"class_list":["post-54320","post","type-post","status-publish","format-standard","has-post-thumbnail","hentry","category-gundm"],"aioseo_notices":[],"_links":{"self":[{"href":"https:\/\/fedai.az\/index.php?rest_route=\/wp\/v2\/posts\/54320","targetHints":{"allow":["GET"]}}],"collection":[{"href":"https:\/\/fedai.az\/index.php?rest_route=\/wp\/v2\/posts"}],"about":[{"href":"https:\/\/fedai.az\/index.php?rest_route=\/wp\/v2\/types\/post"}],"author":[{"embeddable":true,"href":"https:\/\/fedai.az\/index.php?rest_route=\/wp\/v2\/users\/2"}],"replies":[{"embeddable":true,"href":"https:\/\/fedai.az\/index.php?rest_route=%2Fwp%2Fv2%2Fcomments&post=54320"}],"version-history":[{"count":1,"href":"https:\/\/fedai.az\/index.php?rest_route=\/wp\/v2\/posts\/54320\/revisions"}],"predecessor-version":[{"id":54324,"href":"https:\/\/fedai.az\/index.php?rest_route=\/wp\/v2\/posts\/54320\/revisions\/54324"}],"wp:featuredmedia":[{"embeddable":true,"href":"https:\/\/fedai.az\/index.php?rest_route=\/wp\/v2\/media\/54323"}],"wp:attachment":[{"href":"https:\/\/fedai.az\/index.php?rest_route=%2Fwp%2Fv2%2Fmedia&parent=54320"}],"wp:term":[{"taxonomy":"category","embeddable":true,"href":"https:\/\/fedai.az\/index.php?rest_route=%2Fwp%2Fv2%2Fcategories&post=54320"},{"taxonomy":"post_tag","embeddable":true,"href":"https:\/\/fedai.az\/index.php?rest_route=%2Fwp%2Fv2%2Ftags&post=54320"}],"curies":[{"name":"wp","href":"https:\/\/api.w.org\/{rel}","templated":true}]}}