{"id":54325,"date":"2021-11-19T12:35:45","date_gmt":"2021-11-19T08:35:45","guid":{"rendered":"https:\/\/fedai.az\/?p=54325"},"modified":"2021-11-19T12:35:48","modified_gmt":"2021-11-19T08:35:48","slug":"agentlik-s%c9%99dri-bu-il-%c9%99lillik-t%c9%99yinati-aparilan-s%c9%99xsl%c9%99rin-sayini-aciqladi","status":"publish","type":"post","link":"https:\/\/fedai.az\/?p=54325","title":{"rendered":"Agentlik s\u0259dri bu il \u0259lillik t\u0259yinat\u0131 apar\u0131lan \u015f\u0259xsl\u0259rin say\u0131n\u0131 a\u00e7\u0131qlad\u0131"},"content":{"rendered":"\n<p><strong>&#171;2021-ci ilin \u00f6t\u0259n d\u00f6vr\u00fcnd\u0259 art\u0131q 50 min\u0259 yax\u0131n \u015f\u0259xs\u0259 \u0259lillik t\u0259yinat\u0131 h\u0259yata ke\u00e7irilib&#187;.<\/strong><\/p>\n\n\n\n<p>Teleqraf.com x\u0259b\u0259r verir ki, bunu \u018fm\u0259k v\u0259 \u018fhalinin Sosial M\u00fcdafi\u0259si Nazirliyinin tabeliyind\u0259ki D\u00f6vl\u0259t Tibbi-Sosial Ekspertiza v\u0259 Reabilitasiya Agentliyinin s\u0259dri Anar Bayramov \u0259lilliyin qiym\u0259tl\u0259ndirilm\u0259si v\u0259 \u0259lilliyi olan \u015f\u0259xsl\u0259rin reabilitasiya xidm\u0259tl\u0259ri il\u0259 t\u0259minat\u0131 sah\u0259sind\u0259 apar\u0131lan i\u015fl\u0259r\u0259 dair m\u0259tbuat konfrans\u0131nda deyib.<\/p>\n\n\n\n<p>Prezident \u0130lham \u018fliyevin tap\u015f\u0131r\u0131\u011f\u0131 \u0259sas\u0131nda sosial sah\u0259sind\u0259 geni\u015f miqyasl\u0131 islahatar\u0131n h\u0259yata ke\u00e7irildiyini vur\u011fulayan Anar Bayramov bu islahatlar\u0131n \u0259lilliyin qiym\u0259tl\u0259ndirilm\u0259si sah\u0259sini d\u0259 \u0259hat\u0259 etdiyini deyib.<\/p>\n\n\n\n<p>O bildirib ki, \u0259lilliyin qiym\u0259tl\u0259ndirilm\u0259si elektron infrastruktur (\u201c\u018flillik\u201d altsistemi) \u00fcz\u0259rind\u0259n, s\u0259hiyy\u0259 m\u00fc\u0259ssis\u0259sinin e-sistem\u0259 daxil etdiyi g\u00f6nd\u0259ri\u015fl\u0259rd\u0259ki m\u0259lumatlar \u0259sas\u0131nda, v\u0259t\u0259nda\u015f-m\u0259mur (ekspert) t\u0259mas\u0131 olmadan h\u0259yata ke\u00e7irilir: &#171;G\u00f6nd\u0259ri\u015fin kim\u0259 aid oldu\u011fu v\u0259 hans\u0131 tibb m\u00fc\u0259ssis\u0259sind\u0259n g\u00f6nd\u0259rildiyi bilinm\u0259d\u0259n, h\u0259kim-ekspertl\u0259r t\u0259r\u0259find\u0259n tam obyektiv v\u0259 \u015f\u0259ffaf \u015f\u0259kild\u0259 q\u0259rarlar q\u0259bul edilir&#187;.<\/p>\n\n\n\n<p>Agentlik s\u0259dri 2021-ci ilin \u00f6t\u0259n d\u00f6vr\u00fcnd\u0259 art\u0131q 50 min\u0259 yax\u0131n \u015f\u0259xs\u0259 \u0259lillik t\u0259yinat\u0131 h\u0259yata ke\u00e7irildiyini, bunun \u00f6t\u0259n ilin m\u00fcvafiq d\u00f6vr\u00fcn\u0259 nisb\u0259t\u0259n t\u0259qrib\u0259n iki d\u0259f\u0259 \u00e7ox oldu\u011funu diqq\u0259t\u0259 \u00e7atd\u0131r\u0131b.<\/p>\n\n\n\n<p>Anar Bayramov tarixi z\u0259f\u0259rimizl\u0259 ba\u015fa \u00e7atan V\u0259t\u0259n m\u00fcharib\u0259sind\u0259 yaralanm\u0131\u015f h\u0259rbi qulluq\u00e7ular\u0131n \u0259lilliyinin qiym\u0259tl\u0259ndirilm\u0259sin\u0259 d\u0259 x\u00fcsusi qay\u011f\u0131 v\u0259 h\u0259ssasl\u0131qla yana\u015f\u0131ld\u0131\u011f\u0131n\u0131 deyib. O bildirib ki, Nazirl\u0259r Kabinetinin q\u0259rar\u0131 il\u0259 yarad\u0131lm\u0131\u015f komissiyada t\u0259msil olunan dig\u0259r qurumlar\u0131n n\u00fcmay\u0259nd\u0259l\u0259ri il\u0259 birg\u0259 qazil\u0259rin \u0259lilliyinin qiym\u0259tl\u0259ndirilm\u0259si i\u015fl\u0259ri operativ \u015f\u0259kild\u0259 yerin\u0259 yetirilir: &#171;\u0130lk n\u00f6vb\u0259d\u0259 Komissiya \u00fczvl\u0259ri t\u0259r\u0259find\u0259n h\u0259rbi qulluq\u00e7ular\u0131n \u0259yani m\u00fcayin\u0259si v\u0259 m\u00fcvafiq s\u0259n\u0259dl\u0259\u015fdirm\u0259 i\u015fl\u0259ri apar\u0131l\u0131r. M\u00fcdafi\u0259 v\u0259 \u018fdliyy\u0259 nazirlikl\u0259rinin, Daxili Qo\u015funlar\u0131n, D\u00f6vl\u0259t S\u0259rh\u0259d Xidm\u0259tinin H\u0259rbi H\u0259kim Komissiyalar\u0131 t\u0259r\u0259find\u0259n \u015f\u0259had\u0259tnam\u0259l\u0259r (x\u0259sar\u0259t v\u0259 ya x\u0259st\u0259likl\u0259rinin h\u0259rbi xidm\u0259tl\u0259 \u0259laq\u0259sinin m\u00fc\u0259yy\u0259nl\u0259\u015fdirilm\u0259si m\u0259qs\u0259dil\u0259) t\u0259qdim olunur v\u0259 tibb m\u00fc\u0259ssis\u0259l\u0259ri t\u0259r\u0259find\u0259n g\u00f6nd\u0259ri\u015f (forma 88) elektron sistem\u0259 daxil edilir. Yekun m\u0259rh\u0259l\u0259 kimi \u0259lilliyin qiym\u0259tl\u0259ndirilm\u0259si apar\u0131l\u0131r. \u00d6t\u0259n d\u00f6vrd\u0259 V\u0259t\u0259n m\u00fcharib\u0259sinin art\u0131q 2200 qazisin\u0259 \u00f6lk\u0259mizin \u0259razi b\u00fct\u00f6vl\u00fcy\u00fcn\u00fcn m\u00fcdafi\u0259si il\u0259 \u0259laq\u0259dar \u0259lillik t\u0259yinat\u0131 apar\u0131l\u0131b v\u0259 haz\u0131rda da bu i\u015fl\u0259r davam etdirilir&#187;.<\/p>\n\n\n\n<p>Anar Bayramov onu da qeyd edib ki, \u0259lillik t\u0259yin olunan \u015f\u0259xsl\u0259r\u0259 bundan sonra proaktiv qaydada olmaqla e-sistem \u00fcz\u0259rind\u0259n m\u00fcvafiq sosial \u00f6d\u0259ni\u015fl\u0259r m\u00fct\u0259madi art\u0131b, x\u00fcsusil\u0259 son \u00fc\u00e7 ild\u0259 h\u0259min \u00f6d\u0259ni\u015fl\u0259rd\u0259 orta hesabla 2 d\u0259f\u0259 art\u0131m ba\u015f verib&#187;.<\/p>\n","protected":false},"excerpt":{"rendered":"<p>&#171;2021-ci ilin \u00f6t\u0259n d\u00f6vr\u00fcnd\u0259 art\u0131q 50 min\u0259 yax\u0131n \u015f\u0259xs\u0259 \u0259lillik t\u0259yinat\u0131 h\u0259yata ke\u00e7irilib&#187;. Teleqraf.com x\u0259b\u0259r verir ki, bunu \u018fm\u0259k v\u0259 \u018fhalinin Sosial M\u00fcdafi\u0259si Nazirliyinin<\/p>\n","protected":false},"author":2,"featured_media":54326,"comment_status":"closed","ping_status":"closed","sticky":false,"template":"","format":"standard","meta":{"footnotes":""},"categories":[12],"tags":[],"class_list":["post-54325","post","type-post","status-publish","format-standard","has-post-thumbnail","hentry","category-sosial"],"aioseo_notices":[],"_links":{"self":[{"href":"https:\/\/fedai.az\/index.php?rest_route=\/wp\/v2\/posts\/54325","targetHints":{"allow":["GET"]}}],"collection":[{"href":"https:\/\/fedai.az\/index.php?rest_route=\/wp\/v2\/posts"}],"about":[{"href":"https:\/\/fedai.az\/index.php?rest_route=\/wp\/v2\/types\/post"}],"author":[{"embeddable":true,"href":"https:\/\/fedai.az\/index.php?rest_route=\/wp\/v2\/users\/2"}],"replies":[{"embeddable":true,"href":"https:\/\/fedai.az\/index.php?rest_route=%2Fwp%2Fv2%2Fcomments&post=54325"}],"version-history":[{"count":1,"href":"https:\/\/fedai.az\/index.php?rest_route=\/wp\/v2\/posts\/54325\/revisions"}],"predecessor-version":[{"id":54327,"href":"https:\/\/fedai.az\/index.php?rest_route=\/wp\/v2\/posts\/54325\/revisions\/54327"}],"wp:featuredmedia":[{"embeddable":true,"href":"https:\/\/fedai.az\/index.php?rest_route=\/wp\/v2\/media\/54326"}],"wp:attachment":[{"href":"https:\/\/fedai.az\/index.php?rest_route=%2Fwp%2Fv2%2Fmedia&parent=54325"}],"wp:term":[{"taxonomy":"category","embeddable":true,"href":"https:\/\/fedai.az\/index.php?rest_route=%2Fwp%2Fv2%2Fcategories&post=54325"},{"taxonomy":"post_tag","embeddable":true,"href":"https:\/\/fedai.az\/index.php?rest_route=%2Fwp%2Fv2%2Ftags&post=54325"}],"curies":[{"name":"wp","href":"https:\/\/api.w.org\/{rel}","templated":true}]}}