{"id":54331,"date":"2021-11-19T13:25:37","date_gmt":"2021-11-19T09:25:37","guid":{"rendered":"https:\/\/fedai.az\/?p=54331"},"modified":"2021-11-19T14:36:42","modified_gmt":"2021-11-19T10:36:42","slug":"din-qazil%c9%99rin-aksiyasi-il%c9%99-bagli-m%c9%99lumat-yaydi","status":"publish","type":"post","link":"https:\/\/fedai.az\/?p=54331","title":{"rendered":"D\u0130N qazil\u0259rin aksiyas\u0131 il\u0259 ba\u011fl\u0131 m\u0259lumat yayd\u0131"},"content":{"rendered":"\n<p><strong>Bu g\u00fcn 26 n\u0259f\u0259r sosial t\u0259minat probleml\u0259ri il\u0259 \u0259laq\u0259dar \u018fm\u0259k v\u0259 \u018fhalinin Sosial M\u00fcdafi\u0259si Nazirliyinin \u00f6n\u00fcn\u0259 topla\u015f\u0131b.<\/strong><\/p>\n\n\n\n<p>Bu bar\u0259d\u0259&nbsp;Daxili \u0130\u015fl\u0259r Nazirliyinin M\u0259tbuat Xidm\u0259tind\u0259n bildirilib.<\/p>\n\n\n\n<p>&#171;Onlara nazirliyin \u0259m\u0259kda\u015flar\u0131 t\u0259r\u0259find\u0259n q\u0259bul olunmalar\u0131 t\u0259klif edilib. H\u0259min \u015f\u0259xsl\u0259rd\u0259n bir qrupu t\u0259klifi q\u0259bul ed\u0259r\u0259k q\u0259bula gedib, t\u0259klifi q\u0259bul etm\u0259y\u0259nl\u0259r is\u0259 polis \u0259m\u0259kda\u015flar\u0131 t\u0259r\u0259find\u0259n \u0259razid\u0259n uzaqla\u015fd\u0131r\u0131l\u0131blar. Bu zaman he\u00e7 bir instident qeyd\u0259 al\u0131nmay\u0131b v\u0259 saxlan\u0131lan yoxdur. Eyni zamanda, qeyd ed\u0259k ki, h\u0259min \u015f\u0259xsl\u0259rin m\u00fcraci\u0259tl\u0259rinin aidiyy\u0259ti d\u00f6vl\u0259t qurumlar\u0131 t\u0259r\u0259find\u0259n ara\u015fd\u0131r\u0131lmas\u0131 onlar\u0131n diqq\u0259tin\u0259 \u00e7atd\u0131r\u0131l\u0131b&#187;, &#8212; nazirlikd\u0259n qeyd olunub.<\/p>\n\n\n\n<figure class=\"wp-block-embed is-type-video is-provider-youtube wp-block-embed-youtube wp-embed-aspect-16-9 wp-has-aspect-ratio\"><div class=\"wp-block-embed__wrapper\">\n<iframe loading=\"lazy\" title=\"&quot;\u0130STEFA VER! \u00c7IX GET&quot;-nazirlik \u00f6n\u00fcnd\u0259 AKS\u0130YA-&quot;M\u0130LL\u018fT ACDIR, AC! VER\u0130N HAQQIMIZI&quot;- SAXLANILANLAR VAR\" width=\"715\" height=\"402\" src=\"https:\/\/www.youtube.com\/embed\/ipPrt52gM_w?feature=oembed\" frameborder=\"0\" allow=\"accelerometer; autoplay; clipboard-write; encrypted-media; gyroscope; picture-in-picture\" allowfullscreen><\/iframe>\n<\/div><\/figure>\n","protected":false},"excerpt":{"rendered":"<p>Bu g\u00fcn 26 n\u0259f\u0259r sosial t\u0259minat probleml\u0259ri il\u0259 \u0259laq\u0259dar \u018fm\u0259k v\u0259 \u018fhalinin Sosial M\u00fcdafi\u0259si Nazirliyinin \u00f6n\u00fcn\u0259 topla\u015f\u0131b. Bu bar\u0259d\u0259&nbsp;Daxili \u0130\u015fl\u0259r Nazirliyinin M\u0259tbuat Xidm\u0259tind\u0259n bildirilib.<\/p>\n","protected":false},"author":2,"featured_media":54332,"comment_status":"closed","ping_status":"closed","sticky":false,"template":"","format":"standard","meta":{"footnotes":""},"categories":[12],"tags":[],"class_list":["post-54331","post","type-post","status-publish","format-standard","has-post-thumbnail","hentry","category-sosial"],"aioseo_notices":[],"_links":{"self":[{"href":"https:\/\/fedai.az\/index.php?rest_route=\/wp\/v2\/posts\/54331","targetHints":{"allow":["GET"]}}],"collection":[{"href":"https:\/\/fedai.az\/index.php?rest_route=\/wp\/v2\/posts"}],"about":[{"href":"https:\/\/fedai.az\/index.php?rest_route=\/wp\/v2\/types\/post"}],"author":[{"embeddable":true,"href":"https:\/\/fedai.az\/index.php?rest_route=\/wp\/v2\/users\/2"}],"replies":[{"embeddable":true,"href":"https:\/\/fedai.az\/index.php?rest_route=%2Fwp%2Fv2%2Fcomments&post=54331"}],"version-history":[{"count":2,"href":"https:\/\/fedai.az\/index.php?rest_route=\/wp\/v2\/posts\/54331\/revisions"}],"predecessor-version":[{"id":54339,"href":"https:\/\/fedai.az\/index.php?rest_route=\/wp\/v2\/posts\/54331\/revisions\/54339"}],"wp:featuredmedia":[{"embeddable":true,"href":"https:\/\/fedai.az\/index.php?rest_route=\/wp\/v2\/media\/54332"}],"wp:attachment":[{"href":"https:\/\/fedai.az\/index.php?rest_route=%2Fwp%2Fv2%2Fmedia&parent=54331"}],"wp:term":[{"taxonomy":"category","embeddable":true,"href":"https:\/\/fedai.az\/index.php?rest_route=%2Fwp%2Fv2%2Fcategories&post=54331"},{"taxonomy":"post_tag","embeddable":true,"href":"https:\/\/fedai.az\/index.php?rest_route=%2Fwp%2Fv2%2Ftags&post=54331"}],"curies":[{"name":"wp","href":"https:\/\/api.w.org\/{rel}","templated":true}]}}