{"id":54334,"date":"2021-11-19T13:40:09","date_gmt":"2021-11-19T09:40:09","guid":{"rendered":"https:\/\/fedai.az\/?p=54334"},"modified":"2021-11-19T13:40:12","modified_gmt":"2021-11-19T09:40:12","slug":"putin-rusiya-sulhm%c9%99ramli-kontingentinin-s%c9%99yl%c9%99rin%c9%99-son-d%c9%99r%c9%99c%c9%99-t%c9%99l%c9%99bat-var","status":"publish","type":"post","link":"https:\/\/fedai.az\/?p=54334","title":{"rendered":"Putin: &#171;Rusiya s\u00fclhm\u0259raml\u0131 kontingentinin s\u0259yl\u0259rin\u0259 son d\u0259r\u0259c\u0259 t\u0259l\u0259bat var&#187;"},"content":{"rendered":"\n<p><strong>Erm\u0259nistan-Az\u0259rbaycan s\u0259rh\u0259dind\u0259ki son hadis\u0259l\u0259r g\u00f6st\u0259rir ki, regionda v\u0259ziyy\u0259t sakitl\u0259\u015fm\u0259yib v\u0259 Rusiya s\u00fclhm\u0259raml\u0131 kontingentinin s\u0259yl\u0259rin\u0259 t\u0259l\u0259bat var.<\/strong><\/p>\n\n\n\n<p>Bu fikri Rusiya Prezidenti Vladimir Putin noyabr\u0131n 18-d\u0259 Rusiya X\u0130N kollegiyas\u0131n\u0131n iclas\u0131nda s\u00f6yl\u0259yib.<\/p>\n\n\n\n<p>Putin xat\u0131rlad\u0131b ki, Rusiyan\u0131n vasit\u0259\u00e7iliyi il\u0259 &#171;Da\u011fl\u0131q Qaraba\u011fda m\u00fcnaqi\u015f\u0259&#187; bir il bundan \u0259vv\u0259l dayand\u0131r\u0131l\u0131b.<\/p>\n\n\n\n<p>&#171;Lakin Erm\u0259nistan-Az\u0259rbaycan s\u0259rh\u0259dind\u0259 ba\u015f vermi\u015f at\u0131\u015fmalar g\u00f6st\u0259rib ki, regionda v\u0259ziyy\u0259t h\u0259l\u0259 tam sakitl\u0259\u015fm\u0259yib. Stabilliyin t\u0259min edilm\u0259si \u00fc\u00e7\u00fcn at\u0259\u015fk\u0259s rejiminin v\u0259 dinc \u0259halinin t\u0259hl\u00fck\u0259sizliyinin qarant\u0131 kimi Rusiya s\u00fclhm\u0259raml\u0131 kontingentinin s\u0259yl\u0259rin\u0259 son d\u0259r\u0259c\u0259 t\u0259l\u0259bat var&#187;, &#8212; Putin qeyd edib.<\/p>\n\n\n\n<p>Rusiya Prezidentinin s\u00f6zl\u0259rin\u0259 g\u00f6r\u0259, &#171;\u015f\u00fcbh\u0259siz, Az\u0259rbaycanla Erm\u0259nistan aras\u0131nda m\u00fcbahis\u0259li m\u0259s\u0259l\u0259l\u0259rin t\u0259nziml\u0259nm\u0259si \u00fczr\u0259 s\u0259yl\u0259rin davam etdirilm\u0259sind\u0259, C\u0259nubi Qafqazda iqtisadi \u0259laq\u0259l\u0259rin b\u0259rpa olunmas\u0131nda v\u0259 h\u0259yati \u0259h\u0259miyy\u0259tli n\u0259qliyyat d\u0259hlizl\u0259rinin a\u00e7\u0131lmas\u0131nda Rusiya diplomatiyas\u0131n\u0131n rolu art\u0131r.&#187;<\/p>\n\n\n\n<p>Vladimir Putin xat\u0131rlad\u0131b ki, C\u0259nubi Qafqazda iqtisadi \u0259laq\u0259l\u0259rin b\u0259rpa olunmas\u0131, h\u0259yati \u0259h\u0259miyy\u0259tli n\u0259qliyyat d\u0259hlizl\u0259rinin a\u00e7\u0131lmas\u0131 il\u0259 ba\u011fl\u0131 Ba\u015f nazirl\u0259rin m\u00fcavinl\u0259ri s\u0259viyy\u0259sind\u0259 d\u00f6vl\u0259tl\u0259raras\u0131 m\u00fcvafiq komissiya yarad\u0131l\u0131b.<\/p>\n\n\n\n<p>&#171;Bu komissiya i\u015fl\u0259yir. Fikrimc\u0259, bu komissiyan\u0131n i\u015finin perspektivl\u0259ri pis deyil., Rusiya daxil olmaqla, regionun b\u00fct\u00fcn \u00f6lk\u0259l\u0259ri, bu probleml\u0259rin uzunm\u00fcdd\u0259tli h\u0259llind\u0259 maraql\u0131d\u0131rlar&#187;, &#8212; Rusiya Prezidenti deyib.<\/p>\n\n\n\n<p>M\u0259nb\u0259: BBC<\/p>\n","protected":false},"excerpt":{"rendered":"<p>Erm\u0259nistan-Az\u0259rbaycan s\u0259rh\u0259dind\u0259ki son hadis\u0259l\u0259r g\u00f6st\u0259rir ki, regionda v\u0259ziyy\u0259t sakitl\u0259\u015fm\u0259yib v\u0259 Rusiya s\u00fclhm\u0259raml\u0131 kontingentinin s\u0259yl\u0259rin\u0259 t\u0259l\u0259bat var. Bu fikri Rusiya Prezidenti Vladimir Putin noyabr\u0131n 18-d\u0259<\/p>\n","protected":false},"author":2,"featured_media":54335,"comment_status":"closed","ping_status":"closed","sticky":false,"template":"","format":"standard","meta":{"footnotes":""},"categories":[13],"tags":[],"class_list":["post-54334","post","type-post","status-publish","format-standard","has-post-thumbnail","hentry","category-xarici"],"aioseo_notices":[],"_links":{"self":[{"href":"https:\/\/fedai.az\/index.php?rest_route=\/wp\/v2\/posts\/54334","targetHints":{"allow":["GET"]}}],"collection":[{"href":"https:\/\/fedai.az\/index.php?rest_route=\/wp\/v2\/posts"}],"about":[{"href":"https:\/\/fedai.az\/index.php?rest_route=\/wp\/v2\/types\/post"}],"author":[{"embeddable":true,"href":"https:\/\/fedai.az\/index.php?rest_route=\/wp\/v2\/users\/2"}],"replies":[{"embeddable":true,"href":"https:\/\/fedai.az\/index.php?rest_route=%2Fwp%2Fv2%2Fcomments&post=54334"}],"version-history":[{"count":1,"href":"https:\/\/fedai.az\/index.php?rest_route=\/wp\/v2\/posts\/54334\/revisions"}],"predecessor-version":[{"id":54336,"href":"https:\/\/fedai.az\/index.php?rest_route=\/wp\/v2\/posts\/54334\/revisions\/54336"}],"wp:featuredmedia":[{"embeddable":true,"href":"https:\/\/fedai.az\/index.php?rest_route=\/wp\/v2\/media\/54335"}],"wp:attachment":[{"href":"https:\/\/fedai.az\/index.php?rest_route=%2Fwp%2Fv2%2Fmedia&parent=54334"}],"wp:term":[{"taxonomy":"category","embeddable":true,"href":"https:\/\/fedai.az\/index.php?rest_route=%2Fwp%2Fv2%2Fcategories&post=54334"},{"taxonomy":"post_tag","embeddable":true,"href":"https:\/\/fedai.az\/index.php?rest_route=%2Fwp%2Fv2%2Ftags&post=54334"}],"curies":[{"name":"wp","href":"https:\/\/api.w.org\/{rel}","templated":true}]}}