{"id":54344,"date":"2021-11-20T02:29:04","date_gmt":"2021-11-19T22:29:04","guid":{"rendered":"https:\/\/fedai.az\/?p=54344"},"modified":"2021-11-20T02:29:07","modified_gmt":"2021-11-19T22:29:07","slug":"agdamin-isgaldan-azad-olunmasindan-1-il-otur","status":"publish","type":"post","link":"https:\/\/fedai.az\/?p=54344","title":{"rendered":"A\u011fdam\u0131n i\u015f\u011faldan azad olunmas\u0131ndan 1 il \u00f6t\u00fcr"},"content":{"rendered":"\n<p><strong>Bu g\u00fcn A\u011fdam\u0131n i\u015f\u011faldan azad olunmas\u0131ndan bir il \u00f6t\u00fcr.<\/strong><\/p>\n\n\n\n<p>&nbsp;Az\u0259rbaycan\u0131n 44 g\u00fcnl\u00fck V\u0259t\u0259n m\u00fcharib\u0259sind\u0259 \u0259ld\u0259 etdiyi tarixi Z\u0259f\u0259r n\u0259tic\u0259sind\u0259 Az\u0259rbaycan Respublikas\u0131n\u0131n Prezidenti, Erm\u0259nistan Respublikas\u0131n\u0131n ba\u015f naziri v\u0259 Rusiya Federasiyas\u0131n\u0131n Prezidentinin imzalad\u0131\u011f\u0131 3 t\u0259r\u0259fli B\u0259yanata \u0259sas\u0259n noyabr\u0131n 20-d\u0259 A\u011fdam rayonu Az\u0259rbaycan t\u0259r\u0259fin\u0259 t\u0259hfil verilib.<\/p>\n\n\n\n<p>Noyabr\u0131n 20-d\u0259 i\u015f\u011faldan azad olunan A\u011fdam rayonu tamamil\u0259 Az\u0259rbaycan Ordusunun n\u0259zar\u0259ti alt\u0131na ke\u00e7ib. A\u011fdam \u015f\u0259h\u0259rinin m\u0259rk\u0259zind\u0259 Az\u0259rbaycan\u0131n D\u00f6vl\u0259t Bayra\u011f\u0131 ucald\u0131l\u0131b, D\u00f6vl\u0259t himni s\u0259sl\u0259ndirilib v\u0259 Az\u0259rbaycan Respublikas\u0131n\u0131n Prezidenti, Silahl\u0131 Q\u00fcvv\u0259l\u0259rin Ali Ba\u015f Komandan\u0131 c\u0259nab \u0130lham \u018fliyev\u0259 m\u0259ruz\u0259 olunub.<\/p>\n\n\n\n<p>1994-c\u00fc il may ay\u0131n\u0131n 12-d\u0259k davam ed\u0259n h\u0259rbi t\u0259cav\u00fcz n\u0259tic\u0259sind\u0259 erm\u0259nil\u0259r A\u011fdam rayonu \u0259razisinin 846,7 kvadrat kilometrini, y\u0259ni \u00fcmumi \u0259razisinin 77,4 faizini i\u015f\u011fal etmi\u015fdi. A\u011fdam\u0131n m\u00fcdafi\u0259si u\u011frunda 5 ild\u0259n art\u0131q ged\u0259n qanl\u0131 d\u00f6y\u00fc\u015fl\u0259rd\u0259 rayon 5897 \u015f\u0259hid verib. H\u0259min d\u00f6y\u00fc\u015fl\u0259rd\u0259 3531 n\u0259f\u0259r \u0259lil olub, 1871 n\u0259f\u0259r u\u015faq valideynl\u0259rini itirib. 126 min n\u0259f\u0259rd\u0259n art\u0131q a\u011fdaml\u0131 \u00f6z do\u011fma ev-e\u015fiyind\u0259n did\u0259rgin d\u00fc\u015fm\u00fc\u015fd\u00fc.<\/p>\n\n\n\n<p>A\u011fdamda q\u0259dim tarix\u0259 malik \u00e7oxlu memarl\u0131q v\u0259 inc\u0259s\u0259n\u0259t abid\u0259l\u0259ri var. XIX \u0259srd\u0259 tikilmi\u015f t\u00fcrb\u0259, Xano\u011flu t\u00fcrb\u0259si, P\u0259nah xan\u0131n t\u00fcrb\u0259si, P\u0259nah xan\u0131n imar\u0259ti, iki sand\u0131\u011fab\u0259nz\u0259r abid\u0259, XV \u0259sr\u0259 aid S\u0259rdab\u0259 v\u0259 Hat\u0259m M\u0259lik qalas\u0131, C\u00fcm\u0259 m\u0259scidi v\u0259 \u015eahbulaq m\u0259scidi A\u011fdam rayonu \u0259razisind\u0259 yerl\u0259\u015fir.<\/p>\n\n\n\n<p>A\u011fdam i\u015f\u011faldan azad olunduqdan sonra erm\u0259nil\u0259rin viran qoydu\u011fu, Qafqaz\u0131n Xirosimas\u0131 adland\u0131r\u0131lan bu \u015f\u0259h\u0259rd\u0259 b\u0259rpa v\u0259 quruculuq i\u015fl\u0259rin\u0259 ba\u015flan\u0131l\u0131b. \u0130\u015f\u011faldan azad olundu\u011fu bir il m\u00fcdd\u0259tind\u0259 A\u011fdamda m\u00fcsb\u0259t\u0259 do\u011fru \u00e7ox d\u0259yi\u015fiklik ba\u015f verib, b\u0259rpa v\u0259 yenid\u0259nqurma i\u015fl\u0259ri s\u00fcr\u0259tl\u0259 davam etdirilir. Az\u0259rbaycan Prezidentinin v\u0259 d\u00f6vl\u0259tinin m\u0259qs\u0259di A\u011fdam\u0131 regionun \u0259n g\u00f6z\u0259l \u015f\u0259h\u0259rl\u0259rind\u0259n birin\u0259 \u00e7evirm\u0259kdir. Art\u0131q A\u011fdam \u015f\u0259h\u0259rinin Ba\u015f Plan\u0131 haz\u0131rlanaraq t\u0259qdim edilib v\u0259 bu plan\u0131n h\u0259yata ke\u00e7irilm\u0259si istiqam\u0259tind\u0259 i\u015fl\u0259r davam etm\u0259kd\u0259dir.<\/p>\n","protected":false},"excerpt":{"rendered":"<p>Bu g\u00fcn A\u011fdam\u0131n i\u015f\u011faldan azad olunmas\u0131ndan bir il \u00f6t\u00fcr. &nbsp;Az\u0259rbaycan\u0131n 44 g\u00fcnl\u00fck V\u0259t\u0259n m\u00fcharib\u0259sind\u0259 \u0259ld\u0259 etdiyi tarixi Z\u0259f\u0259r n\u0259tic\u0259sind\u0259 Az\u0259rbaycan Respublikas\u0131n\u0131n Prezidenti, Erm\u0259nistan Respublikas\u0131n\u0131n<\/p>\n","protected":false},"author":2,"featured_media":54345,"comment_status":"closed","ping_status":"closed","sticky":false,"template":"","format":"standard","meta":{"footnotes":""},"categories":[3],"tags":[],"class_list":["post-54344","post","type-post","status-publish","format-standard","has-post-thumbnail","hentry","category-gundm"],"aioseo_notices":[],"_links":{"self":[{"href":"https:\/\/fedai.az\/index.php?rest_route=\/wp\/v2\/posts\/54344","targetHints":{"allow":["GET"]}}],"collection":[{"href":"https:\/\/fedai.az\/index.php?rest_route=\/wp\/v2\/posts"}],"about":[{"href":"https:\/\/fedai.az\/index.php?rest_route=\/wp\/v2\/types\/post"}],"author":[{"embeddable":true,"href":"https:\/\/fedai.az\/index.php?rest_route=\/wp\/v2\/users\/2"}],"replies":[{"embeddable":true,"href":"https:\/\/fedai.az\/index.php?rest_route=%2Fwp%2Fv2%2Fcomments&post=54344"}],"version-history":[{"count":1,"href":"https:\/\/fedai.az\/index.php?rest_route=\/wp\/v2\/posts\/54344\/revisions"}],"predecessor-version":[{"id":54346,"href":"https:\/\/fedai.az\/index.php?rest_route=\/wp\/v2\/posts\/54344\/revisions\/54346"}],"wp:featuredmedia":[{"embeddable":true,"href":"https:\/\/fedai.az\/index.php?rest_route=\/wp\/v2\/media\/54345"}],"wp:attachment":[{"href":"https:\/\/fedai.az\/index.php?rest_route=%2Fwp%2Fv2%2Fmedia&parent=54344"}],"wp:term":[{"taxonomy":"category","embeddable":true,"href":"https:\/\/fedai.az\/index.php?rest_route=%2Fwp%2Fv2%2Fcategories&post=54344"},{"taxonomy":"post_tag","embeddable":true,"href":"https:\/\/fedai.az\/index.php?rest_route=%2Fwp%2Fv2%2Ftags&post=54344"}],"curies":[{"name":"wp","href":"https:\/\/api.w.org\/{rel}","templated":true}]}}