{"id":54353,"date":"2021-11-20T02:36:57","date_gmt":"2021-11-19T22:36:57","guid":{"rendered":"https:\/\/fedai.az\/?p=54353"},"modified":"2021-11-20T02:37:01","modified_gmt":"2021-11-19T22:37:01","slug":"ilham-%c9%99liyevl%c9%99-pasinyan-bu-tarixd%c9%99-gorus%c9%99c%c9%99k","status":"publish","type":"post","link":"https:\/\/fedai.az\/?p=54353","title":{"rendered":"\u0130lham \u018fliyevl\u0259 Pa\u015finyan bu tarixd\u0259 g\u00f6r\u00fc\u015f\u0259c\u0259k"},"content":{"rendered":"\n<p><strong>Avropa \u0130ttifaq\u0131 \u015euras\u0131n\u0131n prezidenti \u015earl Mi\u015fel regiondak\u0131 v\u0259ziyy\u0259ti v\u0259 dekabr\u0131n 15-d\u0259 Br\u00fcsseld\u0259 ke\u00e7iril\u0259c\u0259k &#171;\u015e\u0259rq T\u0259r\u0259fda\u015fl\u0131\u011f\u0131&#187; Sammitin\u0259 haz\u0131rl\u0131\u011f\u0131 m\u00fczakir\u0259 etm\u0259k \u00fc\u00e7\u00fcn Az\u0259rbaycan Prezidenti \u0130lham \u018fliyev v\u0259 Erm\u0259nistan\u0131n Ba\u015f naziri Nikol Pa\u015finyanla telefon \u0259laq\u0259si saxlay\u0131b.<\/strong><\/p>\n\n\n\n<p>Bu bar\u0259d\u0259 A\u0130 \u015euras\u0131n\u0131n m\u0259tbuat xidm\u0259ti m\u0259lumat yay\u0131b.<br><br>M\u0259lumatda bildirilib ki, A\u0130 \u015euras\u0131n\u0131n Prezidenti \u015earl Mi\u015fel Sammit \u00e7\u0259r\u00e7iv\u0259sind\u0259 Prezident \u0130lham \u018fliyev v\u0259 Ba\u015f nazir Nikol Pa\u015finyan\u0131n Br\u00fcsseld\u0259 g\u00f6r\u00fc\u015f\u00fcn\u0259 ev sahibliyi etm\u0259yi t\u0259klif edib.<br><br>&#171;Liderl\u0259r A\u0130-nin d\u0259st\u0259kl\u0259diyi firavan v\u0259 sabit C\u0259nubi Qafqaz \u00fc\u00e7\u00fcn regional v\u0259ziyy\u0259ti v\u0259 g\u0259rginliyin aradan qald\u0131r\u0131lmas\u0131 yollar\u0131n\u0131 m\u00fczakir\u0259 etm\u0259k \u00fc\u00e7\u00fcn Br\u00fcsseld\u0259 g\u00f6r\u00fc\u015fm\u0259y\u0259 raz\u0131la\u015f\u0131blar&#187;, dey\u0259 A\u0130-nin m\u0259lumat\u0131nda qeyd olunub.<br><br>Telefon dan\u0131\u015f\u0131qlar\u0131 zaman\u0131 Erm\u0259nistan v\u0259 Az\u0259rbaycan liderl\u0259ri h\u0259m\u00e7inin insidentl\u0259rin qar\u015f\u0131s\u0131n\u0131n al\u0131nmas\u0131 mexanizmi kimi m\u00fcvafiq m\u00fcdafi\u0259 nazirl\u0259ri s\u0259viyy\u0259sind\u0259 birba\u015fa rabit\u0259 x\u0259ttinin yarad\u0131lmas\u0131 bar\u0259d\u0259 raz\u0131la\u015f\u0131blar.<\/p>\n\n\n\n<p>M\u0259nb\u0259: APA<\/p>\n","protected":false},"excerpt":{"rendered":"<p>Avropa \u0130ttifaq\u0131 \u015euras\u0131n\u0131n prezidenti \u015earl Mi\u015fel regiondak\u0131 v\u0259ziyy\u0259ti v\u0259 dekabr\u0131n 15-d\u0259 Br\u00fcsseld\u0259 ke\u00e7iril\u0259c\u0259k &#171;\u015e\u0259rq T\u0259r\u0259fda\u015fl\u0131\u011f\u0131&#187; Sammitin\u0259 haz\u0131rl\u0131\u011f\u0131 m\u00fczakir\u0259 etm\u0259k \u00fc\u00e7\u00fcn Az\u0259rbaycan Prezidenti \u0130lham \u018fliyev<\/p>\n","protected":false},"author":2,"featured_media":54354,"comment_status":"closed","ping_status":"closed","sticky":false,"template":"","format":"standard","meta":{"footnotes":""},"categories":[1],"tags":[],"class_list":["post-54353","post","type-post","status-publish","format-standard","has-post-thumbnail","hentry","category-siyast"],"aioseo_notices":[],"_links":{"self":[{"href":"https:\/\/fedai.az\/index.php?rest_route=\/wp\/v2\/posts\/54353","targetHints":{"allow":["GET"]}}],"collection":[{"href":"https:\/\/fedai.az\/index.php?rest_route=\/wp\/v2\/posts"}],"about":[{"href":"https:\/\/fedai.az\/index.php?rest_route=\/wp\/v2\/types\/post"}],"author":[{"embeddable":true,"href":"https:\/\/fedai.az\/index.php?rest_route=\/wp\/v2\/users\/2"}],"replies":[{"embeddable":true,"href":"https:\/\/fedai.az\/index.php?rest_route=%2Fwp%2Fv2%2Fcomments&post=54353"}],"version-history":[{"count":1,"href":"https:\/\/fedai.az\/index.php?rest_route=\/wp\/v2\/posts\/54353\/revisions"}],"predecessor-version":[{"id":54355,"href":"https:\/\/fedai.az\/index.php?rest_route=\/wp\/v2\/posts\/54353\/revisions\/54355"}],"wp:featuredmedia":[{"embeddable":true,"href":"https:\/\/fedai.az\/index.php?rest_route=\/wp\/v2\/media\/54354"}],"wp:attachment":[{"href":"https:\/\/fedai.az\/index.php?rest_route=%2Fwp%2Fv2%2Fmedia&parent=54353"}],"wp:term":[{"taxonomy":"category","embeddable":true,"href":"https:\/\/fedai.az\/index.php?rest_route=%2Fwp%2Fv2%2Fcategories&post=54353"},{"taxonomy":"post_tag","embeddable":true,"href":"https:\/\/fedai.az\/index.php?rest_route=%2Fwp%2Fv2%2Ftags&post=54353"}],"curies":[{"name":"wp","href":"https:\/\/api.w.org\/{rel}","templated":true}]}}