{"id":54356,"date":"2021-11-20T02:40:28","date_gmt":"2021-11-19T22:40:28","guid":{"rendered":"https:\/\/fedai.az\/?p=54356"},"modified":"2021-11-20T02:40:30","modified_gmt":"2021-11-19T22:40:30","slug":"anama-nin-qrup-r%c9%99hb%c9%99ri-z%c9%99ngilanda-minaya-dusdu","status":"publish","type":"post","link":"https:\/\/fedai.az\/?p=54356","title":{"rendered":"ANAMA-n\u0131n qrup r\u0259hb\u0259ri Z\u0259ngilanda minaya d\u00fc\u015fd\u00fc"},"content":{"rendered":"\n<p><strong>Bu g\u00fcn Minat\u0259mizl\u0259m\u0259 Agentliyinin (ANAMA) \u0259m\u0259kda\u015f\u0131 Babayev Vaqif \u018flizad o\u011flu Z\u0259ngilan\u0131n Bartaz q\u0259s\u0259b\u0259si \u0259razisind\u0259 minaya d\u00fc\u015f\u00fcb.<\/strong><\/p>\n\n\n\n<p>Hadis\u0259 g\u00fcnorta saatlar\u0131nda ba\u015f verib.<\/p>\n\n\n\n<p>Minaya d\u00fc\u015f\u0259n 1972-ci il t\u0259v\u0259ll\u00fcdl\u00fc ANAMA \u0259m\u0259kda\u015f\u0131n\u0131n v\u0259ziyy\u0259tinin a\u011f\u0131r oldu\u011fu bildirilir. O, Bak\u0131ya x\u0259st\u0259xanaya \u00e7atd\u0131r\u0131l\u0131b. M\u0259lumata g\u00f6r\u0259, Vaqif Babayev ANAMA-da qrup r\u0259hb\u0259ridir.<\/p>\n\n\n\n<p>H\u00fcquq-m\u00fchafiz\u0259 orqanlar\u0131ndan &#171;Qafqazinfo\u201dya fakt\u0131 t\u0259sdiql\u0259yibl\u0259r.<br>\u00a0<br>M\u0259nb\u0259: Qafqazinfo<\/p>\n","protected":false},"excerpt":{"rendered":"<p>Bu g\u00fcn Minat\u0259mizl\u0259m\u0259 Agentliyinin (ANAMA) \u0259m\u0259kda\u015f\u0131 Babayev Vaqif \u018flizad o\u011flu Z\u0259ngilan\u0131n Bartaz q\u0259s\u0259b\u0259si \u0259razisind\u0259 minaya d\u00fc\u015f\u00fcb. Hadis\u0259 g\u00fcnorta saatlar\u0131nda ba\u015f verib. Minaya d\u00fc\u015f\u0259n 1972-ci<\/p>\n","protected":false},"author":2,"featured_media":54357,"comment_status":"closed","ping_status":"closed","sticky":false,"template":"","format":"standard","meta":{"footnotes":""},"categories":[4],"tags":[],"class_list":["post-54356","post","type-post","status-publish","format-standard","has-post-thumbnail","hentry","category-qarabag"],"aioseo_notices":[],"_links":{"self":[{"href":"https:\/\/fedai.az\/index.php?rest_route=\/wp\/v2\/posts\/54356","targetHints":{"allow":["GET"]}}],"collection":[{"href":"https:\/\/fedai.az\/index.php?rest_route=\/wp\/v2\/posts"}],"about":[{"href":"https:\/\/fedai.az\/index.php?rest_route=\/wp\/v2\/types\/post"}],"author":[{"embeddable":true,"href":"https:\/\/fedai.az\/index.php?rest_route=\/wp\/v2\/users\/2"}],"replies":[{"embeddable":true,"href":"https:\/\/fedai.az\/index.php?rest_route=%2Fwp%2Fv2%2Fcomments&post=54356"}],"version-history":[{"count":1,"href":"https:\/\/fedai.az\/index.php?rest_route=\/wp\/v2\/posts\/54356\/revisions"}],"predecessor-version":[{"id":54358,"href":"https:\/\/fedai.az\/index.php?rest_route=\/wp\/v2\/posts\/54356\/revisions\/54358"}],"wp:featuredmedia":[{"embeddable":true,"href":"https:\/\/fedai.az\/index.php?rest_route=\/wp\/v2\/media\/54357"}],"wp:attachment":[{"href":"https:\/\/fedai.az\/index.php?rest_route=%2Fwp%2Fv2%2Fmedia&parent=54356"}],"wp:term":[{"taxonomy":"category","embeddable":true,"href":"https:\/\/fedai.az\/index.php?rest_route=%2Fwp%2Fv2%2Fcategories&post=54356"},{"taxonomy":"post_tag","embeddable":true,"href":"https:\/\/fedai.az\/index.php?rest_route=%2Fwp%2Fv2%2Ftags&post=54356"}],"curies":[{"name":"wp","href":"https:\/\/api.w.org\/{rel}","templated":true}]}}