{"id":54378,"date":"2021-11-20T03:40:33","date_gmt":"2021-11-19T23:40:33","guid":{"rendered":"https:\/\/fedai.az\/?p=54378"},"modified":"2021-11-20T03:40:37","modified_gmt":"2021-11-19T23:40:37","slug":"bil%c9%99suvar-rayonunda-veteranlar-s%c9%99hidin-il-m%c9%99rasimind%c9%99-istirak-edibl%c9%99r","status":"publish","type":"post","link":"https:\/\/fedai.az\/?p=54378","title":{"rendered":"Bil\u0259suvar rayonunda veteranlar \u015f\u0259hidin il m\u0259rasimind\u0259 i\u015ftirak edibl\u0259r"},"content":{"rendered":"\n<p><strong>Bil\u0259suvar rayonunda \u015f\u0259hid Ziy\u0259ddin Ariz o\u011flu N\u0259z\u0259rovun \u015f\u0259had\u0259tinin il m\u0259rasimi ke\u00e7irilib. Az\u0259rbaycan V\u0259t\u0259n M\u00fcharib\u0259si Veteranlar\u0131 \u0130ctimai Birliyi (AVMV\u0130B) Bil\u0259suvar rayon \u015f\u00f6b\u0259sinin \u00fczv\u00fc olan m\u00fcharib\u0259 veteranlar\u0131 m\u0259rasimd\u0259 i\u015ftirak edibl\u0259r.<\/strong><\/p>\n\n\n\n<p>Bu bar\u0259d\u0259 Az\u0259rbaycan V\u0259t\u0259n M\u00fcharib\u0259si Veteranlar\u0131 \u0130ctimai Birliyi (AVMV\u0130B) Bil\u0259suvar rayon \u015f\u00f6b\u0259sinin s\u0259dri Qurban Qurbanov m\u0259lumat verib.<\/p>\n\n\n\n<p>Qurban Qurbanov bildirib ki, \u015f\u0259hid Ziy\u0259ddin N\u0259z\u0259rovun \u0259misi V\u0259t\u0259n m\u00fcharib\u0259si qazisi Elsev\u0259r N\u0259z\u0259rov AVMV\u0130B Bil\u0259suvar rayon \u015f\u00f6b\u0259sinin \u00fczv\u00fcd\u00fcr. M\u00fcharib\u0259 veteranlar\u0131 \u015f\u0259hidin m\u0259zar\u0131n\u0131 ziyar\u0259t etmi\u015f, m\u0259zar\u0131 \u00fcz\u0259rin\u0259 g\u00fcl qoyaraq dualar etmi\u015fl\u0259r.<\/p>\n\n\n\n<p>Q. Qurbanov bildirib ki, ba\u015fqa bir \u015f\u0259hidimiz Bab\u0259k S\u00fcleyman o\u011flu Mahmudlunun atas\u0131, Qoca Q\u0259ssab l\u0259q\u0259bli k\u00f6hn\u0259 d\u00f6y\u00fc\u015f\u00e7\u00fc S\u00fcleyman Mahmudovun Spase kanal\u0131nda v\u0259t\u0259np\u0259rv\u0259rlik m\u00f6vsuzunda \u00e7\u0131x\u0131\u015f\u0131 olacaq. \u015e\u00f6b\u0259 s\u0259dri, m\u00fcharib\u0259 veteranlar\u0131n\u0131 televiziyada saat 17:25-d\u0259 yay\u0131nlanacaq bu verili\u015f\u0259 baxma\u011fa d\u0259v\u0259t edib.<\/p>\n\n\n\n<p><strong>Allah \u015f\u0259hidl\u0259rimiz\u0259 r\u0259hm\u0259t el\u0259sin!<\/strong><\/p>\n\n\n\n<p><strong>Elnur S\u0259lim<\/strong><\/p>\n\n\n\n<figure class=\"wp-block-image size-large\"><img decoding=\"async\" src=\"https:\/\/fedai.az\/wp-content\/uploads\/2021\/11\/257653913_127910896317623_8513718584959370149_n-1024x768.jpg\" alt=\"\" class=\"wp-image-54379\"\/><\/figure>\n","protected":false},"excerpt":{"rendered":"<p>Bil\u0259suvar rayonunda \u015f\u0259hid Ziy\u0259ddin Ariz o\u011flu N\u0259z\u0259rovun \u015f\u0259had\u0259tinin il m\u0259rasimi ke\u00e7irilib. Az\u0259rbaycan V\u0259t\u0259n M\u00fcharib\u0259si Veteranlar\u0131 \u0130ctimai Birliyi (AVMV\u0130B) Bil\u0259suvar rayon \u015f\u00f6b\u0259sinin \u00fczv\u00fc olan m\u00fcharib\u0259<\/p>\n","protected":false},"author":2,"featured_media":54380,"comment_status":"closed","ping_status":"closed","sticky":false,"template":"","format":"standard","meta":{"footnotes":""},"categories":[5],"tags":[],"class_list":["post-54378","post","type-post","status-publish","format-standard","has-post-thumbnail","hentry","category-veteran"],"aioseo_notices":[],"_links":{"self":[{"href":"https:\/\/fedai.az\/index.php?rest_route=\/wp\/v2\/posts\/54378","targetHints":{"allow":["GET"]}}],"collection":[{"href":"https:\/\/fedai.az\/index.php?rest_route=\/wp\/v2\/posts"}],"about":[{"href":"https:\/\/fedai.az\/index.php?rest_route=\/wp\/v2\/types\/post"}],"author":[{"embeddable":true,"href":"https:\/\/fedai.az\/index.php?rest_route=\/wp\/v2\/users\/2"}],"replies":[{"embeddable":true,"href":"https:\/\/fedai.az\/index.php?rest_route=%2Fwp%2Fv2%2Fcomments&post=54378"}],"version-history":[{"count":1,"href":"https:\/\/fedai.az\/index.php?rest_route=\/wp\/v2\/posts\/54378\/revisions"}],"predecessor-version":[{"id":54381,"href":"https:\/\/fedai.az\/index.php?rest_route=\/wp\/v2\/posts\/54378\/revisions\/54381"}],"wp:featuredmedia":[{"embeddable":true,"href":"https:\/\/fedai.az\/index.php?rest_route=\/wp\/v2\/media\/54380"}],"wp:attachment":[{"href":"https:\/\/fedai.az\/index.php?rest_route=%2Fwp%2Fv2%2Fmedia&parent=54378"}],"wp:term":[{"taxonomy":"category","embeddable":true,"href":"https:\/\/fedai.az\/index.php?rest_route=%2Fwp%2Fv2%2Fcategories&post=54378"},{"taxonomy":"post_tag","embeddable":true,"href":"https:\/\/fedai.az\/index.php?rest_route=%2Fwp%2Fv2%2Ftags&post=54378"}],"curies":[{"name":"wp","href":"https:\/\/api.w.org\/{rel}","templated":true}]}}