{"id":54382,"date":"2021-11-20T03:44:56","date_gmt":"2021-11-19T23:44:56","guid":{"rendered":"https:\/\/fedai.az\/?p=54382"},"modified":"2021-11-20T03:44:59","modified_gmt":"2021-11-19T23:44:59","slug":"gizli-danisiqlar-gedir-erm%c9%99nistan-raziliq-verib-v%c9%99-rusiyaya-yazili-bildiris-gond%c9%99rib-koc%c9%99ryan","status":"publish","type":"post","link":"https:\/\/fedai.az\/?p=54382","title":{"rendered":"\u201cGizli dan\u0131\u015f\u0131qlar gedir, Erm\u0259nistan raz\u0131l\u0131q verib v\u0259 Rusiyaya yaz\u0131l\u0131 bildiri\u015f g\u00f6nd\u0259rib\u201d \u2013 K\u00d6\u00c7\u018fRYAN"},"content":{"rendered":"\n<p><strong>Erm\u0259nistan s\u0259rh\u0259dl\u0259rin demarkasiyas\u0131 prosesinin ba\u015flanmas\u0131na raz\u0131l\u0131q verib.<\/strong><\/p>\n\n\n\n<p>Qafqaz.media\u00a0\u201cnews.am\u201da istinad\u0259n x\u0259b\u0259r verir ki, bunu Erm\u0259nistan parlamentinin m\u00fcdafi\u0259 v\u0259 t\u0259hl\u00fck\u0259sizlik m\u0259s\u0259l\u0259l\u0259ri \u00fczr\u0259 daimi komissiyas\u0131n\u0131n s\u0259dri Andranik K\u00f6\u00e7\u0259ryan deyib.<\/p>\n\n\n\n<p>O bildirib ki, demarkasiya prosesi s\u0259rh\u0259din s\u0131f\u0131r n\u00f6qt\u0259sind\u0259n ba\u015flayacaq.<\/p>\n\n\n\n<p>K\u00f6\u00e7\u0259ryan Erm\u0259nistan\u0131n prosesin ba\u015flanmas\u0131nda i\u015ftiraka raz\u0131l\u0131q verdiyini a\u00e7\u0131qlasa da, Moskvadan al\u0131nan t\u0259klifl\u0259rl\u0259 ba\u011fl\u0131 t\u0259f\u0259rr\u00fcatlardan dan\u0131\u015fmay\u0131b.<\/p>\n\n\n\n<p>Hakim \u201cV\u0259t\u0259nda\u015f m\u00fcqavil\u0259si\u201d partiyas\u0131ndan olan dig\u0259r deputat Eduard A\u011facanyan is\u0259 qeyd edib ki, Erm\u0259nistan m\u00fcvafiq komissiyan\u0131n formala\u015fd\u0131r\u0131lmas\u0131na v\u0259 i\u015f\u0259 ba\u015flama\u011fa haz\u0131rd\u0131r.<\/p>\n\n\n\n<p>\u201cProses m\u00fc\u0259yy\u0259n texniki m\u0259s\u0259l\u0259l\u0259rl\u0259 ba\u011fl\u0131 m\u00fc\u0259yy\u0259n raz\u0131l\u0131q \u0259ld\u0259 edildikd\u0259n sonra ba\u015flana bil\u0259r. Erm\u0259nistan \u0259vv\u0259ll\u0259r Moskvan\u0131n s\u0259sl\u0259ndirdiyi t\u0259klifl\u0259rin q\u0259bul edilm\u0259si il\u0259 ba\u011fl\u0131 Rusiyaya yaz\u0131l\u0131 bildiri\u015f g\u00f6nd\u0259rib. M\u0259zmun haqq\u0131nda dan\u0131\u015fmaq h\u0259l\u0259 tezdir. S\u00f6hb\u0259t yaln\u0131z haz\u0131rl\u0131q i\u015fl\u0259rinin ba\u015flamas\u0131ndan gedir\u201d, &#8212; dey\u0259 A\u011facanyan izah edib.<\/p>\n\n\n\n<p>Hakim partiyadan olan deputat Artur Ovanesyan is\u0259 deyib ki, Erm\u0259nistan \u00e7ox g\u0259rgin prosesl\u0259 \u00fczl\u0259\u015fir v\u0259 h\u0259r bir f\u00fcrs\u0259tin m\u00fczakir\u0259si vacibdir.<\/p>\n\n\n\n<p>Deputat b\u00fct\u00fcn dan\u0131\u015f\u0131qlar gizli \u015f\u0259kild\u0259 apar\u0131ld\u0131\u011f\u0131n\u0131 deyib.<\/p>\n\n\n\n<p>Andranik K\u00f6\u00e7\u0259ryan is\u0259 dan\u0131\u015f\u0131qlar\u0131n gizli apar\u0131lmas\u0131n\u0131 bel\u0259 \u0259sasland\u0131r\u0131b: &#171;Bu i\u015fd\u0259 m\u0259xfilik son d\u0259r\u0259c\u0259 z\u0259ruridir, \u00e7\u00fcnki bu, h\u0259m d\u0259 s\u0259rh\u0259dd\u0259 q\u00fcvv\u0259l\u0259rin s\u0131ralanmas\u0131na aiddir. Bu, \u00e7ox diqq\u0259tl\u0259 edilm\u0259lidir ki, yeni toqqu\u015fmalara s\u0259b\u0259b ola bil\u0259c\u0259k yeni g\u0259rginlik ocaqlar\u0131 olmas\u0131n\u201d.<\/p>\n\n\n\n<p>M\u0259nb\u0259: Qafqaz.media<\/p>\n","protected":false},"excerpt":{"rendered":"<p>Erm\u0259nistan s\u0259rh\u0259dl\u0259rin demarkasiyas\u0131 prosesinin ba\u015flanmas\u0131na raz\u0131l\u0131q verib. Qafqaz.media\u00a0\u201cnews.am\u201da istinad\u0259n x\u0259b\u0259r verir ki, bunu Erm\u0259nistan parlamentinin m\u00fcdafi\u0259 v\u0259 t\u0259hl\u00fck\u0259sizlik m\u0259s\u0259l\u0259l\u0259ri \u00fczr\u0259 daimi komissiyas\u0131n\u0131n s\u0259dri Andranik<\/p>\n","protected":false},"author":2,"featured_media":54383,"comment_status":"closed","ping_status":"closed","sticky":false,"template":"","format":"standard","meta":{"footnotes":""},"categories":[4],"tags":[],"class_list":["post-54382","post","type-post","status-publish","format-standard","has-post-thumbnail","hentry","category-qarabag"],"aioseo_notices":[],"_links":{"self":[{"href":"https:\/\/fedai.az\/index.php?rest_route=\/wp\/v2\/posts\/54382","targetHints":{"allow":["GET"]}}],"collection":[{"href":"https:\/\/fedai.az\/index.php?rest_route=\/wp\/v2\/posts"}],"about":[{"href":"https:\/\/fedai.az\/index.php?rest_route=\/wp\/v2\/types\/post"}],"author":[{"embeddable":true,"href":"https:\/\/fedai.az\/index.php?rest_route=\/wp\/v2\/users\/2"}],"replies":[{"embeddable":true,"href":"https:\/\/fedai.az\/index.php?rest_route=%2Fwp%2Fv2%2Fcomments&post=54382"}],"version-history":[{"count":1,"href":"https:\/\/fedai.az\/index.php?rest_route=\/wp\/v2\/posts\/54382\/revisions"}],"predecessor-version":[{"id":54384,"href":"https:\/\/fedai.az\/index.php?rest_route=\/wp\/v2\/posts\/54382\/revisions\/54384"}],"wp:featuredmedia":[{"embeddable":true,"href":"https:\/\/fedai.az\/index.php?rest_route=\/wp\/v2\/media\/54383"}],"wp:attachment":[{"href":"https:\/\/fedai.az\/index.php?rest_route=%2Fwp%2Fv2%2Fmedia&parent=54382"}],"wp:term":[{"taxonomy":"category","embeddable":true,"href":"https:\/\/fedai.az\/index.php?rest_route=%2Fwp%2Fv2%2Fcategories&post=54382"},{"taxonomy":"post_tag","embeddable":true,"href":"https:\/\/fedai.az\/index.php?rest_route=%2Fwp%2Fv2%2Ftags&post=54382"}],"curies":[{"name":"wp","href":"https:\/\/api.w.org\/{rel}","templated":true}]}}