{"id":54385,"date":"2021-11-20T03:54:04","date_gmt":"2021-11-19T23:54:04","guid":{"rendered":"https:\/\/fedai.az\/?p=54385"},"modified":"2021-11-20T03:55:57","modified_gmt":"2021-11-19T23:55:57","slug":"qardas-olk%c9%99d%c9%99-z%c9%99lz%c9%99l%c9%99-olub-x%c9%99sar%c9%99t-alanlar-var","status":"publish","type":"post","link":"https:\/\/fedai.az\/?p=54385","title":{"rendered":"Qarda\u015f \u00f6lk\u0259d\u0259 z\u0259lz\u0259l\u0259 olub, x\u0259sar\u0259t alanlar var"},"content":{"rendered":"\n<p><strong>T\u00fcrkiy\u0259nin \u018frzurum \u015f\u0259h\u0259rind\u0259 ba\u015f ver\u0259n 5,1 bal g\u00fcc\u00fcnd\u0259 z\u0259lz\u0259l\u0259 n\u0259tic\u0259sind\u0259 2 k\u0259ndd\u0259 da\u011f\u0131nt\u0131lar ba\u015f verib.<\/strong><\/p>\n\n\n\n<p>\u201cReport\u201dun m\u0259lumat\u0131na g\u00f6r\u0259, bu bar\u0259d\u0259 s\u0259hiyy\u0259 naziri Faxrettin Koca tviterd\u0259ki hesab\u0131nda yaz\u0131b.<\/p>\n\n\n\n<p>O, bildirib ki, z\u0259lz\u0259l\u0259 zaman\u0131 4 n\u0259f\u0259r x\u0259sar\u0259t al\u0131b. Z\u0259lz\u0259l\u0259 il\u0259 ba\u011fl\u0131 b\u00f6lg\u0259y\u0259 5 t\u0259cili tibbi yard\u0131m ma\u015f\u0131n\u0131, 27 s\u0259hiyy\u0259 i\u015f\u00e7isi c\u0259lb olunub.<\/p>\n\n\n\n<p>Qeyd ed\u0259k ki, yeralt\u0131 t\u0259kanlar K\u00f6pr\u00fck\u00f6y rayonunda yerli vaxtla saat 15:40-da qeyd\u0259 al\u0131n\u0131b.<\/p>\n\n\n\n<p>T\u00fcrkiy\u0259nin F\u00f6vq\u0259lad\u0259 Hallar\u0131n \u0130dar\u0259olunmas\u0131 Agentliyinin (AFAD) m\u0259lumat\u0131na g\u00f6r\u0259, z\u0259lz\u0259l\u0259 12 saniy\u0259 davam edib. \u018frzurum valisi Okay Memi\u015f da\u011f\u0131nt\u0131lar alt\u0131nda qalan 2 n\u0259f\u0259rin sa\u011f \u00e7\u0131xar\u0131ld\u0131\u011f\u0131n\u0131 bildirib. Z\u0259lz\u0259l\u0259d\u0259n sonra y\u00fcks\u0259klikl\u0259rd\u0259n d\u00fc\u015f\u0259n qayalar H\u0131n\u0131s-Tekman yolunu ba\u011flay\u0131b.<\/p>\n\n\n\n<p>Z\u0259lz\u0259l\u0259 oca\u011f\u0131 5 kilometr d\u0259rinlikd\u0259 yerl\u0259\u015fib. Yeralt\u0131 t\u0259kanlar h\u0259m\u00e7inin A\u011fr\u0131, Diyarbak\u0131r v\u0259 Mu\u015f \u015f\u0259h\u0259rl\u0259rind\u0259 d\u0259 hiss olunub.<\/p>\n","protected":false},"excerpt":{"rendered":"<p>T\u00fcrkiy\u0259nin \u018frzurum \u015f\u0259h\u0259rind\u0259 ba\u015f ver\u0259n 5,1 bal g\u00fcc\u00fcnd\u0259 z\u0259lz\u0259l\u0259 n\u0259tic\u0259sind\u0259 2 k\u0259ndd\u0259 da\u011f\u0131nt\u0131lar ba\u015f verib. \u201cReport\u201dun m\u0259lumat\u0131na g\u00f6r\u0259, bu bar\u0259d\u0259 s\u0259hiyy\u0259 naziri Faxrettin Koca<\/p>\n","protected":false},"author":2,"featured_media":54389,"comment_status":"closed","ping_status":"closed","sticky":false,"template":"","format":"standard","meta":{"footnotes":""},"categories":[13],"tags":[],"class_list":["post-54385","post","type-post","status-publish","format-standard","has-post-thumbnail","hentry","category-xarici"],"aioseo_notices":[],"_links":{"self":[{"href":"https:\/\/fedai.az\/index.php?rest_route=\/wp\/v2\/posts\/54385","targetHints":{"allow":["GET"]}}],"collection":[{"href":"https:\/\/fedai.az\/index.php?rest_route=\/wp\/v2\/posts"}],"about":[{"href":"https:\/\/fedai.az\/index.php?rest_route=\/wp\/v2\/types\/post"}],"author":[{"embeddable":true,"href":"https:\/\/fedai.az\/index.php?rest_route=\/wp\/v2\/users\/2"}],"replies":[{"embeddable":true,"href":"https:\/\/fedai.az\/index.php?rest_route=%2Fwp%2Fv2%2Fcomments&post=54385"}],"version-history":[{"count":1,"href":"https:\/\/fedai.az\/index.php?rest_route=\/wp\/v2\/posts\/54385\/revisions"}],"predecessor-version":[{"id":54387,"href":"https:\/\/fedai.az\/index.php?rest_route=\/wp\/v2\/posts\/54385\/revisions\/54387"}],"wp:featuredmedia":[{"embeddable":true,"href":"https:\/\/fedai.az\/index.php?rest_route=\/wp\/v2\/media\/54389"}],"wp:attachment":[{"href":"https:\/\/fedai.az\/index.php?rest_route=%2Fwp%2Fv2%2Fmedia&parent=54385"}],"wp:term":[{"taxonomy":"category","embeddable":true,"href":"https:\/\/fedai.az\/index.php?rest_route=%2Fwp%2Fv2%2Fcategories&post=54385"},{"taxonomy":"post_tag","embeddable":true,"href":"https:\/\/fedai.az\/index.php?rest_route=%2Fwp%2Fv2%2Ftags&post=54385"}],"curies":[{"name":"wp","href":"https:\/\/api.w.org\/{rel}","templated":true}]}}