{"id":54390,"date":"2021-11-20T03:59:20","date_gmt":"2021-11-19T23:59:20","guid":{"rendered":"https:\/\/fedai.az\/?p=54390"},"modified":"2021-11-20T03:59:24","modified_gmt":"2021-11-19T23:59:24","slug":"abs-da-ilk-d%c9%99f%c9%99-bir-qadin-prezident-s%c9%99lahiyy%c9%99tl%c9%99rini-icra-ed%c9%99c%c9%99k","status":"publish","type":"post","link":"https:\/\/fedai.az\/?p=54390","title":{"rendered":"AB\u015e-da ilk d\u0259f\u0259 bir qad\u0131n prezident s\u0259lahiyy\u0259tl\u0259rini icra ed\u0259c\u0259k"},"content":{"rendered":"\n<p><strong>AB\u015e Prezidenti Co Bayden \u00f6z s\u0259lahiyy\u0259tl\u0259rini m\u00fcv\u0259qq\u0259ti olaraq vitse-prezident Kamala Harris\u0259 t\u0259hvil ver\u0259c\u0259k.<\/strong><\/p>\n\n\n\n<p>Bayden bu g\u00fcn tibbi m\u00fcayin\u0259d\u0259n (kolonoskopiya) ke\u00e7\u0259c\u0259k. Proses anesteziya \u00fcsulu il\u0259 apar\u0131lacaq. S\u0259lahiyy\u0259tl\u0259r d\u0259 m\u0259hz Baydenin anasteziyan\u0131n t\u0259siri alt\u0131nda oldu\u011fu m\u00fcdd\u0259td\u0259 vitse-prezident\u0259 h\u0259val\u0259 edil\u0259c\u0259k.<\/p>\n\n\n\n<p>Bu Bayden administrasiyas\u0131n\u0131n hakimiyy\u0259ti d\u00f6vr\u00fcnd\u0259 s\u0259lahiyy\u0259tl\u0259rin vitse-prezident\u0259 t\u0259hvil verilm\u0259si il\u0259 ba\u011fl\u0131 ilk hal olacaq. Bununla yana\u015f\u0131 AB\u015e-da ilk d\u0259f\u0259 bir qad\u0131n prezident s\u0259lahiyy\u0259tl\u0259rini icra ed\u0259c\u0259k. AB\u015e-\u0131n ke\u00e7mi\u015f Prezidenti Corc Bu\u015f \u00fc\u00e7\u00fcn d\u0259 2002 v\u0259 2007-ci ill\u0259rd\u0259 eyni prosedur t\u0259tbuiq olunub.<\/p>\n\n\n\n<p>M\u0259nb\u0259: \u00d6lk\u0259.az<\/p>\n","protected":false},"excerpt":{"rendered":"<p>AB\u015e Prezidenti Co Bayden \u00f6z s\u0259lahiyy\u0259tl\u0259rini m\u00fcv\u0259qq\u0259ti olaraq vitse-prezident Kamala Harris\u0259 t\u0259hvil ver\u0259c\u0259k. Bayden bu g\u00fcn tibbi m\u00fcayin\u0259d\u0259n (kolonoskopiya) ke\u00e7\u0259c\u0259k. Proses anesteziya \u00fcsulu il\u0259<\/p>\n","protected":false},"author":2,"featured_media":54391,"comment_status":"closed","ping_status":"closed","sticky":false,"template":"","format":"standard","meta":{"footnotes":""},"categories":[13],"tags":[],"class_list":["post-54390","post","type-post","status-publish","format-standard","has-post-thumbnail","hentry","category-xarici"],"aioseo_notices":[],"_links":{"self":[{"href":"https:\/\/fedai.az\/index.php?rest_route=\/wp\/v2\/posts\/54390","targetHints":{"allow":["GET"]}}],"collection":[{"href":"https:\/\/fedai.az\/index.php?rest_route=\/wp\/v2\/posts"}],"about":[{"href":"https:\/\/fedai.az\/index.php?rest_route=\/wp\/v2\/types\/post"}],"author":[{"embeddable":true,"href":"https:\/\/fedai.az\/index.php?rest_route=\/wp\/v2\/users\/2"}],"replies":[{"embeddable":true,"href":"https:\/\/fedai.az\/index.php?rest_route=%2Fwp%2Fv2%2Fcomments&post=54390"}],"version-history":[{"count":1,"href":"https:\/\/fedai.az\/index.php?rest_route=\/wp\/v2\/posts\/54390\/revisions"}],"predecessor-version":[{"id":54392,"href":"https:\/\/fedai.az\/index.php?rest_route=\/wp\/v2\/posts\/54390\/revisions\/54392"}],"wp:featuredmedia":[{"embeddable":true,"href":"https:\/\/fedai.az\/index.php?rest_route=\/wp\/v2\/media\/54391"}],"wp:attachment":[{"href":"https:\/\/fedai.az\/index.php?rest_route=%2Fwp%2Fv2%2Fmedia&parent=54390"}],"wp:term":[{"taxonomy":"category","embeddable":true,"href":"https:\/\/fedai.az\/index.php?rest_route=%2Fwp%2Fv2%2Fcategories&post=54390"},{"taxonomy":"post_tag","embeddable":true,"href":"https:\/\/fedai.az\/index.php?rest_route=%2Fwp%2Fv2%2Ftags&post=54390"}],"curies":[{"name":"wp","href":"https:\/\/api.w.org\/{rel}","templated":true}]}}