{"id":54393,"date":"2021-11-20T04:13:17","date_gmt":"2021-11-20T00:13:17","guid":{"rendered":"https:\/\/fedai.az\/?p=54393"},"modified":"2021-11-20T04:17:59","modified_gmt":"2021-11-20T00:17:59","slug":"baki-ssri-nin-borclarinin-od%c9%99nilm%c9%99sind%c9%99n-imtina-etdi","status":"publish","type":"post","link":"https:\/\/fedai.az\/?p=54393","title":{"rendered":"Bak\u0131 SSR\u0130-nin borclar\u0131n\u0131n \u00f6d\u0259nilm\u0259sind\u0259n imtina etdi"},"content":{"rendered":"\n<p><strong>Ke\u00e7mi\u015f SSR\u0130-y\u0259 daxil olan 3 \u00f6lk\u0259 &#8212; Az\u0259rbaycan, \u00d6zb\u0259kistan v\u0259 Ukrayna ittifaq\u0131n xarici borcunun birg\u0259 \u00f6d\u0259nilm\u0259sin\u0259 dair Anla\u015fma Memorandumunu imzalamaqdan imtina edib.<\/strong><\/p>\n\n\n\n<p><br>&#171;Report&#187; &#171;\u0130nterfax&#187;a istinad\u0259n x\u0259b\u0259r verir ki, bunu noyabr\u0131n 16-da, Rusiyan\u0131n paytaxt\u0131 Moskvada ke\u00e7irilmi\u015f MDB h\u00f6kum\u0259t ba\u015f\u00e7\u0131lar\u0131n\u0131n B\u00f6y\u00fck 7-lik \u00f6lk\u0259l\u0259rinin (G7) n\u00fcmay\u0259nd\u0259l\u0259ri il\u0259 g\u00f6r\u00fc\u015f\u00fc \u00e7\u0259r\u00e7iv\u0259sind\u0259 Belarusun ba\u015f naziri Vya\u00e7eslav Kebi\u00e7 bildirib.<\/p>\n\n\n\n<p>Onun s\u00f6zl\u0259rin\u0259 g\u00f6r\u0259, Az\u0259rbaycan v\u0259 Ukrayna s\u00f6z\u00fcged\u0259n s\u0259n\u0259d\u0259 SSR\u0130-nin aktivl\u0259rind\u0259 v\u0259 borcunda h\u0259r bir \u00f6lk\u0259nin pay\u0131 m\u00fc\u0259yy\u0259n edildikd\u0259n sonra qo\u015fulacaqlar\u0131n\u0131 bildirib, \u00d6zb\u0259kistan is\u0259 borcunu ayr\u0131ca \u00f6d\u0259y\u0259c\u0259yini b\u0259yan edib. Bundan sonra G7 n\u00fcmay\u0259nd\u0259l\u0259ri \u00d6zb\u0259kistan\u0131n \u015f\u0259rtl\u0259rini q\u0259bul etm\u0259y\u0259c\u0259kl\u0259rini deyib v\u0259 3 \u00f6lk\u0259nin n\u00fcmay\u0259nd\u0259l\u0259ri iclas zal\u0131n\u0131 t\u0259rk edibl\u0259r.<\/p>\n\n\n\n<p><br>Bu arada ad\u0131n\u0131 a\u00e7\u0131qlamayan y\u00fcks\u0259k s\u0259viyy\u0259li Q\u0259rb n\u00fcmay\u0259nd\u0259si bildirib ki, memorandumu imzalamayan \u00f6lk\u0259l\u0259r G7 \u00f6lk\u0259l\u0259rind\u0259n &#171;bir sent d\u0259 kredit ala bilm\u0259y\u0259c\u0259k&#187;, dig\u0259r \u00f6lk\u0259l\u0259rin is\u0259 b\u00f6y\u00fck m\u0259bl\u0259\u011fd\u0259 kreditin\u0259 \u00fcmid ba\u011flamas\u0131n.<\/p>\n","protected":false},"excerpt":{"rendered":"<p>Ke\u00e7mi\u015f SSR\u0130-y\u0259 daxil olan 3 \u00f6lk\u0259 &#8212; Az\u0259rbaycan, \u00d6zb\u0259kistan v\u0259 Ukrayna ittifaq\u0131n xarici borcunun birg\u0259 \u00f6d\u0259nilm\u0259sin\u0259 dair Anla\u015fma Memorandumunu imzalamaqdan imtina edib. &#171;Report&#187; &#171;\u0130nterfax&#187;a<\/p>\n","protected":false},"author":2,"featured_media":54398,"comment_status":"closed","ping_status":"closed","sticky":false,"template":"","format":"standard","meta":{"footnotes":""},"categories":[3],"tags":[],"class_list":["post-54393","post","type-post","status-publish","format-standard","has-post-thumbnail","hentry","category-gundm"],"aioseo_notices":[],"_links":{"self":[{"href":"https:\/\/fedai.az\/index.php?rest_route=\/wp\/v2\/posts\/54393","targetHints":{"allow":["GET"]}}],"collection":[{"href":"https:\/\/fedai.az\/index.php?rest_route=\/wp\/v2\/posts"}],"about":[{"href":"https:\/\/fedai.az\/index.php?rest_route=\/wp\/v2\/types\/post"}],"author":[{"embeddable":true,"href":"https:\/\/fedai.az\/index.php?rest_route=\/wp\/v2\/users\/2"}],"replies":[{"embeddable":true,"href":"https:\/\/fedai.az\/index.php?rest_route=%2Fwp%2Fv2%2Fcomments&post=54393"}],"version-history":[{"count":1,"href":"https:\/\/fedai.az\/index.php?rest_route=\/wp\/v2\/posts\/54393\/revisions"}],"predecessor-version":[{"id":54395,"href":"https:\/\/fedai.az\/index.php?rest_route=\/wp\/v2\/posts\/54393\/revisions\/54395"}],"wp:featuredmedia":[{"embeddable":true,"href":"https:\/\/fedai.az\/index.php?rest_route=\/wp\/v2\/media\/54398"}],"wp:attachment":[{"href":"https:\/\/fedai.az\/index.php?rest_route=%2Fwp%2Fv2%2Fmedia&parent=54393"}],"wp:term":[{"taxonomy":"category","embeddable":true,"href":"https:\/\/fedai.az\/index.php?rest_route=%2Fwp%2Fv2%2Fcategories&post=54393"},{"taxonomy":"post_tag","embeddable":true,"href":"https:\/\/fedai.az\/index.php?rest_route=%2Fwp%2Fv2%2Ftags&post=54393"}],"curies":[{"name":"wp","href":"https:\/\/api.w.org\/{rel}","templated":true}]}}