{"id":54425,"date":"2021-11-20T12:46:51","date_gmt":"2021-11-20T08:46:51","guid":{"rendered":"https:\/\/fedai.az\/?p=54425"},"modified":"2021-11-20T12:46:56","modified_gmt":"2021-11-20T08:46:56","slug":"sosial-s%c9%99b%c9%99k%c9%99l%c9%99rd%c9%99-paylasim-ed%c9%99n-h%c9%99rbcil%c9%99r-ordudan-t%c9%99rxis-edilibl%c9%99r","status":"publish","type":"post","link":"https:\/\/fedai.az\/?p=54425","title":{"rendered":"Sosial \u015f\u0259b\u0259k\u0259l\u0259rd\u0259 payla\u015f\u0131m ed\u0259n h\u0259rb\u00e7il\u0259r Ordudan t\u0259rxis edilibl\u0259r"},"content":{"rendered":"\n<p><strong>Son g\u00fcnl\u0259r d\u00f6vl\u0259t s\u0259rh\u0259dind\u0259 ged\u0259n d\u00f6y\u00fc\u015f \u0259m\u0259liyyatlar\u0131 il\u0259 ba\u011fl\u0131 b\u0259zi sosial \u015f\u0259b\u0259k\u0259 istifad\u0259\u00e7il\u0259ri t\u0259r\u0259find\u0259n qeyri-r\u0259smi foto v\u0259 video materiallar\u0131n payla\u015f\u0131lmas\u0131 M\u00fcdafi\u0259 Nazirliyinin r\u0259hb\u0259rliyinin ciddi narahatl\u0131\u011f\u0131na s\u0259b\u0259b olub.<\/strong><\/p>\n\n\n\n<p>Bu bar\u0259d\u0259 M\u00fcdafi\u0259 Nazirliyind\u0259n m\u0259lumat verilib. Az\u0259rbaycan Ordusunun komandanl\u0131\u011f\u0131 t\u0259r\u0259find\u0259n h\u0259yata ke\u00e7iril\u0259n t\u0259dbirl\u0259r n\u0259tic\u0259sind\u0259 m\u0259xfilik rejimini kobud \u015f\u0259kild\u0259 pozaraq bu kimi payla\u015f\u0131mlar\u0131 ed\u0259n bir qrup h\u0259rbi qulluq\u00e7u m\u00fc\u0259yy\u0259n edilib.<\/p>\n\n\n\n<p>H\u0259min h\u0259rbi qulluq\u00e7ular\u0131n ordu s\u0131ralar\u0131ndan t\u0259rxis edilm\u0259si bar\u0259d\u0259 q\u0259rar q\u0259bul olunub, onlar\u0131n t\u00f6r\u0259tdiyi \u0259m\u0259ll\u0259r\u0259 h\u00fcquqi qiym\u0259tin verilm\u0259si \u00fc\u00e7\u00fcn toplan\u0131lan materiallar h\u00fcquq-m\u00fchafiz\u0259 orqanlar\u0131na g\u00f6nd\u0259rilib.<\/p>\n","protected":false},"excerpt":{"rendered":"<p>Son g\u00fcnl\u0259r d\u00f6vl\u0259t s\u0259rh\u0259dind\u0259 ged\u0259n d\u00f6y\u00fc\u015f \u0259m\u0259liyyatlar\u0131 il\u0259 ba\u011fl\u0131 b\u0259zi sosial \u015f\u0259b\u0259k\u0259 istifad\u0259\u00e7il\u0259ri t\u0259r\u0259find\u0259n qeyri-r\u0259smi foto v\u0259 video materiallar\u0131n payla\u015f\u0131lmas\u0131 M\u00fcdafi\u0259 Nazirliyinin r\u0259hb\u0259rliyinin ciddi<\/p>\n","protected":false},"author":2,"featured_media":54426,"comment_status":"closed","ping_status":"closed","sticky":false,"template":"","format":"standard","meta":{"footnotes":""},"categories":[4],"tags":[],"class_list":["post-54425","post","type-post","status-publish","format-standard","has-post-thumbnail","hentry","category-qarabag"],"aioseo_notices":[],"_links":{"self":[{"href":"https:\/\/fedai.az\/index.php?rest_route=\/wp\/v2\/posts\/54425","targetHints":{"allow":["GET"]}}],"collection":[{"href":"https:\/\/fedai.az\/index.php?rest_route=\/wp\/v2\/posts"}],"about":[{"href":"https:\/\/fedai.az\/index.php?rest_route=\/wp\/v2\/types\/post"}],"author":[{"embeddable":true,"href":"https:\/\/fedai.az\/index.php?rest_route=\/wp\/v2\/users\/2"}],"replies":[{"embeddable":true,"href":"https:\/\/fedai.az\/index.php?rest_route=%2Fwp%2Fv2%2Fcomments&post=54425"}],"version-history":[{"count":1,"href":"https:\/\/fedai.az\/index.php?rest_route=\/wp\/v2\/posts\/54425\/revisions"}],"predecessor-version":[{"id":54427,"href":"https:\/\/fedai.az\/index.php?rest_route=\/wp\/v2\/posts\/54425\/revisions\/54427"}],"wp:featuredmedia":[{"embeddable":true,"href":"https:\/\/fedai.az\/index.php?rest_route=\/wp\/v2\/media\/54426"}],"wp:attachment":[{"href":"https:\/\/fedai.az\/index.php?rest_route=%2Fwp%2Fv2%2Fmedia&parent=54425"}],"wp:term":[{"taxonomy":"category","embeddable":true,"href":"https:\/\/fedai.az\/index.php?rest_route=%2Fwp%2Fv2%2Fcategories&post=54425"},{"taxonomy":"post_tag","embeddable":true,"href":"https:\/\/fedai.az\/index.php?rest_route=%2Fwp%2Fv2%2Ftags&post=54425"}],"curies":[{"name":"wp","href":"https:\/\/api.w.org\/{rel}","templated":true}]}}