{"id":54435,"date":"2021-11-21T00:27:46","date_gmt":"2021-11-20T20:27:46","guid":{"rendered":"https:\/\/fedai.az\/?p=54435"},"modified":"2021-11-21T00:27:50","modified_gmt":"2021-11-20T20:27:50","slug":"rusiya-x%c9%99yan%c9%99t-edir-q%c9%99rb-is%c9%99-biz%c9%99-gor%c9%99-doyus%c9%99c%c9%99k-kabanyan","status":"publish","type":"post","link":"https:\/\/fedai.az\/?p=54435","title":{"rendered":"Rusiya x\u0259yan\u0259t edir, Q\u0259rb is\u0259 biz\u0259 g\u00f6r\u0259 d\u00f6y\u00fc\u015f\u0259c\u0259k? &#8212; Kabanyan"},"content":{"rendered":"\n<p><strong>Q\u0259rb\u0259 bu q\u0259d\u0259r b\u00f6y\u00fck \u00fcmid b\u0259sl\u0259m\u0259y\u0259 d\u0259y\u0259rmi? O, real k\u00f6m\u0259k ed\u0259c\u0259k, yoxsa biz n\u00f6vb\u0259ti i\u015f\u011f\u0131m\u0131n dal\u0131nca gedirik? Dey\u0259s\u0259n, ikincidir&#8230;<\/strong><\/p>\n\n\n\n<p>Bu s\u00f6zl\u0259ri erm\u0259ni politoloq Ambarsum Kabanyan deyib.<\/p>\n\n\n\n<p>Kabanyan bildirib ki, Avropa qeyri-legitim prezident sayd\u0131\u011f\u0131 Aleksandr Luka\u015fenkonun qar\u015f\u0131s\u0131ndan geri \u00e7\u0259kilir v\u0259 \u00f6z\u00fc onu legitiml\u0259\u015fdirir. Bu is\u0259 Avropa haqq\u0131nda m\u00fc\u0259yy\u0259n q\u0259na\u0259t \u00e7\u0131xarma\u011f\u0131 lab\u00fcdl\u0259\u015fdirir.<\/p>\n\n\n\n<p>\u201cQ\u0259rb Erm\u0259nistan v\u0259 erm\u0259nil\u0259r \u00fc\u00e7\u00fcn vuru\u015fmayacaq. Bu art\u0131q faktd\u0131r. Buna g\u00f6r\u0259 Rusiyan\u0131 Erm\u0259nistana x\u0259yan\u0259td\u0259 su\u00e7layanda d\u00fc\u015f\u00fcnm\u0259k laz\u0131md\u0131r ki, Avropa da bel\u0259 ed\u0259rdi. Ba\u015fqas\u0131na g\u00fcv\u0259nm\u0259k cinay\u0259tdir\u201d, &#8212; erm\u0259ni ekspert vur\u011fulay\u0131b.\/\/axar.az<\/p>\n","protected":false},"excerpt":{"rendered":"<p>Q\u0259rb\u0259 bu q\u0259d\u0259r b\u00f6y\u00fck \u00fcmid b\u0259sl\u0259m\u0259y\u0259 d\u0259y\u0259rmi? O, real k\u00f6m\u0259k ed\u0259c\u0259k, yoxsa biz n\u00f6vb\u0259ti i\u015f\u011f\u0131m\u0131n dal\u0131nca gedirik? Dey\u0259s\u0259n, ikincidir&#8230; Bu s\u00f6zl\u0259ri erm\u0259ni politoloq Ambarsum<\/p>\n","protected":false},"author":2,"featured_media":54436,"comment_status":"closed","ping_status":"closed","sticky":false,"template":"","format":"standard","meta":{"footnotes":""},"categories":[15],"tags":[],"class_list":["post-54435","post","type-post","status-publish","format-standard","has-post-thumbnail","hentry","category-atmaca"],"aioseo_notices":[],"_links":{"self":[{"href":"https:\/\/fedai.az\/index.php?rest_route=\/wp\/v2\/posts\/54435","targetHints":{"allow":["GET"]}}],"collection":[{"href":"https:\/\/fedai.az\/index.php?rest_route=\/wp\/v2\/posts"}],"about":[{"href":"https:\/\/fedai.az\/index.php?rest_route=\/wp\/v2\/types\/post"}],"author":[{"embeddable":true,"href":"https:\/\/fedai.az\/index.php?rest_route=\/wp\/v2\/users\/2"}],"replies":[{"embeddable":true,"href":"https:\/\/fedai.az\/index.php?rest_route=%2Fwp%2Fv2%2Fcomments&post=54435"}],"version-history":[{"count":1,"href":"https:\/\/fedai.az\/index.php?rest_route=\/wp\/v2\/posts\/54435\/revisions"}],"predecessor-version":[{"id":54437,"href":"https:\/\/fedai.az\/index.php?rest_route=\/wp\/v2\/posts\/54435\/revisions\/54437"}],"wp:featuredmedia":[{"embeddable":true,"href":"https:\/\/fedai.az\/index.php?rest_route=\/wp\/v2\/media\/54436"}],"wp:attachment":[{"href":"https:\/\/fedai.az\/index.php?rest_route=%2Fwp%2Fv2%2Fmedia&parent=54435"}],"wp:term":[{"taxonomy":"category","embeddable":true,"href":"https:\/\/fedai.az\/index.php?rest_route=%2Fwp%2Fv2%2Fcategories&post=54435"},{"taxonomy":"post_tag","embeddable":true,"href":"https:\/\/fedai.az\/index.php?rest_route=%2Fwp%2Fv2%2Ftags&post=54435"}],"curies":[{"name":"wp","href":"https:\/\/api.w.org\/{rel}","templated":true}]}}