{"id":54447,"date":"2021-11-21T00:44:28","date_gmt":"2021-11-20T20:44:28","guid":{"rendered":"https:\/\/fedai.az\/?p=54447"},"modified":"2021-11-21T00:44:31","modified_gmt":"2021-11-20T20:44:31","slug":"hind-ordusu-dinc-mus%c9%99lman-sakinl%c9%99rd%c9%99n-canli-qalxan-kimi-istifad%c9%99-edirl%c9%99r","status":"publish","type":"post","link":"https:\/\/fedai.az\/?p=54447","title":{"rendered":"Hind ordusu dinc m\u00fcs\u0259lman sakinl\u0259rd\u0259n &#171;canl\u0131 qalxan&#187; kimi istifad\u0259 edirl\u0259r"},"content":{"rendered":"\n<p><strong>Hindistan ordusunun K\u0259\u015fmird\u0259ki qar\u015f\u0131durmalarda dinc sakinl\u0259rd\u0259n \u201ccanl\u0131 qalxan\u201d kimi istifad\u0259 etdiyi \u00fcz\u0259 \u00e7\u0131x\u0131b.<\/strong><\/p>\n\n\n\n<p>Hindistan q\u00fcvv\u0259l\u0259rinin b\u00f6lg\u0259d\u0259ki m\u00fcst\u0259qillik t\u0259r\u0259fdar\u0131 silahl\u0131 qrupla\u015fmalar\u0131 g\u00fcnahland\u0131rd\u0131\u011f\u0131 qar\u015f\u0131durmada 48 ya\u015fl\u0131 \u018fltaf \u018fhm\u0259d Bhat v\u0259 40 ya\u015fl\u0131 M\u00fcdd\u0259ssir G\u00fcl adl\u0131 iki k\u0259\u015fmirli m\u00fclki \u015f\u0259xsin \u00f6ld\u00fcr\u00fcld\u00fcy\u00fc bildirilib.<\/p>\n\n\n\n<p>Hadis\u0259 \u015fahidl\u0259ri v\u0259 qurbanlar\u0131n ail\u0259l\u0259ri Hindistan h\u00f6kum\u0259tininin iddialar\u0131n\u0131 t\u0259kzib edibl\u0259r. Onlar h\u0259lak olan iki \u015f\u0259xsin hind ordusu t\u0259r\u0259find\u0259n saxlan\u0131laraq \u201ccanl\u0131 qalxan\u201d kimi istifad\u0259 edildiyini v\u0259 daha sonra edam olundu\u011funu bildiribl\u0259r.<\/p>\n\n\n\n<p>\u00d6l\u00fcml\u0259rind\u0259n sonra hind h\u0259rb\u00e7il\u0259ri t\u0259r\u0259find\u0259n basd\u0131r\u0131lan h\u0259min iki \u015f\u0259xsin c\u0259naz\u0259l\u0259ri daha sonra d\u0259fn olundu\u011fu yerl\u0259rd\u0259n \u00e7\u0131xar\u0131laraq ail\u0259l\u0259rin\u0259 t\u0259hvil verilib.<\/p>\n\n\n\n<p>Hindistan ordusu b\u00f6lg\u0259d\u0259 vuru\u015fdu\u011fu silahl\u0131 qrupla\u015fmalar\u0131n \u00fczvl\u0259ri aras\u0131nda pakistanl\u0131lar\u0131n da oldu\u011funu iddia ets\u0259 d\u0259, bununla ba\u011fl\u0131 he\u00e7 bir s\u00fcbut t\u0259qdim etm\u0259yib.<\/p>\n\n\n\n<p>Son hadis\u0259 b\u00f6lg\u0259d\u0259 g\u0259rginliyi art\u0131rsa da, hadis\u0259 zaman\u0131 h\u0259lak olan 3-c\u00fc \u015f\u0259xs \u018fmir Maqray\u0131n c\u0259s\u0259dinin harada oldu\u011fu bar\u0259d\u0259 m\u0259lumat yoxdur. Hind t\u0259r\u0259fi Maqray\u0131n silahl\u0131 qrupla\u015fman\u0131n \u00fczv\u00fc oldu\u011funu iddia ets\u0259 d\u0259, ail\u0259si bunu r\u0259dd edib.<\/p>\n\n\n\n<p>K\u0259\u015fmir 1947-ci ild\u0259n Hindistan t\u0259r\u0259find\u0259n i\u015f\u011fal edilib. Bu, Pakistanla Hindistan aras\u0131nda sava\u015fa s\u0259b\u0259b olub.<\/p>\n\n\n\n<p>M\u0259nb\u0259: Kanal.az<\/p>\n\n\n\n<figure class=\"wp-block-image size-large\"><img loading=\"lazy\" decoding=\"async\" width=\"870\" height=\"402\" src=\"https:\/\/fedai.az\/wp-content\/uploads\/2021\/11\/photo_80552530.jpeg\" alt=\"\" class=\"wp-image-54448\" srcset=\"https:\/\/fedai.az\/wp-content\/uploads\/2021\/11\/photo_80552530.jpeg 870w, https:\/\/fedai.az\/wp-content\/uploads\/2021\/11\/photo_80552530-300x139.jpeg 300w, https:\/\/fedai.az\/wp-content\/uploads\/2021\/11\/photo_80552530-150x69.jpeg 150w, https:\/\/fedai.az\/wp-content\/uploads\/2021\/11\/photo_80552530-768x355.jpeg 768w\" sizes=\"auto, (max-width: 870px) 100vw, 870px\" \/><\/figure>\n","protected":false},"excerpt":{"rendered":"<p>Hindistan ordusunun K\u0259\u015fmird\u0259ki qar\u015f\u0131durmalarda dinc sakinl\u0259rd\u0259n \u201ccanl\u0131 qalxan\u201d kimi istifad\u0259 etdiyi \u00fcz\u0259 \u00e7\u0131x\u0131b. Hindistan q\u00fcvv\u0259l\u0259rinin b\u00f6lg\u0259d\u0259ki m\u00fcst\u0259qillik t\u0259r\u0259fdar\u0131 silahl\u0131 qrupla\u015fmalar\u0131 g\u00fcnahland\u0131rd\u0131\u011f\u0131 qar\u015f\u0131durmada 48 ya\u015fl\u0131<\/p>\n","protected":false},"author":2,"featured_media":54449,"comment_status":"closed","ping_status":"closed","sticky":false,"template":"","format":"standard","meta":{"footnotes":""},"categories":[13],"tags":[],"class_list":["post-54447","post","type-post","status-publish","format-standard","has-post-thumbnail","hentry","category-xarici"],"aioseo_notices":[],"_links":{"self":[{"href":"https:\/\/fedai.az\/index.php?rest_route=\/wp\/v2\/posts\/54447","targetHints":{"allow":["GET"]}}],"collection":[{"href":"https:\/\/fedai.az\/index.php?rest_route=\/wp\/v2\/posts"}],"about":[{"href":"https:\/\/fedai.az\/index.php?rest_route=\/wp\/v2\/types\/post"}],"author":[{"embeddable":true,"href":"https:\/\/fedai.az\/index.php?rest_route=\/wp\/v2\/users\/2"}],"replies":[{"embeddable":true,"href":"https:\/\/fedai.az\/index.php?rest_route=%2Fwp%2Fv2%2Fcomments&post=54447"}],"version-history":[{"count":1,"href":"https:\/\/fedai.az\/index.php?rest_route=\/wp\/v2\/posts\/54447\/revisions"}],"predecessor-version":[{"id":54450,"href":"https:\/\/fedai.az\/index.php?rest_route=\/wp\/v2\/posts\/54447\/revisions\/54450"}],"wp:featuredmedia":[{"embeddable":true,"href":"https:\/\/fedai.az\/index.php?rest_route=\/wp\/v2\/media\/54449"}],"wp:attachment":[{"href":"https:\/\/fedai.az\/index.php?rest_route=%2Fwp%2Fv2%2Fmedia&parent=54447"}],"wp:term":[{"taxonomy":"category","embeddable":true,"href":"https:\/\/fedai.az\/index.php?rest_route=%2Fwp%2Fv2%2Fcategories&post=54447"},{"taxonomy":"post_tag","embeddable":true,"href":"https:\/\/fedai.az\/index.php?rest_route=%2Fwp%2Fv2%2Ftags&post=54447"}],"curies":[{"name":"wp","href":"https:\/\/api.w.org\/{rel}","templated":true}]}}