{"id":54451,"date":"2021-11-21T00:46:50","date_gmt":"2021-11-20T20:46:50","guid":{"rendered":"https:\/\/fedai.az\/?p=54451"},"modified":"2021-11-21T00:46:55","modified_gmt":"2021-11-20T20:46:55","slug":"italyan-senatordan-erm%c9%99nistana-s%c9%99rt-etiraz-artiq-yet%c9%99r","status":"publish","type":"post","link":"https:\/\/fedai.az\/?p=54451","title":{"rendered":"\u0130talyan senatordan Erm\u0259nistana s\u0259rt etiraz: \u201cArt\u0131q yet\u0259r\u201d"},"content":{"rendered":"\n<p><strong>\u0130taliya Senat\u0131n\u0131n \u201c\u0130r\u0259li \u0130taliya\u201d Partiyas\u0131ndan \u00fczv\u00fc, senator Urania Papatheu Az\u0259rbaycan-Erm\u0259nistan d\u00f6vl\u0259t s\u0259rh\u0259dind\u0259 Erm\u0259nistan t\u0259r\u0259finin h\u0259yata ke\u00e7irdiyi sonuncu h\u0259rbi t\u0259xribatlar\u0131 pisl\u0259y\u0259n v\u0259 \u00f6lk\u0259mizi d\u0259st\u0259kl\u0259y\u0259n a\u00e7\u0131qlamalar verib.<\/strong><\/p>\n\n\n\n<p>\u201cReport\u201d\u00a0x\u0259b\u0259r verir ki, senatorun a\u00e7\u0131qlamalar\u0131 \u0130taliyan\u0131n\u00a0<a href=\"https:\/\/agenparl.eu\/azerbaigian-papatheu-fi-continuano-le-provocazioni-armene-ue-intervenga\/\" target=\"_blank\" rel=\"noreferrer noopener\">\u201cAgenParl\u201d<\/a>,\u00a0<a href=\"https:\/\/www.agenzianova.com\/a\/61968bd1050ed4.99123381\/3685849\/2021-11-18\/azerbaigian-papatheu-fi-continuano-le-provocazioni-armene-ue-intervenga\" target=\"_blank\" rel=\"noreferrer noopener\">\u201cAgenzia Nova\u201d<\/a>, \u201cLaPresse\u201d, \u201cAskanews\u201d, \u201cDire\u201d, \u201c9Colonne\u201d x\u0259b\u0259r agentlikl\u0259ri t\u0259r\u0259find\u0259n yay\u0131l\u0131b.<\/p>\n\n\n\n<p>Az\u0259rbaycan-Erm\u0259nistan d\u00f6vl\u0259t s\u0259rh\u0259dind\u0259 son g\u00fcnl\u0259r \u0259rzind\u0259 Erm\u0259nistan t\u0259r\u0259finin n\u00f6vb\u0259ti t\u0259xribatlar\u0131n\u0131 d\u0259f ed\u0259rk\u0259n Az\u0259rbaycan\u0131n 7 h\u0259rb\u00e7isinin h\u0259lak oldu\u011funu, daha 10 n\u0259f\u0259rin is\u0259 yaraland\u0131\u011f\u0131n\u0131 bildir\u0259n italyan senator \u201cArt\u0131q yet\u0259r dem\u0259k vaxt\u0131d\u0131r, Avropa \u0130ttifaq\u0131 m\u00fcdaxil\u0259 etm\u0259li, ir\u0259liy\u0259 do\u011fru add\u0131m atmal\u0131 v\u0259 h\u0259l\u0259 d\u0259 m\u00fcharib\u0259 etm\u0259k ist\u0259y\u0259nl\u0259ri q\u0259tiyy\u0259tl\u0259 pisl\u0259m\u0259lidir\u201d, &#8212; dey\u0259 son g\u00fcnl\u0259r \u0259rzind\u0259 ba\u015f ver\u0259n erm\u0259ni t\u0259xribatlar\u0131na s\u0259rt etiraz\u0131n\u0131 bildirib.<\/p>\n\n\n\n<p>\u201cSanki ke\u00e7\u0259n il noyabr\u0131n 10-da m\u00fcharib\u0259 ba\u015fa \u00e7atd\u0131qdan sonra bu g\u00fcn\u0259 q\u0259d\u0259r mina partlay\u0131\u015f\u0131n\u0131n qurban\u0131 olan 160-dan \u00e7ox m\u00fclki az\u0259rbaycanl\u0131 azm\u0131\u015f kimi Erm\u0259nistan t\u0259r\u0259fi \u00f6z t\u0259xribatlar\u0131na davam edir\u201d, &#8212; o deyib. \u201cBu dramatik v\u0259ziyy\u0259t Erm\u0259nistan hakimiyy\u0259tinin beyn\u0259lxalq h\u00fcquqla m\u00fc\u0259yy\u0259n edilmi\u015f normalar\u0131 q\u0259bul etm\u0259k ist\u0259m\u0259m\u0259kd\u0259 israr etm\u0259si ucbat\u0131ndan daha da pisl\u0259\u015fir\u201d, &#8212; dey\u0259 senator fikirl\u0259rin\u0259 \u0259lav\u0259 edib.<\/p>\n\n\n\n<p>\u201cB\u00fct\u00fcn regionda s\u00fclh, sabitlik v\u0259 \u0259m\u0259kda\u015fl\u0131\u011f\u0131 t\u0259min etm\u0259k \u00fc\u00e7\u00fcn Erm\u0259nistan Az\u0259rbaycana qar\u015f\u0131 i\u015f\u011fal\u00e7\u0131l\u0131q siyas\u0259tind\u0259n v\u0259 \u0259razi iddialar\u0131ndan \u0259l \u00e7\u0259km\u0259lidir. Az\u0259rbaycan v\u0259 Erm\u0259nistan aras\u0131nda m\u00fcnasib\u0259tl\u0259rin beyn\u0259lxalq h\u00fcquq normalar\u0131 \u0259sas\u0131nda normalla\u015fmas\u0131 v\u0259 d\u00f6vl\u0259t s\u0259rh\u0259dinin delimitasiyas\u0131 v\u0259 demarkasiyas\u0131 \u00fc\u00e7\u00fcn bu iki \u00f6lk\u0259 aras\u0131nda dan\u0131\u015f\u0131qlar prosesinin m\u00fcmk\u00fcn q\u0259d\u0259r tez ba\u015flamas\u0131 vacibdir\u201d, &#8212; dey\u0259 Urania Papatheu fikirl\u0259rini tamamlay\u0131b.<\/p>\n","protected":false},"excerpt":{"rendered":"<p>\u0130taliya Senat\u0131n\u0131n \u201c\u0130r\u0259li \u0130taliya\u201d Partiyas\u0131ndan \u00fczv\u00fc, senator Urania Papatheu Az\u0259rbaycan-Erm\u0259nistan d\u00f6vl\u0259t s\u0259rh\u0259dind\u0259 Erm\u0259nistan t\u0259r\u0259finin h\u0259yata ke\u00e7irdiyi sonuncu h\u0259rbi t\u0259xribatlar\u0131 pisl\u0259y\u0259n v\u0259 \u00f6lk\u0259mizi d\u0259st\u0259kl\u0259y\u0259n a\u00e7\u0131qlamalar<\/p>\n","protected":false},"author":2,"featured_media":54452,"comment_status":"closed","ping_status":"closed","sticky":false,"template":"","format":"standard","meta":{"footnotes":""},"categories":[4],"tags":[],"class_list":["post-54451","post","type-post","status-publish","format-standard","has-post-thumbnail","hentry","category-qarabag"],"aioseo_notices":[],"_links":{"self":[{"href":"https:\/\/fedai.az\/index.php?rest_route=\/wp\/v2\/posts\/54451","targetHints":{"allow":["GET"]}}],"collection":[{"href":"https:\/\/fedai.az\/index.php?rest_route=\/wp\/v2\/posts"}],"about":[{"href":"https:\/\/fedai.az\/index.php?rest_route=\/wp\/v2\/types\/post"}],"author":[{"embeddable":true,"href":"https:\/\/fedai.az\/index.php?rest_route=\/wp\/v2\/users\/2"}],"replies":[{"embeddable":true,"href":"https:\/\/fedai.az\/index.php?rest_route=%2Fwp%2Fv2%2Fcomments&post=54451"}],"version-history":[{"count":1,"href":"https:\/\/fedai.az\/index.php?rest_route=\/wp\/v2\/posts\/54451\/revisions"}],"predecessor-version":[{"id":54453,"href":"https:\/\/fedai.az\/index.php?rest_route=\/wp\/v2\/posts\/54451\/revisions\/54453"}],"wp:featuredmedia":[{"embeddable":true,"href":"https:\/\/fedai.az\/index.php?rest_route=\/wp\/v2\/media\/54452"}],"wp:attachment":[{"href":"https:\/\/fedai.az\/index.php?rest_route=%2Fwp%2Fv2%2Fmedia&parent=54451"}],"wp:term":[{"taxonomy":"category","embeddable":true,"href":"https:\/\/fedai.az\/index.php?rest_route=%2Fwp%2Fv2%2Fcategories&post=54451"},{"taxonomy":"post_tag","embeddable":true,"href":"https:\/\/fedai.az\/index.php?rest_route=%2Fwp%2Fv2%2Ftags&post=54451"}],"curies":[{"name":"wp","href":"https:\/\/api.w.org\/{rel}","templated":true}]}}