{"id":54463,"date":"2021-11-21T00:57:59","date_gmt":"2021-11-20T20:57:59","guid":{"rendered":"https:\/\/fedai.az\/?p=54463"},"modified":"2021-11-21T11:03:16","modified_gmt":"2021-11-21T07:03:16","slug":"tiqran-abramyandan-aciqlama-z%c9%99ng%c9%99zur-v%c9%99-goyc%c9%99d%c9%99ki-bu-%c9%99razil%c9%99r-az%c9%99rbaycanin-n%c9%99zar%c9%99tin%c9%99-kec%c9%99c%c9%99k","status":"publish","type":"post","link":"https:\/\/fedai.az\/?p=54463","title":{"rendered":"Tiqran Abramyandan A\u00c7IQLAMA: \u201dZ\u0259ng\u0259zur v\u0259 G\u00f6y\u00e7\u0259d\u0259ki bu \u0259razil\u0259r Az\u0259rbaycan\u0131n n\u0259zar\u0259tin\u0259 ke\u00e7\u0259c\u0259k\u201c"},"content":{"rendered":"\n<p><strong>\u201cR\u0259smi \u0130r\u0259van\u0131n s\u0259ri\u015ft\u0259sizliyi, ordunun s\u0131radan \u00e7\u0131xar\u0131lmas\u0131 \u00f6lk\u0259mizi m\u0259hv\u0259 apar\u0131r\u201d.<\/strong><\/p>\n\n\n\n<p>Alp.az x\u0259b\u0259r verir ki, bunu Erm\u0259nistan parlamentinin deputat\u0131 Tiqran Abramyan deyib.<\/p>\n\n\n\n<p>\u0130ndi nisbi sakitlik ola bil\u0259r, amma d\u00f6y\u00fc\u015f davam ed\u0259c\u0259k.<\/p>\n\n\n\n<p>\u201cAz\u0259rbaycan indiki te\u044cpl\u0259 davam ets\u0259, h\u0259m\u00e7inin Erm\u0259nistan hakimiyy\u0259tinin bu l\u0259yaq\u0259tsiz m\u00fcnasib\u0259ti davam ets\u0259, 1-2 il\u0259 Az\u0259rbaycan \u00fcmumiyy\u0259tl\u0259 delimitasiya v\u0259 demarkasiya aparma\u011fa ehtiyac duymayacaq, \u00e7\u00fcnki g\u00f6r\u00fcn\u0259n dan\u0131\u015f\u0131qlar vasit\u0259sil\u0259 h\u0259ll etm\u0259y\u0259 \u00e7al\u0131\u015fd\u0131\u011f\u0131 probleml\u0259ri \u0259slind\u0259 g\u00fcc t\u0259tbiqi vasit\u0259sil\u0259 h\u0259ll edir.\u00a0 Az\u0259rbaycan bu \u0259razil\u0259ri dan\u0131\u015f\u0131q yolu il\u0259 deyil, g\u00fcc yolu il\u0259 n\u0259zar\u0259tin\u0259 alacaq. 1-2 il\u0259 Z\u0259ng\u0259zur v\u0259 G\u00f6y\u00e7\u0259d\u0259ki bu \u0259razil\u0259r Az\u0259rbaycan\u0131n n\u0259zar\u0259tin\u0259 ke\u00e7\u0259c\u0259k \u201c, \u2013 dey\u0259 Abramyan qeyd edib.<\/p>\n","protected":false},"excerpt":{"rendered":"<p>\u201cR\u0259smi \u0130r\u0259van\u0131n s\u0259ri\u015ft\u0259sizliyi, ordunun s\u0131radan \u00e7\u0131xar\u0131lmas\u0131 \u00f6lk\u0259mizi m\u0259hv\u0259 apar\u0131r\u201d. Alp.az x\u0259b\u0259r verir ki, bunu Erm\u0259nistan parlamentinin deputat\u0131 Tiqran Abramyan deyib. \u0130ndi nisbi sakitlik ola<\/p>\n","protected":false},"author":2,"featured_media":54464,"comment_status":"closed","ping_status":"closed","sticky":false,"template":"","format":"standard","meta":{"footnotes":""},"categories":[15],"tags":[],"class_list":["post-54463","post","type-post","status-publish","format-standard","has-post-thumbnail","hentry","category-atmaca"],"aioseo_notices":[],"_links":{"self":[{"href":"https:\/\/fedai.az\/index.php?rest_route=\/wp\/v2\/posts\/54463","targetHints":{"allow":["GET"]}}],"collection":[{"href":"https:\/\/fedai.az\/index.php?rest_route=\/wp\/v2\/posts"}],"about":[{"href":"https:\/\/fedai.az\/index.php?rest_route=\/wp\/v2\/types\/post"}],"author":[{"embeddable":true,"href":"https:\/\/fedai.az\/index.php?rest_route=\/wp\/v2\/users\/2"}],"replies":[{"embeddable":true,"href":"https:\/\/fedai.az\/index.php?rest_route=%2Fwp%2Fv2%2Fcomments&post=54463"}],"version-history":[{"count":3,"href":"https:\/\/fedai.az\/index.php?rest_route=\/wp\/v2\/posts\/54463\/revisions"}],"predecessor-version":[{"id":54493,"href":"https:\/\/fedai.az\/index.php?rest_route=\/wp\/v2\/posts\/54463\/revisions\/54493"}],"wp:featuredmedia":[{"embeddable":true,"href":"https:\/\/fedai.az\/index.php?rest_route=\/wp\/v2\/media\/54464"}],"wp:attachment":[{"href":"https:\/\/fedai.az\/index.php?rest_route=%2Fwp%2Fv2%2Fmedia&parent=54463"}],"wp:term":[{"taxonomy":"category","embeddable":true,"href":"https:\/\/fedai.az\/index.php?rest_route=%2Fwp%2Fv2%2Fcategories&post=54463"},{"taxonomy":"post_tag","embeddable":true,"href":"https:\/\/fedai.az\/index.php?rest_route=%2Fwp%2Fv2%2Ftags&post=54463"}],"curies":[{"name":"wp","href":"https:\/\/api.w.org\/{rel}","templated":true}]}}