{"id":54466,"date":"2021-11-21T01:05:33","date_gmt":"2021-11-20T21:05:33","guid":{"rendered":"https:\/\/fedai.az\/?p=54466"},"modified":"2021-11-21T10:44:26","modified_gmt":"2021-11-21T06:44:26","slug":"mustafa-kamal-ataturkun-98-il-onc%c9%99-verdiyi-mesajlar-hec-yerd%c9%99-yayimlanmayan-musahib%c9%99","status":"publish","type":"post","link":"https:\/\/fedai.az\/?p=54466","title":{"rendered":"Mustafa Kamal Atat\u00fcrk\u00fcn 98 il \u00f6nc\u0259 verdiyi mesajlar &#8212; He\u00e7 yerd\u0259 yay\u0131mlanmayan m\u00fcsahib\u0259"},"content":{"rendered":"\n<p><strong>T\u00fcrkiy\u0259li tarix\u00e7i, deputat X\u0259lil \u00d6z\u015favl\u0131 \u0130ngilt\u0259r\u0259 arxivl\u0259rind\u0259 Mustafa Kamal Atat\u00fcrk\u00fcn 98 il \u0259vv\u0259l \u201cLe Temps\u201d q\u0259zetinin jurnalisti Paul Gentizona verdiyi v\u0259 bu g\u00fcn\u0259 q\u0259d\u0259r i\u015f\u0131q \u00fcz\u00fc g\u00f6rm\u0259mi\u015f m\u00fcsahib\u0259sini \u00fcz\u0259 \u00e7\u0131xar\u0131b.<\/strong><\/p>\n\n\n\n<p>Tarix\u00e7inin s\u00f6zl\u0259rin\u0259 g\u00f6r\u0259, m\u00fcsahib\u0259 1923-c\u00fc ilin fevral\u0131n 12-d\u0259 g\u00f6t\u00fcr\u00fcl\u00fcb. X.\u00d6z\u015favl\u0131 apard\u0131\u011f\u0131 ara\u015fd\u0131rmalar zaman\u0131 m\u00fcsahib\u0259nin \u201cLe Temps\u201d q\u0259zeti d\u0259 daxil olmaqla he\u00e7 bir yerd\u0259 yay\u0131mlanmad\u0131\u011f\u0131n\u0131 m\u00fc\u0259yy\u0259n edib.&nbsp;<\/p>\n\n\n\n<p>&nbsp;Oxu.Az-a istinad\u0259n h\u0259min m\u00fcsahib\u0259ni t\u0259qdim edir:<\/p>\n\n\n\n<p>\u201cKapitulyasiyalar\u0131 he\u00e7 bir \u015f\u0259rtl\u0259 q\u0259bul etm\u0259y\u0259c\u0259yimizi, m\u00fcst\u0259qilliyimiz \u00fc\u00e7\u00fcn sava\u015fd\u0131\u011f\u0131m\u0131z d\u00f6rd il \u0259rzind\u0259 h\u0259r zaman ifad\u0259 etdim. Frans\u0131zlar\u0131n bu m\u00f6vzuda dig\u0259r h\u0259r k\u0259sd\u0259n daha bar\u0131\u015fmaz olmas\u0131 m\u0259ni t\u0259\u0259cc\u00fcbl\u0259ndirdi. \u015e\u0259xsimin v\u0259 \u00f6lk\u0259min Fransaya qar\u015f\u0131 hiss etdiyi duy\u011fular dostyanad\u0131r. Fransa h\u00f6kum\u0259ti m\u00fcst\u0259qilliyimizi t\u0259hl\u00fck\u0259 alt\u0131na alacaq \u015f\u0259rtl\u0259ri q\u0259bul etm\u0259yimiz \u00fc\u00e7\u00fcn t\u0259kid ets\u0259, biz bu t\u0259kidin dostyana oldu\u011funu q\u0259bul ed\u0259 bilm\u0259rik. Yeni T\u00fcrkiy\u0259 dig\u0259r mill\u0259tl\u0259r kimi ya\u015famaq ist\u0259yir. Biz yeni T\u00fcrkiy\u0259nin ikinci bir \u00c7in v\u0259 ya koloniya kimi q\u0259bul edilm\u0259sin\u0259 qar\u015f\u0131y\u0131q. Biz k\u00f6l\u0259 olmayaca\u011f\u0131q. F\u0259aliyy\u0259tl\u0259rimizi h\u0259r\u0259k\u0259t\u0259 g\u0259tir\u0259n t\u0259k \u015fey tam m\u00fcst\u0259qilliy\u0259 olan t\u0259l\u0259bimizdir. Fransa xalq\u0131 m\u00f6vqeyimizin ba\u015fqa bir motivasiyas\u0131 oldu\u011funu d\u00fc\u015f\u00fcnm\u0259m\u0259lidir. Fransa il\u0259 yax\u015f\u0131 m\u00fcnasib\u0259tl\u0259r qurmaq ist\u0259yirik, \u00e7\u00fcnki iki \u00f6lk\u0259nin bir \u00e7ox ortaq maraqlar\u0131 var. Bunlar qar\u015f\u0131l\u0131ql\u0131 m\u00fcnasib\u0259tl\u0259r\u0259 \u00e7evrils\u0259, bu \u0259n faydal\u0131s\u0131 olacaq. \u018fg\u0259r olmasa sonsuz \u00e7\u0259tinlikl\u0259r m\u00f6vcud olacaq\u201d, &#8212; dey\u0259 Mustafa Kamal Atat\u00fcrk m\u00fcsahib\u0259sind\u0259 bildirib.<\/p>\n\n\n\n<figure class=\"wp-block-image size-large is-resized\"><img loading=\"lazy\" decoding=\"async\" src=\"https:\/\/fedai.az\/wp-content\/uploads\/2021\/11\/Screenshot-2021-11-20-150235.jpg\" alt=\"\" class=\"wp-image-54490\" width=\"915\" height=\"513\" srcset=\"https:\/\/fedai.az\/wp-content\/uploads\/2021\/11\/Screenshot-2021-11-20-150235.jpg 590w, https:\/\/fedai.az\/wp-content\/uploads\/2021\/11\/Screenshot-2021-11-20-150235-300x168.jpg 300w, https:\/\/fedai.az\/wp-content\/uploads\/2021\/11\/Screenshot-2021-11-20-150235-150x84.jpg 150w\" sizes=\"auto, (max-width: 915px) 100vw, 915px\" \/><\/figure>\n","protected":false},"excerpt":{"rendered":"<p>T\u00fcrkiy\u0259li tarix\u00e7i, deputat X\u0259lil \u00d6z\u015favl\u0131 \u0130ngilt\u0259r\u0259 arxivl\u0259rind\u0259 Mustafa Kamal Atat\u00fcrk\u00fcn 98 il \u0259vv\u0259l \u201cLe Temps\u201d q\u0259zetinin jurnalisti Paul Gentizona verdiyi v\u0259 bu g\u00fcn\u0259 q\u0259d\u0259r<\/p>\n","protected":false},"author":2,"featured_media":54467,"comment_status":"closed","ping_status":"closed","sticky":false,"template":"","format":"standard","meta":{"footnotes":""},"categories":[3],"tags":[],"class_list":["post-54466","post","type-post","status-publish","format-standard","has-post-thumbnail","hentry","category-gundm"],"aioseo_notices":[],"_links":{"self":[{"href":"https:\/\/fedai.az\/index.php?rest_route=\/wp\/v2\/posts\/54466","targetHints":{"allow":["GET"]}}],"collection":[{"href":"https:\/\/fedai.az\/index.php?rest_route=\/wp\/v2\/posts"}],"about":[{"href":"https:\/\/fedai.az\/index.php?rest_route=\/wp\/v2\/types\/post"}],"author":[{"embeddable":true,"href":"https:\/\/fedai.az\/index.php?rest_route=\/wp\/v2\/users\/2"}],"replies":[{"embeddable":true,"href":"https:\/\/fedai.az\/index.php?rest_route=%2Fwp%2Fv2%2Fcomments&post=54466"}],"version-history":[{"count":2,"href":"https:\/\/fedai.az\/index.php?rest_route=\/wp\/v2\/posts\/54466\/revisions"}],"predecessor-version":[{"id":54491,"href":"https:\/\/fedai.az\/index.php?rest_route=\/wp\/v2\/posts\/54466\/revisions\/54491"}],"wp:featuredmedia":[{"embeddable":true,"href":"https:\/\/fedai.az\/index.php?rest_route=\/wp\/v2\/media\/54467"}],"wp:attachment":[{"href":"https:\/\/fedai.az\/index.php?rest_route=%2Fwp%2Fv2%2Fmedia&parent=54466"}],"wp:term":[{"taxonomy":"category","embeddable":true,"href":"https:\/\/fedai.az\/index.php?rest_route=%2Fwp%2Fv2%2Fcategories&post=54466"},{"taxonomy":"post_tag","embeddable":true,"href":"https:\/\/fedai.az\/index.php?rest_route=%2Fwp%2Fv2%2Ftags&post=54466"}],"curies":[{"name":"wp","href":"https:\/\/api.w.org\/{rel}","templated":true}]}}