{"id":54476,"date":"2021-11-21T01:20:23","date_gmt":"2021-11-20T21:20:23","guid":{"rendered":"https:\/\/fedai.az\/?p=54476"},"modified":"2021-11-21T01:20:25","modified_gmt":"2021-11-20T21:20:25","slug":"arzu-nagiyev-v%c9%99t%c9%99n-muharib%c9%99si-qazil%c9%99rin%c9%99-%c9%99lilliyin-verilm%c9%99si-istiqam%c9%99tind%c9%99-cox-ciddi-addimlar-atilir","status":"publish","type":"post","link":"https:\/\/fedai.az\/?p=54476","title":{"rendered":"Arzu Na\u011f\u0131yev: \u201cV\u0259t\u0259n m\u00fcharib\u0259si qazil\u0259rin\u0259 \u0259lilliyin verilm\u0259si istiqam\u0259tind\u0259 \u00e7ox ciddi add\u0131mlar at\u0131l\u0131r\u201d"},"content":{"rendered":"\n<p><strong>2021-ci ilin 9 ay\u0131 \u0259rzind\u0259 50 min\u0259 yax\u015f\u0131n \u015f\u0259xs \u0259lillik t\u0259yinat\u0131 al\u0131b. Bundan ba\u015fqa V\u0259t\u0259n m\u00fcharib\u0259sind\u0259 yaralanm\u0131\u015f h\u0259rbi qulluq\u00e7ular\u0131m\u0131z\u0131n \u0259lilliyinin qiym\u0259tl\u0259ndirilm\u0259si istiqam\u0259tind\u0259 i\u015fl\u0259r apar\u0131l\u0131r.<\/strong><\/p>\n\n\n\n<p>Bu s\u00f6zl\u0259ri\u00a0<strong>Oxu.Az<\/strong>-a a\u00e7\u0131qlamas\u0131nda Milli M\u0259clisinin\u00a0\u018fm\u0259k v\u0259 sosial siyas\u0259t komit\u0259sinin\u00a0deputat\u0131 <strong>Arzu Na\u011f\u0131yev<\/strong> deyib.<\/p>\n\n\n\n<p>O bildirib ki, son vaxtlar c\u0259nab prezidentin tap\u015f\u0131r\u0131\u011f\u0131na uy\u011fun olaraq, \u00f6lk\u0259d\u0259 \u0259lilliyi olan \u015f\u0259xsl\u0259rin h\u00fcquqlar\u0131n\u0131n m\u00fcdafi\u0259si istiqam\u0259tind\u0259 i\u015fl\u0259r apar\u0131l\u0131r:<\/p>\n\n\n\n<p>\u201c\u018fliliyin qiym\u0259tl\u0259ndirilm\u0259si prosesi&nbsp;elektron infrastruktur \u00fcz\u0259rind\u0259n apar\u0131l\u0131r. Bel\u0259 ki, s\u0259hiyy\u0259 m\u00fc\u0259ss\u0259l\u0259rind\u0259 t\u0259k sistem\u0259 daxil olan g\u00f6st\u0259ricil\u0259rl\u0259 aid edilir v\u0259&nbsp;laz\u0131m oldu\u011fu zaman onlar\u0131n \u00f6z\u00fc d\u0259v\u0259t olunur,&nbsp;\u0259yani olaraq onlara bax\u0131\u015f ke\u00e7irirlir. Bu ilin 9 ay\u0131 \u0259rzind\u0259 50 min\u0259 yax\u0131n \u015f\u0259xs \u0259lillik t\u0259yinat\u0131 al\u0131b. Bundan ba\u015fqa V\u0259t\u0259n m\u00fcharib\u0259sind\u0259 yaralanm\u0131\u015f h\u0259rbi qulluq\u00e7ular\u0131m\u0131z\u0131n \u0259lilliyinin qiym\u0259tl\u0259ndirilm\u0259si istiqam\u0259tind\u0259 i\u015fl\u0259r apar\u0131l\u0131r.<\/p>\n\n\n\n<p>Bu istiqam\u0259td\u0259 m\u00fcraci\u0259tl\u0259r \u00e7ox oldu\u011fu \u00fc\u00e7\u00fcn prosesl\u0259r n\u00f6vb\u0259li formada h\u0259yata ke\u00e7irilir. Bu da \u00f6z n\u00f6vb\u0259sind\u0259 zaman al\u0131r. Nazirl\u0259r Kabinetinin m\u00fcvafiq q\u0259rar\u0131 il\u0259 bu istiqam\u0259td\u0259 m\u00fc\u0259yy\u0259n komissiyalar yarad\u0131l\u0131b. Bu komissiyalara h\u0259m h\u0259rbi qulluq\u00e7ular\u0131n \u0259yani m\u00fcayin\u0259si, M\u00fcfafi\u0259 v\u0259 \u018fdliyy\u0259 nazirlikl\u0259rinin S\u0259rd\u0259q Qo\u015funlar\u0131n\u0131n, Daxili Qo\u015funlar\u0131n h\u0259kim komissiyalar\u0131 \u015f\u0259had\u0259tnam\u0259l\u0259r v\u0259 m\u00fcharib\u0259 \u0259lill\u0259rin\u0259 m\u00fcavin\u0259tl\u0259r t\u0259yin edilir\u201d.<\/p>\n\n\n\n<p>Bundan ba\u015fqa \u015f\u0259hid ail\u0259l\u0259ri il\u0259 b\u0259rab\u0259r m\u00fcharib\u0259 \u0259lill\u0259rinin m\u0259nzil v\u0259 f\u0259rdi evl\u0259 t\u0259min olunmas\u0131 m\u0259s\u0259l\u0259sin\u0259 toxunan deputat bildirib ki, bug\u00fcn\u0259 q\u0259d\u0259r bu kateqoriyadan olanlara 11 mind\u0259n \u00e7ox m\u0259nzil, f\u0259rdi ev verilib:<\/p>\n\n\n\n<p>\u201cD\u00f6vl\u0259t ba\u015f\u00e7\u0131s\u0131n\u0131n 2021-ci il 25 yanvar tarixli m\u00fcvafiq s\u0259r\u0259ncam\u0131 il\u0259 2021-2025-ci ill\u0259rd\u0259 daha 11 min f\u0259rdi ev v\u0259 m\u0259nzil verilm\u0131si n\u0259z\u0259rd\u0259 tutulub. Bundan ba\u015fqa \u0259lilliyi olan \u015f\u0259xsl\u0259rin reablitasiya xidm\u0259tl\u0259ri d\u0259 h\u0259yata ke\u00e7irilir. Burada t\u0259xmin\u0259n 8 min\u0259 yax\u0131n \u0259lilliyi olan \u015f\u0259xs, 39 min\u0259 yax\u0131n protez, ortopedik v\u0259 reablitasiya vasit\u0259l\u0259ri il\u0259 o c\u00fcml\u0259d\u0259n 1000-\u0259 yax\u0131n m\u00fch\u0259rrikli, t\u0259k\u0259ri olan oturacaqlarla t\u0259min edilib. Reablitasiya infrastrukturu m\u00fcasir t\u0259l\u0259bl\u0259r\u0259 uy\u011fun qurulur. Y\u0259ni bu m\u00fc\u0259ssil\u0259rd\u0259 10 ay \u0259rzind\u0259 \u0259lilliyi olan \u015f\u0259xsl\u0259rd\u0259n habel\u0259 m\u00fcharib\u0259 \u0259lill\u0259rind\u0259n ibar\u0259t 6500-\u0259 yax\u0131n reablitasiya xidm\u0259tl\u0259ri, V\u0259t\u0259n m\u00fcharib\u0259sinin 1000-d\u0259n \u00e7ox qazisin\u0259 sosial, psixoloji d\u0259st\u0259k h\u0259yata ke\u00e7irilib. Bu istiqam\u0259td\u0259 \u00e7ox ciddi add\u0131mlar at\u0131l\u0131r.<\/p>\n\n\n\n<p>B\u00fct\u00fcn sah\u0259l\u0259rd\u0259 probleml\u0259r oldu\u011fu kimi bu istiqam\u0259td\u0259 d\u0259 m\u00fc\u0259yy\u0259n q\u0259d\u0259r \u00e7\u0259tinlikl\u0259r olur. Lakin bunlar\u0131n qar\u015f\u0131s\u0131 al\u0131n\u0131r v\u0259 d\u00fc\u015f\u00fcn\u00fcr\u0259m ki, Az\u0259rbaycan prezidentinin apard\u0131\u011f\u0131 siyas\u0259t, \u00f6lk\u0259mizin t\u0259hl\u00fck\u0259sizliyi, m\u00fcst\u0259qilliyin qorunmas\u0131 il\u0259 ba\u011fl\u0131 h\u0259r bir Az\u0259rbaycan v\u0259t\u0259nda\u015f\u0131n\u0131n da rifah\u0131na ba\u011fl\u0131d\u0131r. Burada da ilk n\u00f6vb\u0259d\u0259 sosial m\u0259s\u0259l\u0259l\u0259r, \u0259lill\u0259r, h\u0259ssas t\u0259b\u0259q\u0259 \u00f6nd\u0259dir. D\u00fc\u015f\u00fcn\u00fcr\u0259m ki, bu istiqam\u0259td\u0259 d\u0259 siyas\u0259t davam etdiril\u0259c\u0259k\u201d.<\/p>\n\n\n\n<p><strong>K\u00f6n\u00fcl C\u0259f\u0259rli<\/strong><\/p>\n","protected":false},"excerpt":{"rendered":"<p>2021-ci ilin 9 ay\u0131 \u0259rzind\u0259 50 min\u0259 yax\u015f\u0131n \u015f\u0259xs \u0259lillik t\u0259yinat\u0131 al\u0131b. Bundan ba\u015fqa V\u0259t\u0259n m\u00fcharib\u0259sind\u0259 yaralanm\u0131\u015f h\u0259rbi qulluq\u00e7ular\u0131m\u0131z\u0131n \u0259lilliyinin qiym\u0259tl\u0259ndirilm\u0259si istiqam\u0259tind\u0259 i\u015fl\u0259r apar\u0131l\u0131r.<\/p>\n","protected":false},"author":2,"featured_media":54477,"comment_status":"closed","ping_status":"closed","sticky":false,"template":"","format":"standard","meta":{"footnotes":""},"categories":[12],"tags":[],"class_list":["post-54476","post","type-post","status-publish","format-standard","has-post-thumbnail","hentry","category-sosial"],"aioseo_notices":[],"_links":{"self":[{"href":"https:\/\/fedai.az\/index.php?rest_route=\/wp\/v2\/posts\/54476","targetHints":{"allow":["GET"]}}],"collection":[{"href":"https:\/\/fedai.az\/index.php?rest_route=\/wp\/v2\/posts"}],"about":[{"href":"https:\/\/fedai.az\/index.php?rest_route=\/wp\/v2\/types\/post"}],"author":[{"embeddable":true,"href":"https:\/\/fedai.az\/index.php?rest_route=\/wp\/v2\/users\/2"}],"replies":[{"embeddable":true,"href":"https:\/\/fedai.az\/index.php?rest_route=%2Fwp%2Fv2%2Fcomments&post=54476"}],"version-history":[{"count":1,"href":"https:\/\/fedai.az\/index.php?rest_route=\/wp\/v2\/posts\/54476\/revisions"}],"predecessor-version":[{"id":54478,"href":"https:\/\/fedai.az\/index.php?rest_route=\/wp\/v2\/posts\/54476\/revisions\/54478"}],"wp:featuredmedia":[{"embeddable":true,"href":"https:\/\/fedai.az\/index.php?rest_route=\/wp\/v2\/media\/54477"}],"wp:attachment":[{"href":"https:\/\/fedai.az\/index.php?rest_route=%2Fwp%2Fv2%2Fmedia&parent=54476"}],"wp:term":[{"taxonomy":"category","embeddable":true,"href":"https:\/\/fedai.az\/index.php?rest_route=%2Fwp%2Fv2%2Fcategories&post=54476"},{"taxonomy":"post_tag","embeddable":true,"href":"https:\/\/fedai.az\/index.php?rest_route=%2Fwp%2Fv2%2Ftags&post=54476"}],"curies":[{"name":"wp","href":"https:\/\/api.w.org\/{rel}","templated":true}]}}