{"id":54494,"date":"2021-11-21T12:11:26","date_gmt":"2021-11-21T08:11:26","guid":{"rendered":"https:\/\/fedai.az\/?p=54494"},"modified":"2021-11-21T12:17:17","modified_gmt":"2021-11-21T08:17:17","slug":"muharib%c9%99-veteranlari-qarak%c9%99nd-faci%c9%99sinin-s%c9%99hidl%c9%99rini-yad-edibl%c9%99r","status":"publish","type":"post","link":"https:\/\/fedai.az\/?p=54494","title":{"rendered":"M\u00fcharib\u0259 veteranlar\u0131 Qarak\u0259nd faci\u0259sinin \u015f\u0259hidl\u0259rini yad edibl\u0259r"},"content":{"rendered":"\n<p><strong>Qarak\u0259nd faci\u0259sind\u0259n 30 il ke\u00e7di.<\/strong><\/p>\n\n\n\n<p><strong>30 il \u00f6nc\u0259 Qarak\u0259nd faci\u0259si adlanan 20 noyabr 1991-ci ild\u0259 Xocav\u0259nd rayonu Qarak\u0259nd k\u0259ndi v\u0259 A\u011fdam rayonunun M\u0259rzili k\u0259ndi yax\u0131nl\u0131\u011f\u0131nda erm\u0259ni separat\u00e7\u0131 quldur d\u0259st\u0259l\u0259ri t\u0259r\u0259find\u0259n Az\u0259rbaycan h\u0259rbi helikopteri vuruldu.<\/strong><\/p>\n\n\n\n<figure class=\"wp-block-image size-large is-resized\"><img loading=\"lazy\" decoding=\"async\" src=\"https:\/\/fedai.az\/wp-content\/uploads\/2021\/11\/258381813_884796485527085_2131619062722570668_n.jpg\" alt=\"\" class=\"wp-image-54495\" width=\"920\" height=\"691\" srcset=\"https:\/\/fedai.az\/wp-content\/uploads\/2021\/11\/258381813_884796485527085_2131619062722570668_n.jpg 774w, https:\/\/fedai.az\/wp-content\/uploads\/2021\/11\/258381813_884796485527085_2131619062722570668_n-300x225.jpg 300w, https:\/\/fedai.az\/wp-content\/uploads\/2021\/11\/258381813_884796485527085_2131619062722570668_n-150x113.jpg 150w, https:\/\/fedai.az\/wp-content\/uploads\/2021\/11\/258381813_884796485527085_2131619062722570668_n-768x576.jpg 768w\" sizes=\"auto, (max-width: 920px) 100vw, 920px\" \/><\/figure>\n\n\n\n<p><br>Noyabr\u0131n 20 &#8212; d\u0259 Az\u0259rbaycan V\u0259t\u0259n M\u00fcharib\u0259si Veteranlar\u0131 \u0130ctimai Birliynin (AVMV\u0130B) N\u0259simi rayon \u015f\u00f6b\u0259sinin s\u0259dri, polkovnik Elmar H\u00fcseynovun t\u0259\u015fkilat\u00e7\u0131l\u0131\u011f\u0131 il\u0259 bir qrup m\u00fcharib\u0259 veteran\u0131 Qarak\u0259nd faci\u0259sinin 30-cu ild\u00f6n\u00fcm\u00fc il\u0259 \u0259laq\u0259dar F\u0259xri Xiyabanda faci\u0259 \u015f\u0259hidl\u0259rinin m\u0131zarlar\u0131n\u0131 ziyar\u0259t edibl\u0259r.<\/p>\n\n\n\n<p>M\u00fcharib\u0259 veteranlar\u0131 Qarak\u0259nd faci\u0259sinin \u015f\u0259hidl\u0259rinin m\u0259zarlar\u0131 \u00f6n\u00fcn\u0259 g\u00fcl d\u0259st\u0259l\u0259ri qoyub ruhlar\u0131na dualar oxuyublar.<\/p>\n\n\n\n<figure class=\"wp-block-image size-large is-resized\"><img loading=\"lazy\" decoding=\"async\" src=\"https:\/\/fedai.az\/wp-content\/uploads\/2021\/11\/259605893_900750597468992_2681939219539400329_n.jpg\" alt=\"\" class=\"wp-image-54502\" width=\"920\" height=\"691\" srcset=\"https:\/\/fedai.az\/wp-content\/uploads\/2021\/11\/259605893_900750597468992_2681939219539400329_n.jpg 774w, https:\/\/fedai.az\/wp-content\/uploads\/2021\/11\/259605893_900750597468992_2681939219539400329_n-300x225.jpg 300w, https:\/\/fedai.az\/wp-content\/uploads\/2021\/11\/259605893_900750597468992_2681939219539400329_n-150x113.jpg 150w, https:\/\/fedai.az\/wp-content\/uploads\/2021\/11\/259605893_900750597468992_2681939219539400329_n-768x576.jpg 768w\" sizes=\"auto, (max-width: 920px) 100vw, 920px\" \/><\/figure>\n\n\n\n<p><br>Az\u0259rbaycan V\u0259t\u0259n M\u00fcharib\u0259si Veteranlar\u0131 \u0130ctimai Birliynin (AVMV\u0130B) N\u0259simi rayon \u015f\u00f6b\u0259sinin s\u0259dri, polkovnik Elmar H\u00fcseynov bildirdi ki, h\u0259r ilin bu g\u00fcn\u00fc ke\u00e7mi\u015f XTPD (OMON) v\u0259 dig\u0259r m\u00fcharib\u0259 i\u015ftirak\u00e7\u0131lar\u0131 g\u00f6rk\u0259mli d\u00f6vl\u0259t xadiml\u0259rimizin m\u0259zarlar\u0131n\u0131 ziyar\u0259t edirik. Onlar Qaraba\u011f\u0131n azadl\u0131\u011f\u0131 u\u011frunda \u00f6z canlar\u0131ndan ke\u00e7dil\u0259r. Biz \u015f\u0259hidl\u0259rimizi unutmama\u011fa \u00e7al\u0131\u015f\u0131r\u0131q.<\/p>\n\n\n\n<figure class=\"wp-block-image size-large is-resized\"><img loading=\"lazy\" decoding=\"async\" src=\"https:\/\/fedai.az\/wp-content\/uploads\/2021\/11\/258883717_939070136961974_5448207425921357213_n.jpg\" alt=\"\" class=\"wp-image-54496\" width=\"918\" height=\"689\" srcset=\"https:\/\/fedai.az\/wp-content\/uploads\/2021\/11\/258883717_939070136961974_5448207425921357213_n.jpg 774w, https:\/\/fedai.az\/wp-content\/uploads\/2021\/11\/258883717_939070136961974_5448207425921357213_n-300x225.jpg 300w, https:\/\/fedai.az\/wp-content\/uploads\/2021\/11\/258883717_939070136961974_5448207425921357213_n-150x113.jpg 150w, https:\/\/fedai.az\/wp-content\/uploads\/2021\/11\/258883717_939070136961974_5448207425921357213_n-768x576.jpg 768w\" sizes=\"auto, (max-width: 918px) 100vw, 918px\" \/><\/figure>\n\n\n\n<p><br>D\u00f6y\u00fc\u015fc\u00fcl\u0259r M\u00fcasir m\u00fcst\u0259qil Az\u0259rbaycan d\u00f6vl\u0259tinin memar\u0131 v\u0259 qurucusu, d\u00fcnya \u015f\u00f6hr\u0259tli siyasi xadim, xalq\u0131m\u0131z\u0131n \u00fcmummilli lideri Heyd\u0259r \u018fliyevin m\u0259zar\u0131n\u0131 da ziyar\u0259t edibl\u0259r.<\/p>\n\n\n\n<p><br>Xat\u0131rladaq ki, h\u0259lak olanlar aras\u0131nda Az\u0259rbaycan Respublikas\u0131n\u0131n D\u00f6vl\u0259t katibi Tofiq \u0130smay\u0131lov, Ba\u015f prokuror \u0130sm\u0259t Qay\u0131bov, D\u00f6vl\u0259t m\u00fc\u015faviri, sabiq Daxili \u0130\u015fl\u0259r naziri M\u0259h\u0259mm\u0259d \u018fs\u0259dov, mill\u0259t v\u0259kill\u0259ri Vaqif C\u0259f\u0259rov v\u0259 V\u0259li M\u0259mm\u0259dov, Ba\u015f nazirin m\u00fcavini Z\u00fclf\u00fc Hac\u0131yev, Prezident Aparat\u0131n\u0131n \u015f\u00f6b\u0259 m\u00fcdiri v\u0259 jurnalist Osman Mirz\u0259yev, Qazax\u0131stan Respublikas\u0131 Daxili \u0130\u015fl\u0259r nazirinin m\u00fcavini Sanlal Serikov, Az\u0259rbaycan D\u00f6vl\u0259t Televiziyas\u0131n\u0131n jurnalisti Al\u0131 Mustafayev kimi d\u00f6vl\u0259t v\u0259 h\u00f6kum\u0259t r\u0259hb\u0259rl\u0259ri var idi. Bu q\u0259za n\u0259tic\u0259sind\u0259 22 n\u0259f\u0259r h\u0259lak olub.<\/p>\n\n\n\n<p><strong>Elnur S\u0259lim<\/strong><\/p>\n\n\n\n<figure class=\"wp-block-image size-large is-resized\"><img loading=\"lazy\" decoding=\"async\" src=\"https:\/\/fedai.az\/wp-content\/uploads\/2021\/11\/258722861_272395924847082_4820460955707133184_n.jpg\" alt=\"\" class=\"wp-image-54504\" width=\"918\" height=\"689\" srcset=\"https:\/\/fedai.az\/wp-content\/uploads\/2021\/11\/258722861_272395924847082_4820460955707133184_n.jpg 774w, https:\/\/fedai.az\/wp-content\/uploads\/2021\/11\/258722861_272395924847082_4820460955707133184_n-300x225.jpg 300w, https:\/\/fedai.az\/wp-content\/uploads\/2021\/11\/258722861_272395924847082_4820460955707133184_n-150x113.jpg 150w, https:\/\/fedai.az\/wp-content\/uploads\/2021\/11\/258722861_272395924847082_4820460955707133184_n-768x576.jpg 768w\" sizes=\"auto, (max-width: 918px) 100vw, 918px\" \/><\/figure>\n\n\n\n<figure class=\"wp-block-image size-large is-resized\"><img loading=\"lazy\" decoding=\"async\" src=\"https:\/\/fedai.az\/wp-content\/uploads\/2021\/11\/259471366_872447116973992_1900470412552795708_n.jpg\" alt=\"\" class=\"wp-image-54497\" width=\"919\" height=\"690\" srcset=\"https:\/\/fedai.az\/wp-content\/uploads\/2021\/11\/259471366_872447116973992_1900470412552795708_n.jpg 774w, https:\/\/fedai.az\/wp-content\/uploads\/2021\/11\/259471366_872447116973992_1900470412552795708_n-300x225.jpg 300w, https:\/\/fedai.az\/wp-content\/uploads\/2021\/11\/259471366_872447116973992_1900470412552795708_n-150x113.jpg 150w, https:\/\/fedai.az\/wp-content\/uploads\/2021\/11\/259471366_872447116973992_1900470412552795708_n-768x576.jpg 768w\" sizes=\"auto, (max-width: 919px) 100vw, 919px\" \/><\/figure>\n\n\n\n<figure class=\"wp-block-image size-large is-resized\"><img loading=\"lazy\" decoding=\"async\" src=\"https:\/\/fedai.az\/wp-content\/uploads\/2021\/11\/258995996_1816426321901606_9009254775495220394_n.jpg\" alt=\"\" class=\"wp-image-54498\" width=\"919\" height=\"690\" srcset=\"https:\/\/fedai.az\/wp-content\/uploads\/2021\/11\/258995996_1816426321901606_9009254775495220394_n.jpg 774w, https:\/\/fedai.az\/wp-content\/uploads\/2021\/11\/258995996_1816426321901606_9009254775495220394_n-300x225.jpg 300w, https:\/\/fedai.az\/wp-content\/uploads\/2021\/11\/258995996_1816426321901606_9009254775495220394_n-150x113.jpg 150w, https:\/\/fedai.az\/wp-content\/uploads\/2021\/11\/258995996_1816426321901606_9009254775495220394_n-768x576.jpg 768w\" sizes=\"auto, (max-width: 919px) 100vw, 919px\" \/><\/figure>\n\n\n\n<figure class=\"wp-block-image size-large is-resized\"><img loading=\"lazy\" decoding=\"async\" src=\"https:\/\/fedai.az\/wp-content\/uploads\/2021\/11\/258381813_884796485527085_2131619062722570668_n-1.jpg\" alt=\"\" class=\"wp-image-54499\" width=\"920\" height=\"691\" srcset=\"https:\/\/fedai.az\/wp-content\/uploads\/2021\/11\/258381813_884796485527085_2131619062722570668_n-1.jpg 774w, https:\/\/fedai.az\/wp-content\/uploads\/2021\/11\/258381813_884796485527085_2131619062722570668_n-1-300x225.jpg 300w, https:\/\/fedai.az\/wp-content\/uploads\/2021\/11\/258381813_884796485527085_2131619062722570668_n-1-150x113.jpg 150w, https:\/\/fedai.az\/wp-content\/uploads\/2021\/11\/258381813_884796485527085_2131619062722570668_n-1-768x576.jpg 768w\" sizes=\"auto, (max-width: 920px) 100vw, 920px\" \/><\/figure>\n","protected":false},"excerpt":{"rendered":"<p>Qarak\u0259nd faci\u0259sind\u0259n 30 il ke\u00e7di. 30 il \u00f6nc\u0259 Qarak\u0259nd faci\u0259si adlanan 20 noyabr 1991-ci ild\u0259 Xocav\u0259nd rayonu Qarak\u0259nd k\u0259ndi v\u0259 A\u011fdam rayonunun M\u0259rzili k\u0259ndi<\/p>\n","protected":false},"author":2,"featured_media":54500,"comment_status":"closed","ping_status":"closed","sticky":false,"template":"","format":"standard","meta":{"footnotes":""},"categories":[5],"tags":[],"class_list":["post-54494","post","type-post","status-publish","format-standard","has-post-thumbnail","hentry","category-veteran"],"aioseo_notices":[],"_links":{"self":[{"href":"https:\/\/fedai.az\/index.php?rest_route=\/wp\/v2\/posts\/54494","targetHints":{"allow":["GET"]}}],"collection":[{"href":"https:\/\/fedai.az\/index.php?rest_route=\/wp\/v2\/posts"}],"about":[{"href":"https:\/\/fedai.az\/index.php?rest_route=\/wp\/v2\/types\/post"}],"author":[{"embeddable":true,"href":"https:\/\/fedai.az\/index.php?rest_route=\/wp\/v2\/users\/2"}],"replies":[{"embeddable":true,"href":"https:\/\/fedai.az\/index.php?rest_route=%2Fwp%2Fv2%2Fcomments&post=54494"}],"version-history":[{"count":3,"href":"https:\/\/fedai.az\/index.php?rest_route=\/wp\/v2\/posts\/54494\/revisions"}],"predecessor-version":[{"id":54505,"href":"https:\/\/fedai.az\/index.php?rest_route=\/wp\/v2\/posts\/54494\/revisions\/54505"}],"wp:featuredmedia":[{"embeddable":true,"href":"https:\/\/fedai.az\/index.php?rest_route=\/wp\/v2\/media\/54500"}],"wp:attachment":[{"href":"https:\/\/fedai.az\/index.php?rest_route=%2Fwp%2Fv2%2Fmedia&parent=54494"}],"wp:term":[{"taxonomy":"category","embeddable":true,"href":"https:\/\/fedai.az\/index.php?rest_route=%2Fwp%2Fv2%2Fcategories&post=54494"},{"taxonomy":"post_tag","embeddable":true,"href":"https:\/\/fedai.az\/index.php?rest_route=%2Fwp%2Fv2%2Ftags&post=54494"}],"curies":[{"name":"wp","href":"https:\/\/api.w.org\/{rel}","templated":true}]}}