{"id":54509,"date":"2021-11-22T06:53:36","date_gmt":"2021-11-22T02:53:36","guid":{"rendered":"https:\/\/fedai.az\/?p=54509"},"modified":"2021-11-22T06:53:39","modified_gmt":"2021-11-22T02:53:39","slug":"az%c9%99rbaycan-ordusunun-generali-v%c9%99fat-edib","status":"publish","type":"post","link":"https:\/\/fedai.az\/?p=54509","title":{"rendered":"Az\u0259rbaycan Ordusunun general\u0131 v\u0259fat edib"},"content":{"rendered":"\n<p><strong>Uzun ill\u0259r Az\u0259rbaycan Silahl\u0131 Q\u00fcvv\u0259l\u0259ri s\u0131ralar\u0131nda m\u00fcxt\u0259lif v\u0259zif\u0259l\u0259rd\u0259 xidm\u0259t ke\u00e7mi\u015f ehtiyatda olan general-mayor Aleksandr Petrovi\u00e7 Vasyak uzun s\u00fcr\u0259n x\u0259st\u0259likd\u0259n v\u0259fat edib.<\/strong><\/p>\n\n\n\n<p>Xat\u0131rladaq ki, general A.Vasyak birinci Qaraba\u011f m\u00fcharib\u0259sinin ilk ill\u0259rind\u0259 \u00f6n c\u0259bh\u0259nin m\u00fcxt\u0259lif istiqam\u0259tl\u0259rind\u0259 Az\u0259rbaycan Silahl\u0131 Q\u00fcvv\u0259l\u0259rinin m\u0259nfur erm\u0259ni-rus birl\u0259\u015fm\u0259l\u0259rin\u0259 qar\u015f\u0131 d\u00f6y\u00fc\u015fl\u0259rind\u0259 yuxar\u0131 komandanl\u0131\u011f\u0131n n\u00fcmay\u0259nd\u0259si kimi d\u00f6y\u00fc\u015f \u0259m\u0259liyyatlar\u0131n\u0131n idar\u0259 olunmas\u0131nda aktiv i\u015ftirak edib. O, h\u0259m\u00e7inin 1992-ci ild\u0259 A\u011fd\u0259r\u0259 istiqam\u0259tind\u0259 erm\u0259nil\u0259r\u0259 qar\u015f\u0131 u\u011furlu \u0259m\u0259liyyatlarda \u015f\u0259xs\u0259n i\u015ftirak edib. A.Vasyak birinci Qaraba\u011f m\u00fcharib\u0259sind\u0259n sonra M\u00fcdafi\u0259 Nazirliyinin \u018fm\u0259liyyat \u0130dar\u0259sinin r\u0259isi, H\u0259rbi Elmi M\u0259rk\u0259zind\u0259 m\u0259sul v\u0259zif\u0259d\u0259 \u00e7al\u0131\u015f\u0131b. Ordudan t\u0259rxis olunduqdan sonra Ukraynada ya\u015fay\u0131b. M\u00fcdafi\u0259 naziri, general-polkovnik Zakir H\u0259s\u0259nov onu Bak\u0131ya \u00e7a\u011f\u0131raraq nazirliyin Daxili T\u0259hl\u00fck\u0259sizlik \u0130dar\u0259sinin \u015f\u00f6b\u0259 r\u0259isi v\u0259zif\u0259sin\u0259 t\u0259yin etmi\u015fdi.<\/p>\n\n\n\n<p><br>Bir m\u00fcdd\u0259t \u0259vv\u0259l A.Vasyak yenid\u0259n ordu s\u0131ralar\u0131ndan t\u0259rxis olunaraq bu d\u0259f\u0259 Rusiya Federasiyas\u0131n\u0131n Kaluqa \u015f\u0259h\u0259rin\u0259, ail\u0259 \u00fczvl\u0259rinin yan\u0131na getmi\u015fdi. O, bu g\u00fcn a\u011f\u0131r x\u0259st\u0259likd\u0259n d\u00fcnyas\u0131n\u0131 d\u0259yi\u015fib. A.Vasyak\u0131n h\u0259yat yolda\u015f\u0131 onun v\u0259fat\u0131 x\u0259b\u0259rini t\u0259sdiql\u0259yib.<\/p>\n\n\n\n<p><br>Qeyd ed\u0259k ki, A.Vasyak 26 noyabr 1954-cu ild\u0259 anadan olub.<\/p>\n\n\n\n<p><br>\u018fld\u0259 etdiyimiz m\u0259lumata g\u00f6r\u0259, sabah general\u0131n n\u0259\u015fi Bak\u0131ya g\u0259tiril\u0259c\u0259k v\u0259 o, M\u00fcdafi\u0259 Nazirliyi t\u0259r\u0259find\u0259n t\u0259nt\u0259n\u0259li \u015f\u0259kild\u0259 son m\u0259nzil\u0259 yola sal\u0131nacaq. D\u0259fn m\u0259rasimi noyabr\u0131n 23-\u0259 planla\u015fd\u0131r\u0131l\u0131b.<\/p>\n\n\n\n<p><br>M\u00fcdafi\u0259 Nazirliyinin r\u0259smil\u0259rind\u0259n biri olan general E.X\u0259lilovun r\u0259hb\u0259rliyi alt\u0131nda d\u0259fn komissiyas\u0131 yarad\u0131l\u0131b.<\/p>\n\n\n\n<p>Allah r\u0259hm\u0259t el\u0259sin!<\/p>\n","protected":false},"excerpt":{"rendered":"<p>Uzun ill\u0259r Az\u0259rbaycan Silahl\u0131 Q\u00fcvv\u0259l\u0259ri s\u0131ralar\u0131nda m\u00fcxt\u0259lif v\u0259zif\u0259l\u0259rd\u0259 xidm\u0259t ke\u00e7mi\u015f ehtiyatda olan general-mayor Aleksandr Petrovi\u00e7 Vasyak uzun s\u00fcr\u0259n x\u0259st\u0259likd\u0259n v\u0259fat edib. Xat\u0131rladaq ki, general<\/p>\n","protected":false},"author":2,"featured_media":54510,"comment_status":"closed","ping_status":"closed","sticky":false,"template":"","format":"standard","meta":{"footnotes":""},"categories":[3],"tags":[],"class_list":["post-54509","post","type-post","status-publish","format-standard","has-post-thumbnail","hentry","category-gundm"],"aioseo_notices":[],"_links":{"self":[{"href":"https:\/\/fedai.az\/index.php?rest_route=\/wp\/v2\/posts\/54509","targetHints":{"allow":["GET"]}}],"collection":[{"href":"https:\/\/fedai.az\/index.php?rest_route=\/wp\/v2\/posts"}],"about":[{"href":"https:\/\/fedai.az\/index.php?rest_route=\/wp\/v2\/types\/post"}],"author":[{"embeddable":true,"href":"https:\/\/fedai.az\/index.php?rest_route=\/wp\/v2\/users\/2"}],"replies":[{"embeddable":true,"href":"https:\/\/fedai.az\/index.php?rest_route=%2Fwp%2Fv2%2Fcomments&post=54509"}],"version-history":[{"count":1,"href":"https:\/\/fedai.az\/index.php?rest_route=\/wp\/v2\/posts\/54509\/revisions"}],"predecessor-version":[{"id":54511,"href":"https:\/\/fedai.az\/index.php?rest_route=\/wp\/v2\/posts\/54509\/revisions\/54511"}],"wp:featuredmedia":[{"embeddable":true,"href":"https:\/\/fedai.az\/index.php?rest_route=\/wp\/v2\/media\/54510"}],"wp:attachment":[{"href":"https:\/\/fedai.az\/index.php?rest_route=%2Fwp%2Fv2%2Fmedia&parent=54509"}],"wp:term":[{"taxonomy":"category","embeddable":true,"href":"https:\/\/fedai.az\/index.php?rest_route=%2Fwp%2Fv2%2Fcategories&post=54509"},{"taxonomy":"post_tag","embeddable":true,"href":"https:\/\/fedai.az\/index.php?rest_route=%2Fwp%2Fv2%2Ftags&post=54509"}],"curies":[{"name":"wp","href":"https:\/\/api.w.org\/{rel}","templated":true}]}}