{"id":54512,"date":"2021-11-22T07:04:56","date_gmt":"2021-11-22T03:04:56","guid":{"rendered":"https:\/\/fedai.az\/?p=54512"},"modified":"2021-11-22T07:04:57","modified_gmt":"2021-11-22T03:04:57","slug":"kremld%c9%99n-baxcalinin-h%c9%99diyy%c9%99sil%c9%99-bagli-aciqlama","status":"publish","type":"post","link":"https:\/\/fedai.az\/?p=54512","title":{"rendered":"Kremld\u0259n Bax\u00e7al\u0131n\u0131n h\u0259diyy\u0259sil\u0259 ba\u011fl\u0131 A\u00c7IQLAMA"},"content":{"rendered":"\n<p><strong>T\u00fcrkiy\u0259li t\u0259r\u0259fda\u015flar\u0131m\u0131z t\u00fcrk birliyi ideyas\u0131n\u0131 inki\u015faf etdirir v\u0259 bu, normald\u0131r. Amma Kreml t\u0259\u0259ss\u00fcf edir ki, x\u0259rit\u0259d\u0259 t\u00fcrk d\u00fcnyas\u0131n\u0131n m\u0259rk\u0259zi olan Altay\u0131n \u00fcz\u0259rind\u0259 b\u00f6y\u00fck q\u0131rm\u0131z\u0131 ulduz yoxdur.<\/strong><\/p>\n\n\n\n<p>Fedai.az Axar.az-a istinadla x\u0259b\u0259r verir ki, bunu Kremlin m\u0259tbuat katibi Dmitri Peskov T\u00fcrkiy\u0259nin Mill\u0259t\u00e7i H\u0259r\u0259kat Partiyas\u0131n\u0131n (MHP) r\u0259hb\u0259ri D\u00f6vl\u0259t Bax\u00e7al\u0131n\u0131n Prezident R\u0259c\u0259b Tayyib \u018frdo\u011fana b\u00f6y\u00fck t\u00fcrk d\u00fcnyas\u0131n\u0131n x\u0259rit\u0259sini h\u0259diyy\u0259 etm\u0259sin\u0259 m\u00fcnasib\u0259t bildir\u0259rk\u0259n deyib.<\/p>\n\n\n\n<p>\u201cT\u0259\u0259ss\u00fcf edir\u0259m ki, x\u0259rit\u0259d\u0259 t\u00fcrk d\u00fcnyas\u0131n\u0131n m\u0259rk\u0259zind\u0259 b\u00f6y\u00fck q\u0131rm\u0131z\u0131 ulduz yoxdur. Ora T\u00fcrkiy\u0259d\u0259 deyil, h\u0259r bir t\u00fcrk \u00fc\u00e7\u00fcn m\u00fcq\u0259dd\u0259s olan Rusiya Federasiyas\u0131n\u0131n \u0259razisi olan Altaydad\u0131r. Bunu bir t\u00fcrkoloq kimi deyir\u0259m\u201d, &#8212; Peskov bildirib.<\/p>\n","protected":false},"excerpt":{"rendered":"<p>T\u00fcrkiy\u0259li t\u0259r\u0259fda\u015flar\u0131m\u0131z t\u00fcrk birliyi ideyas\u0131n\u0131 inki\u015faf etdirir v\u0259 bu, normald\u0131r. Amma Kreml t\u0259\u0259ss\u00fcf edir ki, x\u0259rit\u0259d\u0259 t\u00fcrk d\u00fcnyas\u0131n\u0131n m\u0259rk\u0259zi olan Altay\u0131n \u00fcz\u0259rind\u0259 b\u00f6y\u00fck q\u0131rm\u0131z\u0131<\/p>\n","protected":false},"author":2,"featured_media":54513,"comment_status":"closed","ping_status":"closed","sticky":false,"template":"","format":"standard","meta":{"footnotes":""},"categories":[1],"tags":[],"class_list":["post-54512","post","type-post","status-publish","format-standard","has-post-thumbnail","hentry","category-siyast"],"aioseo_notices":[],"_links":{"self":[{"href":"https:\/\/fedai.az\/index.php?rest_route=\/wp\/v2\/posts\/54512","targetHints":{"allow":["GET"]}}],"collection":[{"href":"https:\/\/fedai.az\/index.php?rest_route=\/wp\/v2\/posts"}],"about":[{"href":"https:\/\/fedai.az\/index.php?rest_route=\/wp\/v2\/types\/post"}],"author":[{"embeddable":true,"href":"https:\/\/fedai.az\/index.php?rest_route=\/wp\/v2\/users\/2"}],"replies":[{"embeddable":true,"href":"https:\/\/fedai.az\/index.php?rest_route=%2Fwp%2Fv2%2Fcomments&post=54512"}],"version-history":[{"count":1,"href":"https:\/\/fedai.az\/index.php?rest_route=\/wp\/v2\/posts\/54512\/revisions"}],"predecessor-version":[{"id":54514,"href":"https:\/\/fedai.az\/index.php?rest_route=\/wp\/v2\/posts\/54512\/revisions\/54514"}],"wp:featuredmedia":[{"embeddable":true,"href":"https:\/\/fedai.az\/index.php?rest_route=\/wp\/v2\/media\/54513"}],"wp:attachment":[{"href":"https:\/\/fedai.az\/index.php?rest_route=%2Fwp%2Fv2%2Fmedia&parent=54512"}],"wp:term":[{"taxonomy":"category","embeddable":true,"href":"https:\/\/fedai.az\/index.php?rest_route=%2Fwp%2Fv2%2Fcategories&post=54512"},{"taxonomy":"post_tag","embeddable":true,"href":"https:\/\/fedai.az\/index.php?rest_route=%2Fwp%2Fv2%2Ftags&post=54512"}],"curies":[{"name":"wp","href":"https:\/\/api.w.org\/{rel}","templated":true}]}}