{"id":54515,"date":"2021-11-22T07:11:25","date_gmt":"2021-11-22T03:11:25","guid":{"rendered":"https:\/\/fedai.az\/?p=54515"},"modified":"2021-11-22T07:11:28","modified_gmt":"2021-11-22T03:11:28","slug":"iraqda-hizbullah-lideri-bu-3-olk%c9%99ni-ittiham-etdi","status":"publish","type":"post","link":"https:\/\/fedai.az\/?p=54515","title":{"rendered":"\u0130raqda &#171;Hizbullah&#187; lideri bu 3 \u00f6lk\u0259ni ittiham etdi"},"content":{"rendered":"\n<p>\u0130raq\u0131n &#171;Hizbullah&#187; briqadalar\u0131n\u0131n Ba\u015f katibi \u018fbu H\u00fcseyn \u0259l-H\u0259midavi AB\u015e, S\u0259udiyy\u0259 \u018fr\u0259bistan\u0131 v\u0259 \u0130srail rejimini ittiham ed\u0259n a\u00e7\u0131qlama verib. \u00a0<\/p>\n\n\n\n<p> O, verdiyi a\u00e7\u0131qlamada vur\u011fulay\u0131b ki, AB\u015e-\u0131n, S\u0259udiyy\u0259 \u018fr\u0259bistan\u0131n\u0131n v\u0259 \u0130srail rejiminin \u0130raq xalq\u0131n\u0131n d\u0259st\u0259kl\u0259diyi m\u00fcqavim\u0259t c\u0259bh\u0259sini da\u011f\u0131tmaq plan\u0131 m\u0259\u011flubiyy\u0259t\u0259 u\u011fray\u0131b. \u00a0<\/p>\n\n\n\n<p> &#171;Bu 3 \u00f6lk\u0259 \u00f6lk\u0259mizd\u0259 fitn\u0259 yayan siyas\u0259tl\u0259rin arxas\u0131nda dayan\u0131r. Lakin \u00f6lk\u0259mizin zir\u0259ng siyas\u0259t\u00e7il\u0259ri onlar\u0131n planlar\u0131n\u0131 pu\u00e7a \u00e7\u0131xard\u0131r&#187;, &#8212; dey\u0259\u00a0\u018fbu H\u00fcseyn \u0259l-H\u0259midavi diqq\u0259t\u0259 \u00e7atd\u0131r\u0131b. \u00a0<\/p>\n\n\n\n<p>\u018fbu H\u00fcseyn \u0259l-H\u0259midavi qeyd edib ki, d\u00fc\u015fm\u0259nl\u0259rin \u0259sas m\u0259qs\u0259di \u0130raq\u0131n v\u0259t\u0259nda\u015f m\u00fcharib\u0259sin\u0259 d\u00fc\u00e7ar olmas\u0131d\u0131r. <\/p>\n\n\n\n<p>M\u0259nb\u0259: AlAlam (eastnews.org)<\/p>\n","protected":false},"excerpt":{"rendered":"<p>\u0130raq\u0131n &#171;Hizbullah&#187; briqadalar\u0131n\u0131n Ba\u015f katibi \u018fbu H\u00fcseyn \u0259l-H\u0259midavi AB\u015e, S\u0259udiyy\u0259 \u018fr\u0259bistan\u0131 v\u0259 \u0130srail rejimini ittiham ed\u0259n a\u00e7\u0131qlama verib. \u00a0 O, verdiyi a\u00e7\u0131qlamada vur\u011fulay\u0131b ki,<\/p>\n","protected":false},"author":2,"featured_media":54516,"comment_status":"closed","ping_status":"closed","sticky":false,"template":"","format":"standard","meta":{"footnotes":""},"categories":[13],"tags":[],"class_list":["post-54515","post","type-post","status-publish","format-standard","has-post-thumbnail","hentry","category-xarici"],"aioseo_notices":[],"_links":{"self":[{"href":"https:\/\/fedai.az\/index.php?rest_route=\/wp\/v2\/posts\/54515","targetHints":{"allow":["GET"]}}],"collection":[{"href":"https:\/\/fedai.az\/index.php?rest_route=\/wp\/v2\/posts"}],"about":[{"href":"https:\/\/fedai.az\/index.php?rest_route=\/wp\/v2\/types\/post"}],"author":[{"embeddable":true,"href":"https:\/\/fedai.az\/index.php?rest_route=\/wp\/v2\/users\/2"}],"replies":[{"embeddable":true,"href":"https:\/\/fedai.az\/index.php?rest_route=%2Fwp%2Fv2%2Fcomments&post=54515"}],"version-history":[{"count":1,"href":"https:\/\/fedai.az\/index.php?rest_route=\/wp\/v2\/posts\/54515\/revisions"}],"predecessor-version":[{"id":54517,"href":"https:\/\/fedai.az\/index.php?rest_route=\/wp\/v2\/posts\/54515\/revisions\/54517"}],"wp:featuredmedia":[{"embeddable":true,"href":"https:\/\/fedai.az\/index.php?rest_route=\/wp\/v2\/media\/54516"}],"wp:attachment":[{"href":"https:\/\/fedai.az\/index.php?rest_route=%2Fwp%2Fv2%2Fmedia&parent=54515"}],"wp:term":[{"taxonomy":"category","embeddable":true,"href":"https:\/\/fedai.az\/index.php?rest_route=%2Fwp%2Fv2%2Fcategories&post=54515"},{"taxonomy":"post_tag","embeddable":true,"href":"https:\/\/fedai.az\/index.php?rest_route=%2Fwp%2Fv2%2Ftags&post=54515"}],"curies":[{"name":"wp","href":"https:\/\/api.w.org\/{rel}","templated":true}]}}