{"id":54555,"date":"2021-11-22T10:17:14","date_gmt":"2021-11-22T06:17:14","guid":{"rendered":"https:\/\/fedai.az\/?p=54555"},"modified":"2021-11-22T18:18:29","modified_gmt":"2021-11-22T14:18:29","slug":"abs-dan-olan-kos%c9%99-yazari-ukraynanin-krimi-rusiyadan-ala-bil%c9%99c%c9%99yi-s%c9%99rt-aciqlayib","status":"publish","type":"post","link":"https:\/\/fedai.az\/?p=54555","title":{"rendered":"AB\u015e-dan olan k\u00f6\u015f\u0259 yazar\u0131 Ukraynan\u0131n Kr\u0131m\u0131 Rusiyadan ala bil\u0259c\u0259yi \u015f\u0259rti a\u00e7\u0131qlay\u0131b"},"content":{"rendered":"\n<p><strong>Ukrayna yaln\u0131z Moskvan\u0131n sars\u0131d\u0131c\u0131 h\u0259rbi m\u0259\u011flubiyy\u0259t\u0259 u\u011framas\u0131ndan sonra Kr\u0131m\u0131 Rusiyadan ala bil\u0259c\u0259k.<\/strong><\/p>\n\n\n\n<p>Bu fikri amerikal\u0131 k\u00f6\u015f\u0259 yazar\u0131 Anatol Lieven \u201cNation\u201d jurnal\u0131 \u00fc\u00e7\u00fcn yazd\u0131\u011f\u0131 m\u0259qal\u0259d\u0259 qeyd edib.<\/p>\n\n\n\n<p>Ekspert Donbassla ba\u011fl\u0131 Minsk raz\u0131la\u015fmalar\u0131n\u0131 t\u0259hlil edib v\u0259 m\u0259lum olub ki, s\u0259n\u0259dl\u0259rd\u0259 Ukraynan\u0131n Rusiya yar\u0131madas\u0131na iddialar\u0131ndan b\u0259hs edilmir. Lieven Kr\u0131m m\u00f6vzusunun g\u00fcnd\u0259md\u0259n \u00e7\u0131xar\u0131lmas\u0131n\u0131n zaman m\u0259s\u0259l\u0259si oldu\u011fu fikrini bildirib.<\/p>\n\n\n\n<p>\u201cKr\u0131m\u0131 ilhaq ed\u0259n (g\u00f6r\u00fcn\u00fcr, yar\u0131mada \u0259halisinin \u0259ks\u0259riyy\u0259tinin ist\u0259kl\u0259rin\u0259 uy\u011fun olaraq) Rusiya h\u00f6kum\u0259ti m\u00fcharib\u0259d\u0259 sars\u0131d\u0131c\u0131 m\u0259\u011flubiyy\u0259t\u0259 u\u011framay\u0131nca ondan art\u0131q imtina ed\u0259 bilm\u0259z\u201d, &#8212; m\u00fc\u015fahid\u0259\u00e7i bildirib.<\/p>\n\n\n\n<p>Lieven h\u0259m\u00e7inin bildirib ki, haz\u0131rda yar\u0131madan\u0131n statusu il\u0259 ba\u011fl\u0131 dan\u0131\u015f\u0131qlar apar\u0131lmas\u0131 m\u00fcmk\u00fcn deyil.<\/p>\n\n\n\n<p>Lieven yaz\u0131r: &#171;Bu m\u0259s\u0259l\u0259 susqun v\u0259 sakit \u015f\u0259kild\u0259 unudulana q\u0259d\u0259r v\u0259 ya d\u00fcnya s\u0259hn\u0259sind\u0259 onun h\u0259llini tapma\u011fa imkan ver\u0259n \u0259sasl\u0131 d\u0259yi\u015fiklikl\u0259r ba\u015f ver\u0259n\u0259 q\u0259d\u0259r, sad\u0259c\u0259 olaraq, r\u0259f\u0259 qoyulmal\u0131d\u0131r&#187;.<\/p>\n\n\n\n<p>\u015e\u0259rh\u00e7i qeyd edib ki, Ukrayna m\u0259s\u0259l\u0259sinin silahl\u0131 h\u0259llinin t\u0259r\u0259fdar\u0131 yaln\u0131z \u00e7\u0131l\u011f\u0131n amerikal\u0131 siyas\u0259t\u00e7il\u0259rdir. Lievenin fikrinc\u0259, Rusiya il\u0259 AB\u015e aras\u0131nda m\u00fcharib\u0259 Moskvan\u0131n qalib g\u0259lm\u0259si il\u0259 f\u0259lak\u0259tli n\u0259tic\u0259l\u0259r\u0259 s\u0259b\u0259b olacaq.<\/p>\n\n\n\n<p>&#171;\u00c7ox g\u00fcman ki, Moskva Ukraynadak\u0131 m\u0259hdud m\u00fcharib\u0259d\u0259 qalib g\u0259l\u0259c\u0259k, \u0259razisinin \u0259h\u0259miyy\u0259tli hiss\u0259sini \u0259l\u0259 ke\u00e7ir\u0259c\u0259k v\u0259 AB\u015e v\u0259 Q\u0259rbi utand\u0131racaq&#187;, &#8212; m\u0259qal\u0259 m\u00fc\u0259llifi \u00f6z n\u00f6qteyi-n\u0259z\u0259rini a\u00e7\u0131qlay\u0131b.<\/p>\n\n\n\n<p>Lieven bel\u0259 q\u0259na\u0259t\u0259 g\u0259lib ki, Ukraynan\u0131n \u015f\u0259rqind\u0259ki m\u00fcnaqi\u015f\u0259nin sad\u0259 h\u0259lli var. Bunun \u00fc\u00e7\u00fcn Kiyev Minsk raz\u0131la\u015fmalar\u0131na \u0259m\u0259l etm\u0259lidir, dey\u0259 analitik yaz\u0131b.<\/p>\n\n\n\n<p>Bir m\u00fcdd\u0259t \u0259vv\u0259l Rusiyan\u0131n Ukraynan\u0131n \u015f\u0259rqind\u0259ki v\u0259ziyy\u0259tin nizamlanmas\u0131 \u00fczr\u0259 T\u0259mas Qrupunda s\u0259lahiyy\u0259tli n\u00fcmay\u0259nd\u0259si Boris Qr\u0131zlov bildirmi\u015fdi ki, Kiyev Donbas\u0131 yenid\u0259n h\u0259rbi \u0259m\u0259liyyatlara ba\u015flama\u011fa t\u0259hrik edir. Onun s\u00f6zl\u0259rin\u0259 g\u00f6r\u0259, v\u0259ziyy\u0259ti g\u0259rginl\u0259\u015fdirm\u0259y\u0259 g\u00f6r\u0259 m\u0259suliyy\u0259t son d\u0259r\u0259c\u0259 t\u0259hl\u00fck\u0259li oyun oynayan Ukraynan\u0131n \u00fcz\u0259rin\u0259 d\u00fc\u015f\u00fcr.<\/p>\n\n\n\n<p>M\u0259nb\u0259: m24.ru<\/p>\n","protected":false},"excerpt":{"rendered":"<p>Ukrayna yaln\u0131z Moskvan\u0131n sars\u0131d\u0131c\u0131 h\u0259rbi m\u0259\u011flubiyy\u0259t\u0259 u\u011framas\u0131ndan sonra Kr\u0131m\u0131 Rusiyadan ala bil\u0259c\u0259k. Bu fikri amerikal\u0131 k\u00f6\u015f\u0259 yazar\u0131 Anatol Lieven \u201cNation\u201d jurnal\u0131 \u00fc\u00e7\u00fcn yazd\u0131\u011f\u0131 m\u0259qal\u0259d\u0259<\/p>\n","protected":false},"author":2,"featured_media":54557,"comment_status":"closed","ping_status":"closed","sticky":false,"template":"","format":"standard","meta":{"footnotes":""},"categories":[13],"tags":[],"class_list":["post-54555","post","type-post","status-publish","format-standard","has-post-thumbnail","hentry","category-xarici"],"aioseo_notices":[],"_links":{"self":[{"href":"https:\/\/fedai.az\/index.php?rest_route=\/wp\/v2\/posts\/54555","targetHints":{"allow":["GET"]}}],"collection":[{"href":"https:\/\/fedai.az\/index.php?rest_route=\/wp\/v2\/posts"}],"about":[{"href":"https:\/\/fedai.az\/index.php?rest_route=\/wp\/v2\/types\/post"}],"author":[{"embeddable":true,"href":"https:\/\/fedai.az\/index.php?rest_route=\/wp\/v2\/users\/2"}],"replies":[{"embeddable":true,"href":"https:\/\/fedai.az\/index.php?rest_route=%2Fwp%2Fv2%2Fcomments&post=54555"}],"version-history":[{"count":2,"href":"https:\/\/fedai.az\/index.php?rest_route=\/wp\/v2\/posts\/54555\/revisions"}],"predecessor-version":[{"id":54573,"href":"https:\/\/fedai.az\/index.php?rest_route=\/wp\/v2\/posts\/54555\/revisions\/54573"}],"wp:featuredmedia":[{"embeddable":true,"href":"https:\/\/fedai.az\/index.php?rest_route=\/wp\/v2\/media\/54557"}],"wp:attachment":[{"href":"https:\/\/fedai.az\/index.php?rest_route=%2Fwp%2Fv2%2Fmedia&parent=54555"}],"wp:term":[{"taxonomy":"category","embeddable":true,"href":"https:\/\/fedai.az\/index.php?rest_route=%2Fwp%2Fv2%2Fcategories&post=54555"},{"taxonomy":"post_tag","embeddable":true,"href":"https:\/\/fedai.az\/index.php?rest_route=%2Fwp%2Fv2%2Ftags&post=54555"}],"curies":[{"name":"wp","href":"https:\/\/api.w.org\/{rel}","templated":true}]}}