{"id":54559,"date":"2021-11-22T10:59:00","date_gmt":"2021-11-22T06:59:00","guid":{"rendered":"https:\/\/fedai.az\/?p=54559"},"modified":"2021-11-22T10:59:06","modified_gmt":"2021-11-22T06:59:06","slug":"t%c9%99brik-b%c9%99ybalayev-pirizad%c9%99-b%c9%99yl%c9%99r-oglu-60","status":"publish","type":"post","link":"https:\/\/fedai.az\/?p=54559","title":{"rendered":"T\u018fBR\u0130K: B\u018fYBALAYEV P\u0130R\u0130ZAD\u018f B\u018fYL\u018fR O\u011eLU &#8212; 60"},"content":{"rendered":"\n<p><strong>\u00a0\u00a0\u00a0\u00a0 <span class=\"has-inline-color has-vivid-red-color\">AVMV\u0130B R\u0259hb\u0259rliyi v\u0259 Az\u0259rbaycan V\u0259t\u0259n M\u00fcharib\u0259si Veteranlar\u0131 \u0130ctimai Birliyinin (AVMV\u0130B) s\u0259dr m\u00fcavini polkovnik Salman Musayev M\u00fcharib\u0259 Veteran\u0131\u00a0ehtiyyatda olan mayor Pirizad\u0259 B\u0259yl\u0259r o\u011flu\u00a0 B\u0259ybalayevi do\u011fum g\u00fcn\u00fc m\u00fcnasib\u0259til\u0259 s\u0259mimi s\u0259mimi q\u0259lbd\u0259n t\u0259brik edir, ona h\u0259yatda insan \u00fc\u00e7\u00fcn \u0259n \u015firin nem\u0259t olan m\u00f6hk\u0259m can sa\u011fl\u0131\u011f\u0131, ail\u0259 s\u0259ad\u0259ti\u00a0 v\u0259 h\u0259yat yollar\u0131nda bitib &#8212; t\u00fck\u0259nm\u0259y\u0259n nailiyy\u0259tl\u0259r arzulay\u0131r.<\/span><\/strong><\/p>\n\n\n\n<p><strong>\u00a0\u00a0\u00a0 Qoy ya\u015f\u0131n\u0131n \u00fcst\u0259 g\u0259l\u0259n bu ya\u015f ona sevinc dolu g\u00fcnl\u0259r b\u0259x\u015f etsin v\u0259 h\u0259r yeni g\u00fcn\u00fc is\u0259 \u00f6t\u0259n g\u00fcnl\u0259rd\u0259n daha g\u00f6z\u0259l ist\u0259kl\u0259rin\u0259 uy\u011fun onu xo\u015fb\u0259xt ed\u0259c\u0259k \u015f\u0259kild\u0259 ke\u00e7sin. Amin!<\/strong><\/p>\n\n\n\n<p>\u00a0\u00a0\u00a0\u00a0 Ehtiyyatda olan mayor B\u0259ybalayev Pirizad\u0259 B\u0259yl\u0259r o\u011flu\u00a0 22 noyabr 1961-ci ild\u0259 Quba rayonun Alekseyevka k\u0259ndind\u0259 anadan olub.<\/p>\n\n\n\n<p>\u00a0\u00a0\u00a0 O, 1976-c\u0131 ild\u0259 Quba rayonunun Alekseyevka k\u0259nd orta m\u0259kt\u0259bini, 1980-ci ild\u0259, &#171;\u015e\u0259r\u0259f Ordenli\u00a0 Quba Savxoz texnikomunu , 1992-ci ild\u0259 Da\u011f\u0131stan Respublikas\u0131n\u0131n Politexnik \u0130nstitutunun Avtomobill\u0259rin istismar\u0131 v\u0259 t\u0259miri fakult\u0259sini bitirib.<\/p>\n\n\n\n<p>&nbsp;&nbsp;&nbsp;&nbsp; Mayor B\u0259ybalayev Pirizad\u0259 B\u0259yl\u0259r o\u011flu&nbsp; 1980-1983-c\u00fc ill\u0259rd\u0259 SSR\u0130 M\u00fcdafi\u0259 Nazirliyinin Sakit Okianda yerl\u0259\u015f\u0259n H\u0259rbi D\u0259niz Q\u00fcvv\u0259l\u0259rind\u0259 m\u00fcddd\u0259tli h\u0259qqi h\u0259rbi xidm\u0259td\u0259 olub.<\/p>\n\n\n\n<figure class=\"wp-block-gallery columns-2 is-cropped wp-block-gallery-1 is-layout-flex wp-block-gallery-is-layout-flex\"><ul class=\"blocks-gallery-grid\"><li class=\"blocks-gallery-item\"><figure><img loading=\"lazy\" decoding=\"async\" width=\"712\" height=\"913\" src=\"https:\/\/fedai.az\/wp-content\/uploads\/2021\/11\/20211121_222641.jpg\" alt=\"\" data-id=\"54560\" data-link=\"https:\/\/fedai.az\/?attachment_id=54560\" class=\"wp-image-54560\" srcset=\"https:\/\/fedai.az\/wp-content\/uploads\/2021\/11\/20211121_222641.jpg 712w, https:\/\/fedai.az\/wp-content\/uploads\/2021\/11\/20211121_222641-234x300.jpg 234w, https:\/\/fedai.az\/wp-content\/uploads\/2021\/11\/20211121_222641-117x150.jpg 117w\" sizes=\"auto, (max-width: 712px) 100vw, 712px\" \/><\/figure><\/li><li class=\"blocks-gallery-item\"><figure><img loading=\"lazy\" decoding=\"async\" width=\"710\" height=\"1024\" src=\"https:\/\/fedai.az\/wp-content\/uploads\/2021\/11\/20211121_222612-710x1024.jpg\" alt=\"\" data-id=\"54561\" data-full-url=\"https:\/\/fedai.az\/wp-content\/uploads\/2021\/11\/20211121_222612.jpg\" data-link=\"https:\/\/fedai.az\/?attachment_id=54561\" class=\"wp-image-54561\" srcset=\"https:\/\/fedai.az\/wp-content\/uploads\/2021\/11\/20211121_222612-710x1024.jpg 710w, https:\/\/fedai.az\/wp-content\/uploads\/2021\/11\/20211121_222612-208x300.jpg 208w, https:\/\/fedai.az\/wp-content\/uploads\/2021\/11\/20211121_222612-104x150.jpg 104w, https:\/\/fedai.az\/wp-content\/uploads\/2021\/11\/20211121_222612-768x1108.jpg 768w, https:\/\/fedai.az\/wp-content\/uploads\/2021\/11\/20211121_222612.jpg 865w\" sizes=\"auto, (max-width: 710px) 100vw, 710px\" \/><\/figure><\/li><\/ul><\/figure>\n\n\n\n<p>&nbsp;&nbsp;&nbsp;&nbsp;&nbsp;&nbsp; 1986- 1993 c\u00fc ill\u0259rd\u0259 Elektorata zavodunda daha sonra D\u00f6vl\u0259t Plan komit\u0259sinin &#171;Kvand &#187; Elm \u0130stehsalat birliyind\u0259 ba\u015f direktorun m\u00fcavini v\u0259zif\u0259sind\u0259 i\u015fl\u0259yib.<\/p>\n\n\n\n<p>&nbsp;&nbsp;&nbsp;&nbsp; 1993- 2009 -cu ill\u0259rd\u0259 Daxili \u0130\u015fl\u0259r Nazirliyinin Daxili Daxili&nbsp; Qo\u015funlar\u0131n Ba\u015f \u0130dar\u0259sinin N\u0259rimanov, X\u0259z\u0259r,&nbsp; Bin\u0259q\u0259di, X\u0259tai rayonlar\u0131nda yerl\u0259\u015f\u0259n h\u0259rbi hiss\u0259l\u0259rd\u0259 v\u0259 ali h\u0259rbi m\u0259kt\u0259bd\u0259 taq\u0131m komandiri, b\u00f6luk komandiri, Avtomobil v\u0259 zirehli texnika xidm\u0259tinin r\u0259isi, Avtomobil&nbsp; v\u0259 zirehli teknikan\u0131n t\u0259miri bazas\u0131n\u0131n r\u0259isi, M\u0259nzil istismar xidm\u0259tinin r\u0259isi, Daxili Qo\u015funlar\u0131n Bas \u0130dar\u0259sinin Maddi texniki t\u0259minat idar\u0259sinid\u0259 is\u0259&nbsp; m\u00fcvafiq v\u0259zif\u0259d\u0259 xidm\u0259t etmi\u015fdir. O, 2009-2016 -c\u0131 ill\u0259rd\u0259 H\u0259rbil\u0259\u015fdirilmi\u015f M\u00fchafiz\u0259 id\u0259r\u0259sind\u0259 \u00e7al\u0131\u015fm\u0131\u015fd\u0131r. \u0130ki \u00f6vlad\u0131, be\u015f n\u0259v\u0259si var.<\/p>\n\n\n\n<p>&nbsp;&nbsp;&nbsp;&nbsp;&nbsp; H\u0259rbi&nbsp; xidm\u0259ti v\u0259zif\u0259l\u0259rinin icras\u0131 zaman\u0131 y\u00fcks\u0259k m\u0259n\u0259vi-d\u00f6y\u00fc\u015f keyfiyy\u0259tl\u0259ri g\u00f6st\u0259rdiyin\u0259 g\u00f6r\u0259,d\u00f6y\u00fc\u015f v\u0259 ictimai s\u0131yas\u0131 haz\u0131rl\u0131\u011f\u0131nda, h\u0259rbi intizam\u0131n m\u00f6hk\u0259ml\u0259ndirilm\u0259sind\u0259 y\u00fcks\u0259k g\u00f6st\u0259ricil\u0259r\u0259 nail oldu\u011funa g\u00f6r\u0259, n\u00fcmun\u0259vi xidm\u0259tin\u0259&nbsp; el\u0259c\u0259d\u0259 h\u0259rbi v\u0259zif\u0259l\u0259rinin yerin\u0259 yetirilm\u0259sin\u0259 m\u0259suliyy\u0259tl\u0259 yana\u015fd\u0131\u011fna g\u00f6r\u0259 Daxili \u0130\u015fl\u0259r Nazirinin, Daxili Qo\u015funlar Komandan\u0131n v\u0259 onun m\u00fcavinl\u0259rinin, ali h\u0259rbi m\u0259kt\u0259b r\u0259isinin, h\u0259rbi hiss\u0259 komandirinin v\u0259 onun m\u00fcavininl\u0259rnin m\u00fcvafiq \u0259mrl\u0259ri il\u0259&nbsp; \u0259la xidm\u0259tl\u0259r\u0259 g\u00f6r\u0259 d\u00f6\u015f v\u0259 yubley nisanlar\u0131 il\u0259, pul m\u00fckafatlar\u0131 il\u0259, f\u0259xri f\u0259rmanlarla, qiym\u0259tli h\u0259diyy\u0259l\u0259rl\u0259 m\u00fckafatland\u0131r\u0131l\u0131b v\u0259 ona t\u0259\u015f\u0259kk\u00fcr elan edilib.<\/p>\n\n\n\n<p>&nbsp;&nbsp;&nbsp;&nbsp;&nbsp;&nbsp;&nbsp;&nbsp; Az\u0259rbaycan Respublikas\u0131nda ictimai qaydan\u0131n v\u0259 ictimai t\u0259hl\u00fck\u0259sizliyin qorunmas\u0131nda \u015f\u0259h\u0259rd\u0259, ya\u015fay\u0131\u015f v\u0259 c\u0259za\u00e7\u0259km\u0259 m\u00fc\u0259ssis\u0259l\u0259rind\u0259 ba\u015f vermi\u015f ixt\u015fa\u015flar\u0131n qar\u015f\u0131s\u0131n\u0131n al\u0131nmas\u0131nda, cinay\u0259tkarl\u0131\u011fa qar\u015f\u0131 m\u00fcbariz\u0259d\u0259, f\u00f6vqalad\u0259 v\u0259ziyy\u0259t zaman\u0131 h\u00fcquqi rejim karantin t\u0259dbirl\u0259rinin h\u0259yata ke\u00e7irilm\u0259sind\u0259, d\u00f6vl\u0259tin \u0259razi&nbsp; b\u00fct\u00f6vl\u00fcy\u00fcn\u00fcn t\u0259min edilm\u0259sind\u0259 \u00fcz\u0259rin\u0259 d\u00fcs\u0259n v\u0259zif\u0259 v\u0259 tap\u015f\u0131r\u0131qlar\u0131 m\u0259suliyy\u0259tl\u0259 v\u0259 \u015f\u0259r\u0259f hissi il\u0259 yer\u0131n\u0259 yetirmi\u015fdir.<\/p>\n\n\n\n<figure class=\"wp-block-image size-large\"><img loading=\"lazy\" decoding=\"async\" width=\"900\" height=\"828\" src=\"https:\/\/fedai.az\/wp-content\/uploads\/2021\/11\/20211121_222536.jpg\" alt=\"\" class=\"wp-image-54562\" srcset=\"https:\/\/fedai.az\/wp-content\/uploads\/2021\/11\/20211121_222536.jpg 900w, https:\/\/fedai.az\/wp-content\/uploads\/2021\/11\/20211121_222536-300x276.jpg 300w, https:\/\/fedai.az\/wp-content\/uploads\/2021\/11\/20211121_222536-150x138.jpg 150w, https:\/\/fedai.az\/wp-content\/uploads\/2021\/11\/20211121_222536-768x707.jpg 768w\" sizes=\"auto, (max-width: 900px) 100vw, 900px\" \/><\/figure>\n\n\n\n<p>\u00a0\u00a0\u00a0\u00a0\u00a0 O, Daxili Qo\u015funlarda xidm\u0259t etdiyi ill\u0259r \u0259rzind\u0259 \u00f6zun\u00fc u\u015faq vaxtlar\u0131ndan, g\u00f6z\u0259l ail\u0259 v\u0259 m\u0259kt\u0259b t\u0259rbiy\u0259si il\u0259 b\u00f6y\u00fcm\u00fc\u015f, \u0259xlaq\u0131 t\u0259rbiy\u0259si yerind\u0259 olan, nizam v\u0259 intizaml\u0131 h\u0259rbici k\u0131m\u0131 g\u00f6st\u0259rmi\u015fdir.O i\u015fl\u0259diyi v\u0259 oxudu\u011fu\u00a0\u00a0 t\u0259hsil m\u00fc\u0259ssis\u0259l\u0259rind\u0259, ya\u015fad\u0131\u011f\u0131 \u0259razid\u0259\u00a0 kolektiv aras\u0131nda h\u0259mi\u015f\u0259 m\u00fcsb\u0259t m\u0259nada se\u00e7il\u0259r\u0259k, ba\u015fqalar\u0131 \u00fc\u00e7\u00fcn\u00a0 n\u00fcmun\u0259 olmu\u015fdur.<\/p>\n\n\n\n<p>&nbsp;&nbsp;&nbsp;&nbsp;&nbsp; Az\u0259rbaycan Respublikas\u0131n\u0131n Konstitusiyas\u0131na v\u0259 qanunlar\u0131na \u0259m\u0259l etm\u0259kd\u0259, h\u0259rbi and\u0131n v\u0259 h\u0259rbi nizamnam\u0259l\u0259rin t\u0259l\u0259bl\u0259rinin yerin\u0259 yetirilm\u0259sind\u0259 bir cox h\u0259rbi qulluq\u00e7ulara \u015f\u0259xsi n\u00fcmun\u0259 olaraq V\u0259t\u0259n\u0259 D\u00f6vl\u0259t\u0259 v\u0259 xalqa s\u0259daq\u0259tl\u0259 xidm\u0259t etmi\u015fdir.<\/p>\n\n\n\n<p>&nbsp;&nbsp;&nbsp; Mayor B\u0259ybalayev Pirizad\u0259 B\u0259yl\u0259r o\u011flu Xidm\u0259td\u0259 f\u0259riql\u0259ndiyin\u0259 g\u00f6r\u0259 SSRI Ali Soveti v\u0259 Az\u0259rbaycan Respublikas\u0131n\u0131n Prezidenti ad\u0131ndan Silahl\u0131 Q\u00fcvv\u0259l\u0259rinin yaranmas\u0131n\u0131n 70-iliyi, 10-illiyi v\u0259 90illiyi&nbsp; yubley, il\u0259,&#187;Q\u00fcsursuz xidm\u0259t\u0259 g\u00f6r\u0259 &#187; is\u0259&nbsp; 2-ci v\u0259 3-c\u00fc d\u0259r\u0259c\u0259li medallarla t\u0259ltif edilib.<\/p>\n\n\n\n<p><strong>DO\u011eUM G\u00dcN\u00dcN M\u00dcBAR\u018fK OLSUN<\/strong>, <strong>P\u0130R\u0130ZAD\u018f B\u018fY!<\/strong><\/p>\n\n\n\n<p><strong>H\u018fM\u0130\u015e\u018f \u00dcZ\u00dcN G\u00dcLS\u00dcN, \u00dcR\u018fY\u0130N SEV\u0130NS\u0130N!<\/strong><\/p>\n\n\n\n<p><strong>B\u00dcT\u00dcN ARZULARIN \u00c7\u0130N OLSUN!<\/strong><\/p>\n\n\n\n<p><strong>ALLAH H\u018fR ZAMAN Q\u018fLB\u0130N\u0130 SIXINTIDAN, B\u018fDB\u0130NL\u0130KD\u018fN QORUSUN!<\/strong><\/p>\n\n\n\n<p><strong>DA\u0130MA XO\u015eB\u018fXT YA\u015eA, \u00d6MR\u00dcN UZUN OLSUN!<\/strong><\/p>\n\n\n\n<p><strong>D\u0259rin h\u00f6rm\u0259tl\u0259, Az\u0259rbaycan V\u0259t\u0259n M\u00fcharib\u0259si Veteranlar\u0131 \u0130ctimai Birliyinin<\/strong> <strong>s\u0259dr m\u00fcavini polkovnik Salman Musayev<\/strong><\/p>\n\n\n\n<figure class=\"wp-block-gallery columns-2 is-cropped wp-block-gallery-2 is-layout-flex wp-block-gallery-is-layout-flex\"><ul class=\"blocks-gallery-grid\"><li class=\"blocks-gallery-item\"><figure><img loading=\"lazy\" decoding=\"async\" width=\"695\" height=\"1024\" src=\"https:\/\/fedai.az\/wp-content\/uploads\/2021\/11\/20211121_222726-695x1024.jpg\" alt=\"\" data-id=\"54563\" data-full-url=\"https:\/\/fedai.az\/wp-content\/uploads\/2021\/11\/20211121_222726.jpg\" data-link=\"https:\/\/fedai.az\/?attachment_id=54563\" class=\"wp-image-54563\" srcset=\"https:\/\/fedai.az\/wp-content\/uploads\/2021\/11\/20211121_222726-695x1024.jpg 695w, https:\/\/fedai.az\/wp-content\/uploads\/2021\/11\/20211121_222726-204x300.jpg 204w, https:\/\/fedai.az\/wp-content\/uploads\/2021\/11\/20211121_222726-102x150.jpg 102w, https:\/\/fedai.az\/wp-content\/uploads\/2021\/11\/20211121_222726-768x1132.jpg 768w, https:\/\/fedai.az\/wp-content\/uploads\/2021\/11\/20211121_222726.jpg 899w\" sizes=\"auto, (max-width: 695px) 100vw, 695px\" \/><\/figure><\/li><li class=\"blocks-gallery-item\"><figure><img loading=\"lazy\" decoding=\"async\" width=\"600\" height=\"600\" src=\"https:\/\/fedai.az\/wp-content\/uploads\/2021\/11\/8265a327389da9fe4fdc2714b309120e-1.jpg\" alt=\"\" data-id=\"54295\" data-full-url=\"https:\/\/fedai.az\/wp-content\/uploads\/2021\/11\/8265a327389da9fe4fdc2714b309120e-1.jpg\" data-link=\"https:\/\/fedai.az\/?attachment_id=54295\" class=\"wp-image-54295\" srcset=\"https:\/\/fedai.az\/wp-content\/uploads\/2021\/11\/8265a327389da9fe4fdc2714b309120e-1.jpg 600w, https:\/\/fedai.az\/wp-content\/uploads\/2021\/11\/8265a327389da9fe4fdc2714b309120e-1-300x300.jpg 300w, https:\/\/fedai.az\/wp-content\/uploads\/2021\/11\/8265a327389da9fe4fdc2714b309120e-1-150x150.jpg 150w, https:\/\/fedai.az\/wp-content\/uploads\/2021\/11\/8265a327389da9fe4fdc2714b309120e-1-215x215.jpg 215w\" sizes=\"auto, (max-width: 600px) 100vw, 600px\" \/><\/figure><\/li><\/ul><\/figure>\n","protected":false},"excerpt":{"rendered":"<p>\u00a0\u00a0\u00a0\u00a0 AVMV\u0130B R\u0259hb\u0259rliyi v\u0259 Az\u0259rbaycan V\u0259t\u0259n M\u00fcharib\u0259si Veteranlar\u0131 \u0130ctimai Birliyinin (AVMV\u0130B) s\u0259dr m\u00fcavini polkovnik Salman Musayev M\u00fcharib\u0259 Veteran\u0131\u00a0ehtiyyatda olan mayor Pirizad\u0259 B\u0259yl\u0259r o\u011flu\u00a0 B\u0259ybalayevi<\/p>\n","protected":false},"author":2,"featured_media":54564,"comment_status":"closed","ping_status":"closed","sticky":false,"template":"","format":"standard","meta":{"footnotes":""},"categories":[5],"tags":[],"class_list":["post-54559","post","type-post","status-publish","format-standard","has-post-thumbnail","hentry","category-veteran"],"aioseo_notices":[],"_links":{"self":[{"href":"https:\/\/fedai.az\/index.php?rest_route=\/wp\/v2\/posts\/54559","targetHints":{"allow":["GET"]}}],"collection":[{"href":"https:\/\/fedai.az\/index.php?rest_route=\/wp\/v2\/posts"}],"about":[{"href":"https:\/\/fedai.az\/index.php?rest_route=\/wp\/v2\/types\/post"}],"author":[{"embeddable":true,"href":"https:\/\/fedai.az\/index.php?rest_route=\/wp\/v2\/users\/2"}],"replies":[{"embeddable":true,"href":"https:\/\/fedai.az\/index.php?rest_route=%2Fwp%2Fv2%2Fcomments&post=54559"}],"version-history":[{"count":1,"href":"https:\/\/fedai.az\/index.php?rest_route=\/wp\/v2\/posts\/54559\/revisions"}],"predecessor-version":[{"id":54565,"href":"https:\/\/fedai.az\/index.php?rest_route=\/wp\/v2\/posts\/54559\/revisions\/54565"}],"wp:featuredmedia":[{"embeddable":true,"href":"https:\/\/fedai.az\/index.php?rest_route=\/wp\/v2\/media\/54564"}],"wp:attachment":[{"href":"https:\/\/fedai.az\/index.php?rest_route=%2Fwp%2Fv2%2Fmedia&parent=54559"}],"wp:term":[{"taxonomy":"category","embeddable":true,"href":"https:\/\/fedai.az\/index.php?rest_route=%2Fwp%2Fv2%2Fcategories&post=54559"},{"taxonomy":"post_tag","embeddable":true,"href":"https:\/\/fedai.az\/index.php?rest_route=%2Fwp%2Fv2%2Ftags&post=54559"}],"curies":[{"name":"wp","href":"https:\/\/api.w.org\/{rel}","templated":true}]}}