{"id":54579,"date":"2021-11-23T00:25:32","date_gmt":"2021-11-22T20:25:32","guid":{"rendered":"https:\/\/fedai.az\/?p=54579"},"modified":"2021-11-23T00:25:37","modified_gmt":"2021-11-22T20:25:37","slug":"az%c9%99risigin-iscisi-lacinda-minaya-dus%c9%99r%c9%99k-x%c9%99sar%c9%99t-alib","status":"publish","type":"post","link":"https:\/\/fedai.az\/?p=54579","title":{"rendered":"&#171;Az\u0259ri\u015f\u0131\u011f&#187;\u0131n i\u015f\u00e7isi La\u00e7\u0131nda minaya d\u00fc\u015f\u0259r\u0259k x\u0259sar\u0259t al\u0131b"},"content":{"rendered":"\n<p><strong>&#171;Az\u0259ri\u015f\u0131\u011f&#187;\u0131n \u0259m\u0259kda\u015f\u0131 minaya d\u00fc\u015f\u0259r\u0259k x\u0259sar\u0259t al\u0131b.<\/strong><br><br>Hadis\u0259 La\u00e7\u0131n rayonunun G\u00fcl\u0259bird k\u0259ndi \u0259razisind\u0259 qeyd\u0259 al\u0131n\u0131b.<\/p>\n\n\n\n<p>Bel\u0259 ki, Bil\u0259suvar rayon sakini, 1988-ci il t\u0259v\u0259ll\u00fcdl\u00fc<strong> \u018fbilov Mahir Ramiz o\u011flu<\/strong> xidm\u0259ti v\u0259zif\u0259sini yerin\u0259 yetir\u0259n zaman minaya d\u00fc\u015f\u00fcb.<\/p>\n\n\n\n<p>Yaral\u0131n\u0131n sa\u011f aya\u011f\u0131 amputasiya olunub.<\/p>\n\n\n\n<p>Faktla ba\u011fl\u0131 ara\u015fd\u0131rma apar\u0131l\u0131r.<\/p>\n","protected":false},"excerpt":{"rendered":"<p>&#171;Az\u0259ri\u015f\u0131\u011f&#187;\u0131n \u0259m\u0259kda\u015f\u0131 minaya d\u00fc\u015f\u0259r\u0259k x\u0259sar\u0259t al\u0131b. Hadis\u0259 La\u00e7\u0131n rayonunun G\u00fcl\u0259bird k\u0259ndi \u0259razisind\u0259 qeyd\u0259 al\u0131n\u0131b. Bel\u0259 ki, Bil\u0259suvar rayon sakini, 1988-ci il t\u0259v\u0259ll\u00fcdl\u00fc \u018fbilov Mahir<\/p>\n","protected":false},"author":2,"featured_media":54038,"comment_status":"closed","ping_status":"closed","sticky":false,"template":"","format":"standard","meta":{"footnotes":""},"categories":[12],"tags":[],"class_list":["post-54579","post","type-post","status-publish","format-standard","has-post-thumbnail","hentry","category-sosial"],"aioseo_notices":[],"_links":{"self":[{"href":"https:\/\/fedai.az\/index.php?rest_route=\/wp\/v2\/posts\/54579","targetHints":{"allow":["GET"]}}],"collection":[{"href":"https:\/\/fedai.az\/index.php?rest_route=\/wp\/v2\/posts"}],"about":[{"href":"https:\/\/fedai.az\/index.php?rest_route=\/wp\/v2\/types\/post"}],"author":[{"embeddable":true,"href":"https:\/\/fedai.az\/index.php?rest_route=\/wp\/v2\/users\/2"}],"replies":[{"embeddable":true,"href":"https:\/\/fedai.az\/index.php?rest_route=%2Fwp%2Fv2%2Fcomments&post=54579"}],"version-history":[{"count":1,"href":"https:\/\/fedai.az\/index.php?rest_route=\/wp\/v2\/posts\/54579\/revisions"}],"predecessor-version":[{"id":54580,"href":"https:\/\/fedai.az\/index.php?rest_route=\/wp\/v2\/posts\/54579\/revisions\/54580"}],"wp:featuredmedia":[{"embeddable":true,"href":"https:\/\/fedai.az\/index.php?rest_route=\/wp\/v2\/media\/54038"}],"wp:attachment":[{"href":"https:\/\/fedai.az\/index.php?rest_route=%2Fwp%2Fv2%2Fmedia&parent=54579"}],"wp:term":[{"taxonomy":"category","embeddable":true,"href":"https:\/\/fedai.az\/index.php?rest_route=%2Fwp%2Fv2%2Fcategories&post=54579"},{"taxonomy":"post_tag","embeddable":true,"href":"https:\/\/fedai.az\/index.php?rest_route=%2Fwp%2Fv2%2Ftags&post=54579"}],"curies":[{"name":"wp","href":"https:\/\/api.w.org\/{rel}","templated":true}]}}