{"id":54581,"date":"2021-11-23T00:30:01","date_gmt":"2021-11-22T20:30:01","guid":{"rendered":"https:\/\/fedai.az\/?p=54581"},"modified":"2021-11-23T00:30:04","modified_gmt":"2021-11-22T20:30:04","slug":"fransanin-olk%c9%99mizd%c9%99ki-s%c9%99firi-agdama-s%c9%99f%c9%99r-edib","status":"publish","type":"post","link":"https:\/\/fedai.az\/?p=54581","title":{"rendered":"Fransan\u0131n \u00f6lk\u0259mizd\u0259ki s\u0259firi A\u011fdama s\u0259f\u0259r edib"},"content":{"rendered":"\n<p><strong>Bu g\u00fcn Fransan\u0131n Az\u0259rbaycandak\u0131 s\u0259firi Zakari Qrossun ba\u015f\u00e7\u0131l\u0131q etdiyi n\u00fcmay\u0259nd\u0259 hey\u0259ti A\u011fdama s\u0259f\u0259r edib.<\/strong><br><br>Bu bar\u0259d\u0259 Az\u0259rbaycan Prezidentinin A\u011fdam rayonu \u00fczr\u0259 x\u00fcsusi n\u00fcmay\u0259nd\u0259si Emin H\u00fcseynov \u00f6z\u00fcn\u00fcn twiterd\u0259ki hesab\u0131nda yaz\u0131b.<\/p>\n\n\n\n<p>S\u0259f\u0259r zaman\u0131 qonaqlara da\u011f\u0131d\u0131lm\u0131\u015f abid\u0259l\u0259r g\u00f6st\u0259rilib v\u0259 \u015f\u0259h\u0259rin yenid\u0259nqurma plan\u0131 haqq\u0131nda \u0259trafl\u0131 m\u0259lumat verilib.<\/p>\n","protected":false},"excerpt":{"rendered":"<p>Bu g\u00fcn Fransan\u0131n Az\u0259rbaycandak\u0131 s\u0259firi Zakari Qrossun ba\u015f\u00e7\u0131l\u0131q etdiyi n\u00fcmay\u0259nd\u0259 hey\u0259ti A\u011fdama s\u0259f\u0259r edib. Bu bar\u0259d\u0259 Az\u0259rbaycan Prezidentinin A\u011fdam rayonu \u00fczr\u0259 x\u00fcsusi n\u00fcmay\u0259nd\u0259si Emin<\/p>\n","protected":false},"author":2,"featured_media":54582,"comment_status":"closed","ping_status":"closed","sticky":false,"template":"","format":"standard","meta":{"footnotes":""},"categories":[1],"tags":[],"class_list":["post-54581","post","type-post","status-publish","format-standard","has-post-thumbnail","hentry","category-siyast"],"aioseo_notices":[],"_links":{"self":[{"href":"https:\/\/fedai.az\/index.php?rest_route=\/wp\/v2\/posts\/54581","targetHints":{"allow":["GET"]}}],"collection":[{"href":"https:\/\/fedai.az\/index.php?rest_route=\/wp\/v2\/posts"}],"about":[{"href":"https:\/\/fedai.az\/index.php?rest_route=\/wp\/v2\/types\/post"}],"author":[{"embeddable":true,"href":"https:\/\/fedai.az\/index.php?rest_route=\/wp\/v2\/users\/2"}],"replies":[{"embeddable":true,"href":"https:\/\/fedai.az\/index.php?rest_route=%2Fwp%2Fv2%2Fcomments&post=54581"}],"version-history":[{"count":1,"href":"https:\/\/fedai.az\/index.php?rest_route=\/wp\/v2\/posts\/54581\/revisions"}],"predecessor-version":[{"id":54583,"href":"https:\/\/fedai.az\/index.php?rest_route=\/wp\/v2\/posts\/54581\/revisions\/54583"}],"wp:featuredmedia":[{"embeddable":true,"href":"https:\/\/fedai.az\/index.php?rest_route=\/wp\/v2\/media\/54582"}],"wp:attachment":[{"href":"https:\/\/fedai.az\/index.php?rest_route=%2Fwp%2Fv2%2Fmedia&parent=54581"}],"wp:term":[{"taxonomy":"category","embeddable":true,"href":"https:\/\/fedai.az\/index.php?rest_route=%2Fwp%2Fv2%2Fcategories&post=54581"},{"taxonomy":"post_tag","embeddable":true,"href":"https:\/\/fedai.az\/index.php?rest_route=%2Fwp%2Fv2%2Ftags&post=54581"}],"curies":[{"name":"wp","href":"https:\/\/api.w.org\/{rel}","templated":true}]}}