{"id":54584,"date":"2021-11-23T00:38:25","date_gmt":"2021-11-22T20:38:25","guid":{"rendered":"https:\/\/fedai.az\/?p=54584"},"modified":"2021-11-23T00:50:08","modified_gmt":"2021-11-22T20:50:08","slug":"erm%c9%99nil%c9%99r-s%c9%99rh%c9%99d%c9%99-qadin-h%c9%99rbcil%c9%99r-c%c9%99lb-etdi","status":"publish","type":"post","link":"https:\/\/fedai.az\/?p=54584","title":{"rendered":"Erm\u0259nil\u0259r s\u0259rh\u0259d\u0259 qad\u0131n h\u0259rb\u00e7il\u0259r c\u0259lb etdi"},"content":{"rendered":"\n<p><strong>Erm\u0259nistan ordusunda xidm\u0259t\u0259 bu d\u0259f\u0259 qad\u0131nlar c\u0259lb edilib.<\/strong><\/p>\n\n\n\n<p>Axar.az&nbsp;x\u0259b\u0259r verir ki, bir ne\u00e7\u0259 g\u00fcn \u00f6nc\u0259 Erm\u0259nistanda s\u0259f\u0259rb\u0259rlik elan oldu\u011funu g\u00f6st\u0259r\u0259n g\u00f6r\u00fcnt\u00fcl\u0259rd\u0259 ya\u015fl\u0131 insanlar, d\u0259qiq des\u0259k, qocalar yer alm\u0131\u015fd\u0131. Bu d\u0259f\u0259 is\u0259 Erm\u0259nistan ordusuna qad\u0131nlar\u0131n c\u0259lb olunmas\u0131na dair video yay\u0131l\u0131b.<\/p>\n\n\n\n<p>Erm\u0259nistan medias\u0131nda yay\u0131lan bu g\u00f6r\u00fcnt\u00fcl\u0259r q\u0131sa zamanda sosial \u015f\u0259b\u0259k\u0259l\u0259rd\u0259 payla\u015f\u0131l\u0131b v\u0259 geni\u015f m\u00fczakir\u0259l\u0259r\u0259 s\u0259b\u0259b olub.<\/p>\n\n\n\n<p>Daha \u0259trafl\u0131 Baku TV-nin s\u00fcjetind\u0259:<\/p>\n\n\n\n<figure class=\"wp-block-embed is-type-video is-provider-youtube wp-block-embed-youtube wp-embed-aspect-16-9 wp-has-aspect-ratio\"><div class=\"wp-block-embed__wrapper\">\n<iframe loading=\"lazy\" title=\"Az\u0259rbaycanla s\u0259rh\u0259d\u0259 qad\u0131n h\u0259rb\u00e7il\u0259r c\u0259lb olunub - Baku TV\" width=\"715\" height=\"402\" src=\"https:\/\/www.youtube.com\/embed\/-4cu28NkZ-M?feature=oembed\" frameborder=\"0\" allow=\"accelerometer; autoplay; clipboard-write; encrypted-media; gyroscope; picture-in-picture\" allowfullscreen><\/iframe>\n<\/div><\/figure>\n","protected":false},"excerpt":{"rendered":"<p>Erm\u0259nistan ordusunda xidm\u0259t\u0259 bu d\u0259f\u0259 qad\u0131nlar c\u0259lb edilib. Axar.az&nbsp;x\u0259b\u0259r verir ki, bir ne\u00e7\u0259 g\u00fcn \u00f6nc\u0259 Erm\u0259nistanda s\u0259f\u0259rb\u0259rlik elan oldu\u011funu g\u00f6st\u0259r\u0259n g\u00f6r\u00fcnt\u00fcl\u0259rd\u0259 ya\u015fl\u0131 insanlar, d\u0259qiq<\/p>\n","protected":false},"author":2,"featured_media":54590,"comment_status":"closed","ping_status":"closed","sticky":false,"template":"","format":"standard","meta":{"footnotes":""},"categories":[4],"tags":[],"class_list":["post-54584","post","type-post","status-publish","format-standard","has-post-thumbnail","hentry","category-qarabag"],"aioseo_notices":[],"_links":{"self":[{"href":"https:\/\/fedai.az\/index.php?rest_route=\/wp\/v2\/posts\/54584","targetHints":{"allow":["GET"]}}],"collection":[{"href":"https:\/\/fedai.az\/index.php?rest_route=\/wp\/v2\/posts"}],"about":[{"href":"https:\/\/fedai.az\/index.php?rest_route=\/wp\/v2\/types\/post"}],"author":[{"embeddable":true,"href":"https:\/\/fedai.az\/index.php?rest_route=\/wp\/v2\/users\/2"}],"replies":[{"embeddable":true,"href":"https:\/\/fedai.az\/index.php?rest_route=%2Fwp%2Fv2%2Fcomments&post=54584"}],"version-history":[{"count":2,"href":"https:\/\/fedai.az\/index.php?rest_route=\/wp\/v2\/posts\/54584\/revisions"}],"predecessor-version":[{"id":54591,"href":"https:\/\/fedai.az\/index.php?rest_route=\/wp\/v2\/posts\/54584\/revisions\/54591"}],"wp:featuredmedia":[{"embeddable":true,"href":"https:\/\/fedai.az\/index.php?rest_route=\/wp\/v2\/media\/54590"}],"wp:attachment":[{"href":"https:\/\/fedai.az\/index.php?rest_route=%2Fwp%2Fv2%2Fmedia&parent=54584"}],"wp:term":[{"taxonomy":"category","embeddable":true,"href":"https:\/\/fedai.az\/index.php?rest_route=%2Fwp%2Fv2%2Fcategories&post=54584"},{"taxonomy":"post_tag","embeddable":true,"href":"https:\/\/fedai.az\/index.php?rest_route=%2Fwp%2Fv2%2Ftags&post=54584"}],"curies":[{"name":"wp","href":"https:\/\/api.w.org\/{rel}","templated":true}]}}