{"id":54595,"date":"2021-11-23T01:10:10","date_gmt":"2021-11-22T21:10:10","guid":{"rendered":"https:\/\/fedai.az\/?p=54595"},"modified":"2021-11-23T01:10:13","modified_gmt":"2021-11-22T21:10:13","slug":"turkiy%c9%99nin-qara-d%c9%99nizd%c9%99-qaz-k%c9%99m%c9%99ri-insasina-n%c9%99-zaman-baslayacagi-m%c9%99lum-oldu","status":"publish","type":"post","link":"https:\/\/fedai.az\/?p=54595","title":{"rendered":"T\u00fcrkiy\u0259nin Qara d\u0259nizd\u0259 qaz k\u0259m\u0259ri in\u015fas\u0131na n\u0259 zaman ba\u015flayaca\u011f\u0131 m\u0259lum oldu"},"content":{"rendered":"\n<p><strong>Qara d\u0259nizin T\u00fcrkiy\u0259 sektorundak\u0131 Sakarya qaz yata\u011f\u0131na boru k\u0259m\u0259rinin in\u015fas\u0131na g\u0259l\u0259n ilin yaz\u0131nda ba\u015flan\u0131lacaq.<\/strong><\/p>\n\n\n\n<p> \u00a0 Bunu qon\u015fu \u00f6lk\u0259nin enerji v\u0259 t\u0259bii ehtiyatlar naziri Fateh D\u00f6nm\u0259z bildirib.<\/p>\n\n\n\n<p> \u00a0 11-ci T\u00fcrkiy\u0259 Enerji Zirv\u0259sind\u0259 \u00e7\u0131x\u0131\u015f ed\u0259n nazir iyulda \u201cT\u00fcrk\u0259li-2\u201d quyusunda s\u0131naqlar apard\u0131qlar\u0131n\u0131, bu h\u0259ft\u0259 is\u0259 g\u00fcnd\u0259lik 650 min kubmetrlik debit oldu\u011funu a\u015fkarlad\u0131qlar\u0131n\u0131 diqq\u0259t\u0259 \u00e7atd\u0131r\u0131b: \u201cSakarya qaz sah\u0259sind\u0259 b\u00fct\u00fcn m\u00fch\u0259ndislik \u00e7al\u0131\u015fmalar\u0131n\u0131 tamamlam\u0131\u015f\u0131q. Y\u00fcks\u0259k keyfiyy\u0259tli borular sifari\u015f etdik\u201d. \u00a0<\/p>\n\n\n\n<p> Xat\u0131rladaq ki, \u00f6t\u0259n il avqustun 21-d\u0259 Prezident R\u0259c\u0259b Tayib \u018frdo\u011fan Qara d\u0259nizd\u0259 b\u00f6y\u00fck qaz yata\u011f\u0131 k\u0259\u015ff etdikl\u0259rini, 2023-c\u00fc ilin \u0259vv\u0259lin\u0259d\u0259k yataqdan qaz hasilat\u0131na ba\u015flamaq niyy\u0259tind\u0259 olduqlar\u0131n\u0131 a\u00e7\u0131qlay\u0131b. O, yataqdak\u0131 \u201cTuna-1&#8243; b\u00f6lg\u0259sind\u0259 405 milyard kubmetr t\u0259sdiql\u0259nmi\u015f ehtiyat\u0131n oldu\u011funu da qeyd edib.\u00a0 <\/p>\n","protected":false},"excerpt":{"rendered":"<p>Qara d\u0259nizin T\u00fcrkiy\u0259 sektorundak\u0131 Sakarya qaz yata\u011f\u0131na boru k\u0259m\u0259rinin in\u015fas\u0131na g\u0259l\u0259n ilin yaz\u0131nda ba\u015flan\u0131lacaq. \u00a0 Bunu qon\u015fu \u00f6lk\u0259nin enerji v\u0259 t\u0259bii ehtiyatlar naziri Fateh<\/p>\n","protected":false},"author":2,"featured_media":54596,"comment_status":"closed","ping_status":"closed","sticky":false,"template":"","format":"standard","meta":{"footnotes":""},"categories":[13],"tags":[],"class_list":["post-54595","post","type-post","status-publish","format-standard","has-post-thumbnail","hentry","category-xarici"],"aioseo_notices":[],"_links":{"self":[{"href":"https:\/\/fedai.az\/index.php?rest_route=\/wp\/v2\/posts\/54595","targetHints":{"allow":["GET"]}}],"collection":[{"href":"https:\/\/fedai.az\/index.php?rest_route=\/wp\/v2\/posts"}],"about":[{"href":"https:\/\/fedai.az\/index.php?rest_route=\/wp\/v2\/types\/post"}],"author":[{"embeddable":true,"href":"https:\/\/fedai.az\/index.php?rest_route=\/wp\/v2\/users\/2"}],"replies":[{"embeddable":true,"href":"https:\/\/fedai.az\/index.php?rest_route=%2Fwp%2Fv2%2Fcomments&post=54595"}],"version-history":[{"count":1,"href":"https:\/\/fedai.az\/index.php?rest_route=\/wp\/v2\/posts\/54595\/revisions"}],"predecessor-version":[{"id":54597,"href":"https:\/\/fedai.az\/index.php?rest_route=\/wp\/v2\/posts\/54595\/revisions\/54597"}],"wp:featuredmedia":[{"embeddable":true,"href":"https:\/\/fedai.az\/index.php?rest_route=\/wp\/v2\/media\/54596"}],"wp:attachment":[{"href":"https:\/\/fedai.az\/index.php?rest_route=%2Fwp%2Fv2%2Fmedia&parent=54595"}],"wp:term":[{"taxonomy":"category","embeddable":true,"href":"https:\/\/fedai.az\/index.php?rest_route=%2Fwp%2Fv2%2Fcategories&post=54595"},{"taxonomy":"post_tag","embeddable":true,"href":"https:\/\/fedai.az\/index.php?rest_route=%2Fwp%2Fv2%2Ftags&post=54595"}],"curies":[{"name":"wp","href":"https:\/\/api.w.org\/{rel}","templated":true}]}}