{"id":54598,"date":"2021-11-23T01:16:12","date_gmt":"2021-11-22T21:16:12","guid":{"rendered":"https:\/\/fedai.az\/?p=54598"},"modified":"2021-11-23T01:16:15","modified_gmt":"2021-11-22T21:16:15","slug":"az%c9%99rbaycan-v%c9%99-iran-prezidentl%c9%99ri-gorus%c9%99-bil%c9%99r","status":"publish","type":"post","link":"https:\/\/fedai.az\/?p=54598","title":{"rendered":"Az\u0259rbaycan v\u0259 \u0130ran prezidentl\u0259ri g\u00f6r\u00fc\u015f\u0259 bil\u0259r"},"content":{"rendered":"\n<p><strong>Az\u0259rbaycan Prezidenti \u0130lham \u018fliyev \u0130ran Prezidenti \u0130brahim R\u0259isi T\u00fcrkm\u0259nistan\u0131n paytaxt\u0131 A\u015fqabadda ke\u00e7irilm\u0259si planla\u015fd\u0131r\u0131lan \u0130qtisadi \u018fm\u0259kda\u015fl\u0131q T\u0259\u015fkilat\u0131n\u0131n (ECO) Zirv\u0259 g\u00f6r\u00fc\u015f\u00fc \u00e7\u0259r\u00e7iv\u0259sind\u0259 g\u00f6r\u00fc\u015f\u0259 bil\u0259r.<\/strong><\/p>\n\n\n\n<p>Bunu \u0130ran Xarici \u0130\u015fl\u0259r Nazirliyinin s\u00f6z\u00e7\u00fcs\u00fc S\u0259id X\u0259tibzad\u0259 noyabr\u0131n 22-d\u0259 ke\u00e7irdiyi m\u0259tbuat konfrans\u0131nda bildirib.<\/p>\n\n\n\n<p>O, Az\u0259rbaycan Ba\u015f nazirinin m\u00fcavini \u015eahin Mustafayevin \u0130rana s\u0259f\u0259rinin m\u00fch\u00fcm oldu\u011funu v\u0259 konstruktiv ke\u00e7diyini d\u0259 vur\u011fulay\u0131b.<\/p>\n\n\n\n<p>Qeyd ed\u0259k ki, \u015e.Mustafayev noyabr\u0131n 21-d\u0259 \u0130randa s\u0259f\u0259rd\u0259 olub, bu \u00f6lk\u0259nin xarici i\u015fl\u0259r naziri H\u00fcseyn \u018fmirabullahianla g\u00f6r\u00fc\u015f\u00fcb.<\/p>\n","protected":false},"excerpt":{"rendered":"<p>Az\u0259rbaycan Prezidenti \u0130lham \u018fliyev \u0130ran Prezidenti \u0130brahim R\u0259isi T\u00fcrkm\u0259nistan\u0131n paytaxt\u0131 A\u015fqabadda ke\u00e7irilm\u0259si planla\u015fd\u0131r\u0131lan \u0130qtisadi \u018fm\u0259kda\u015fl\u0131q T\u0259\u015fkilat\u0131n\u0131n (ECO) Zirv\u0259 g\u00f6r\u00fc\u015f\u00fc \u00e7\u0259r\u00e7iv\u0259sind\u0259 g\u00f6r\u00fc\u015f\u0259 bil\u0259r. Bunu \u0130ran<\/p>\n","protected":false},"author":2,"featured_media":54599,"comment_status":"closed","ping_status":"closed","sticky":false,"template":"","format":"standard","meta":{"footnotes":""},"categories":[1],"tags":[],"class_list":["post-54598","post","type-post","status-publish","format-standard","has-post-thumbnail","hentry","category-siyast"],"aioseo_notices":[],"_links":{"self":[{"href":"https:\/\/fedai.az\/index.php?rest_route=\/wp\/v2\/posts\/54598","targetHints":{"allow":["GET"]}}],"collection":[{"href":"https:\/\/fedai.az\/index.php?rest_route=\/wp\/v2\/posts"}],"about":[{"href":"https:\/\/fedai.az\/index.php?rest_route=\/wp\/v2\/types\/post"}],"author":[{"embeddable":true,"href":"https:\/\/fedai.az\/index.php?rest_route=\/wp\/v2\/users\/2"}],"replies":[{"embeddable":true,"href":"https:\/\/fedai.az\/index.php?rest_route=%2Fwp%2Fv2%2Fcomments&post=54598"}],"version-history":[{"count":1,"href":"https:\/\/fedai.az\/index.php?rest_route=\/wp\/v2\/posts\/54598\/revisions"}],"predecessor-version":[{"id":54600,"href":"https:\/\/fedai.az\/index.php?rest_route=\/wp\/v2\/posts\/54598\/revisions\/54600"}],"wp:featuredmedia":[{"embeddable":true,"href":"https:\/\/fedai.az\/index.php?rest_route=\/wp\/v2\/media\/54599"}],"wp:attachment":[{"href":"https:\/\/fedai.az\/index.php?rest_route=%2Fwp%2Fv2%2Fmedia&parent=54598"}],"wp:term":[{"taxonomy":"category","embeddable":true,"href":"https:\/\/fedai.az\/index.php?rest_route=%2Fwp%2Fv2%2Fcategories&post=54598"},{"taxonomy":"post_tag","embeddable":true,"href":"https:\/\/fedai.az\/index.php?rest_route=%2Fwp%2Fv2%2Ftags&post=54598"}],"curies":[{"name":"wp","href":"https:\/\/api.w.org\/{rel}","templated":true}]}}