{"id":54601,"date":"2021-11-23T01:41:04","date_gmt":"2021-11-22T21:41:04","guid":{"rendered":"https:\/\/fedai.az\/?p=54601"},"modified":"2021-11-23T10:15:36","modified_gmt":"2021-11-23T06:15:36","slug":"t%c9%99brikabuz%c9%99rov-ceyhun-c%c9%99nn%c9%99t-oglu-55","status":"publish","type":"post","link":"https:\/\/fedai.az\/?p=54601","title":{"rendered":"T\u018fBR\u0130K: ABUZ\u018fROV CEYHUN C\u018fNN\u018fT O\u011eLU &#8212; 55"},"content":{"rendered":"\n<p>&nbsp;&nbsp; D\u00fcnyada zehni, fiziki \u0259m\u0259kl\u0259 ba\u011fli, b\u0259hr\u0259 g\u0259tir\u0259n b\u00fct\u00fcn pe\u015f\u0259l\u0259r \u015f\u0259r\u0259flidir. Lakin insan taleyin\u0259 sevinc, \u00f6mr\u00fcn\u0259 yeni \u00f6m\u00fcr b\u0259x\u015f ed\u0259n h\u0259kimlik pe\u015f\u0259si ilah\u0131 q\u00fcdr\u0259tli yegan\u0259 m\u00fcq\u0259dd\u0259s pe\u015f\u0259dir. \u0130nsanlar m\u0259hz bu,pe\u015f\u0259 sahibl\u0259rinin \u0259ll\u0259rinin \u015f\u0259fas\u0131nda ilah\u0131n q\u00fcvv\u0259t v\u0259 q\u00fcdr\u0259tini g\u00f6r\u00fcrl\u0259r.<\/p>\n\n\n\n<p><strong>&nbsp;&nbsp;&nbsp;&nbsp; <\/strong><strong>Bel\u0259 h\u00f6rm\u0259t&nbsp; v\u0259 say\u011f\u0131ya layiq olan \u00f6z y\u00fcks\u0259k pe\u015f\u0259karl\u0131\u011f\u0131 v\u0259 humanistliyi il\u0259,<\/strong><strong> <\/strong><strong>i\u015fg\u00fczarl\u0131\u011f\u0131 v\u0259 m\u0259n\u0259vi keyfiyy\u0259til\u0259, n\u0259z\u0259ri v\u0259 praktiki biliyi il\u0259,<\/strong><strong> <\/strong><strong>sad\u0259liyi v\u0259 s\u0259mimiyy\u0259ti il\u0259, d\u0259qiqliyi v\u0259 t\u0259mkinliyi il\u0259, t\u0259\u015fkilat\u00e7\u0131l\u0131q bacar\u0131\u011f\u0131 il\u0259&nbsp;&nbsp; il\u0259 se\u00e7il\u0259n \u00f6mr\u00fcn\u00fcn \u0259n m\u0259hsuldar d\u00f6vr\u00fcn\u00fcn 29-illk \u015f\u0259r\u0259fli xidm\u0259t yolunun&nbsp; iyirmi \u00fcc ilini h\u0259rbi xidm\u0259td\u0259, alt\u0131 ilini is\u0259 ARTOMED Kilinkas\u0131nda ke\u00e7ir\u0259n ehtiyatda olan tibb xidm\u0259ti mayoru Abuz\u0259rov Ceyhun C\u0259nn\u0259t o\u011flunun 23 noyabr 55 ya\u015f\u0131 tamam olur&nbsp; .<\/strong><\/p>\n\n\n\n<p><strong>&nbsp;&nbsp;&nbsp; <span class=\"has-inline-color has-vivid-red-color\">Bel\u0259 bir \u0259l\u0259mdar g\u00fcn m\u00fcnasib\u0259til\u0259 AVMV\u0130B R\u0259hb\u0259rliyi v\u0259 Az\u0259rbaycan V\u0259t\u0259n M\u00fcharib\u0259si Veteranlar\u0131 \u0130ctimai Birliyinin s\u0259dr m\u00fcavini polkovnik Salman Musayev ehtiyatda olan tibb xidm\u0259ti mayoru Abuz\u0259rov Ceyhun C\u0259nn\u0259t o\u011flunu do\u011fum g\u00fcn\u00fc munasb\u0259til\u0259 s\u0259mimi q\u0259lbd\u0259n&nbsp; t\u0259brik edir, ona&nbsp; h\u0259yatda insan \u00fc\u00e7\u00fcn \u0259n \u015firin nem\u0259t olan m\u00f6hk\u0259m can sa\u011fl\u0131\u011f\u0131, ail\u0259 s\u0259ad\u0259ti&nbsp; v\u0259 h\u0259yat yollar\u0131nda bitib -t\u00fck\u0259nm\u0259y\u0259n nailiyy\u0259tl\u0259r arzulay\u0131r.<\/span><\/strong><\/p>\n\n\n\n<p><strong>&nbsp;&nbsp;&nbsp;&nbsp; Qoy ya\u015f\u0131n\u0131n \u00fcst\u0259 g\u0259l\u0259n bu ya\u015f ona sevinc dolu g\u00fcnl\u0259r b\u0259x\u015f etsin v\u0259 h\u0259r yeni g\u00fcn\u00fc is\u0259 \u00f6t\u0259n g\u00fcnl\u0259rd\u0259n daha g\u00f6z\u0259l ist\u0259kl\u0259rin\u0259 uy\u011fun onu xo\u015fb\u0259xt ed\u0259c\u0259k \u015f\u0259kild\u0259 ke\u00e7sin. Amin!<\/strong><\/p>\n\n\n\n<p>&nbsp;&nbsp;&nbsp; Tibb Xidm\u0259ti mayoru <strong>Abuz\u0259rov Ceyhun C\u0259nn\u0259t o\u011flu&nbsp;<\/strong> 23 noyabr 1966-ci ild\u0259&nbsp; Lac\u0131n rayonunun Qarake\u00e7idi k\u0259ndind\u0259 d\u00fcnyaya g\u00f6z a\u00e7\u0131b.<\/p>\n\n\n\n<figure class=\"wp-block-gallery columns-2 is-cropped wp-block-gallery-1 is-layout-flex wp-block-gallery-is-layout-flex\"><ul class=\"blocks-gallery-grid\"><li class=\"blocks-gallery-item\"><figure><img loading=\"lazy\" decoding=\"async\" width=\"436\" height=\"994\" src=\"https:\/\/fedai.az\/wp-content\/uploads\/2021\/11\/IMG-20211121-WA0005.jpg\" alt=\"\" data-id=\"54602\" data-link=\"https:\/\/fedai.az\/?attachment_id=54602\" class=\"wp-image-54602\" srcset=\"https:\/\/fedai.az\/wp-content\/uploads\/2021\/11\/IMG-20211121-WA0005.jpg 436w, https:\/\/fedai.az\/wp-content\/uploads\/2021\/11\/IMG-20211121-WA0005-132x300.jpg 132w, https:\/\/fedai.az\/wp-content\/uploads\/2021\/11\/IMG-20211121-WA0005-66x150.jpg 66w\" sizes=\"auto, (max-width: 436px) 100vw, 436px\" \/><\/figure><\/li><li class=\"blocks-gallery-item\"><figure><img loading=\"lazy\" decoding=\"async\" width=\"382\" height=\"786\" src=\"https:\/\/fedai.az\/wp-content\/uploads\/2021\/11\/20211121_215533-1.jpg\" alt=\"\" data-id=\"54603\" data-full-url=\"https:\/\/fedai.az\/wp-content\/uploads\/2021\/11\/20211121_215533-1.jpg\" data-link=\"https:\/\/fedai.az\/?attachment_id=54603\" class=\"wp-image-54603\" srcset=\"https:\/\/fedai.az\/wp-content\/uploads\/2021\/11\/20211121_215533-1.jpg 382w, https:\/\/fedai.az\/wp-content\/uploads\/2021\/11\/20211121_215533-1-146x300.jpg 146w, https:\/\/fedai.az\/wp-content\/uploads\/2021\/11\/20211121_215533-1-73x150.jpg 73w\" sizes=\"auto, (max-width: 382px) 100vw, 382px\" \/><\/figure><\/li><\/ul><\/figure>\n\n\n\n<p>&nbsp;&nbsp; O,1981-ci ild\u0259 La\u00e7\u0131n rayonun Qarake\u00e7idi k\u0259nd orta m\u0259kt\u0259binin 8 -ci sinifini, 1983-ci ild\u0259 Bak\u0131 \u015f\u0259h\u0259r 5 n\u00f6mr\u0259li Kimya-Biologiya t\u0259may\u00fcll\u00fc orta m\u0259kt\u0259bi, 1994-ci ild\u0259 \u0130s\u0259 Az\u0259rbaycan D\u00f6vl\u0259t Tibb Unveristetinin&nbsp; m\u00fcalic\u0259- profilaktika fakult\u0259sini bitirib.<\/p>\n\n\n\n<p>Abuz\u0259rov Ceyhun C\u0259nn\u0259t o\u011flu 1984 -1986 c\u0131&nbsp; il\u0259rd\u0259 SSRI Sovet ordusunun Samara \u015f\u0259h\u0259rind\u0259&nbsp; yerl\u0259\u015f\u0259n h\u0259rbi hiss\u0259d\u0259 m\u00fcddd\u0259tli h\u0259qqi h\u0259rbi xidm\u0259td\u0259 olub. 1994-2015-ci ill\u0259rd\u0259 Daxili \u0130\u015fl\u0259r Nazirliyinin Daxili Qo\u015funlar\u0131n Ba\u015f \u0130dar\u0259sinin F\u00fczuli, X\u0259tai, Bin\u0259q\u0259di v\u0259 N\u0259rimanov rayonlar\u0131nda yerl\u0259\u015f\u0259n h\u0259rbi hiss\u0259l\u0259rd\u0259&nbsp; h\u0259rbi&nbsp; h\u0259kim-terapevt, tibb m\u0259nt\u0259q\u0259sinin r\u0259isi, tibb xidm\u0259t r\u0259isi ,Daxili Qo\u015funlar\u0131n h\u0259rbi hospital\u0131nda is\u0259 fizoterapiya \u015f\u00f6b\u0259sinin r\u0259isi v\u0259zif\u0259l\u0259rind\u0259 xidm\u0259t edmi\u015fdir.<\/p>\n\n\n\n<p>&nbsp;&nbsp;&nbsp; 2016 -c\u0131 ild\u0259n etibar\u0259n&nbsp; ehtiyatda olan tibb xidm\u0259ti mayoru&nbsp; Abuz\u0259rov Ceyhun C\u0259nn\u0259t o\u011flu&nbsp; ARTOMED Kilink x\u0259st\u0259xanas\u0131nda pe\u015f\u0259 f\u0259aliyy\u0259tini davam etdirir.<\/p>\n\n\n\n<figure class=\"wp-block-gallery columns-2 is-cropped wp-block-gallery-2 is-layout-flex wp-block-gallery-is-layout-flex\"><ul class=\"blocks-gallery-grid\"><li class=\"blocks-gallery-item\"><figure><img loading=\"lazy\" decoding=\"async\" width=\"1024\" height=\"1008\" src=\"https:\/\/fedai.az\/wp-content\/uploads\/2021\/11\/C4-1024x1008.jpg\" alt=\"\" data-id=\"54605\" data-link=\"https:\/\/fedai.az\/?attachment_id=54605\" class=\"wp-image-54605\" srcset=\"https:\/\/fedai.az\/wp-content\/uploads\/2021\/11\/C4-1024x1008.jpg 1024w, https:\/\/fedai.az\/wp-content\/uploads\/2021\/11\/C4-300x295.jpg 300w, https:\/\/fedai.az\/wp-content\/uploads\/2021\/11\/C4-150x148.jpg 150w, https:\/\/fedai.az\/wp-content\/uploads\/2021\/11\/C4-768x756.jpg 768w, https:\/\/fedai.az\/wp-content\/uploads\/2021\/11\/C4.jpg 1080w\" sizes=\"auto, (max-width: 1024px) 100vw, 1024px\" \/><\/figure><\/li><li class=\"blocks-gallery-item\"><figure><img loading=\"lazy\" decoding=\"async\" width=\"768\" height=\"1024\" src=\"https:\/\/fedai.az\/wp-content\/uploads\/2021\/11\/IMG-20211120-WA0024-768x1024.jpg\" alt=\"\" data-id=\"54606\" data-full-url=\"https:\/\/fedai.az\/wp-content\/uploads\/2021\/11\/IMG-20211120-WA0024.jpg\" data-link=\"https:\/\/fedai.az\/?attachment_id=54606\" class=\"wp-image-54606\" srcset=\"https:\/\/fedai.az\/wp-content\/uploads\/2021\/11\/IMG-20211120-WA0024-768x1024.jpg 768w, https:\/\/fedai.az\/wp-content\/uploads\/2021\/11\/IMG-20211120-WA0024-225x300.jpg 225w, https:\/\/fedai.az\/wp-content\/uploads\/2021\/11\/IMG-20211120-WA0024-113x150.jpg 113w, https:\/\/fedai.az\/wp-content\/uploads\/2021\/11\/IMG-20211120-WA0024.jpg 960w\" sizes=\"auto, (max-width: 768px) 100vw, 768px\" \/><\/figure><\/li><\/ul><\/figure>\n\n\n\n<p>&nbsp;&nbsp;&nbsp; Tibb Xidm\u0259ti mayoru Ceyhun C\u0259nn\u0259t o\u011flu Abuz\u0259rov&nbsp; Daxili \u0130\u015fl\u0259r Nazirliyinin Daxili Qo\u015funlar\u0131n\u0131n&nbsp; Ba\u015f \u0130dar\u0259sinin h\u0259rbi hiss\u0259l\u0259rind\u0259 v\u0259 h\u0259rbi hospitalinda m\u00fcxt\u0259lif v\u0259zif\u0259l\u0259rd\u0259 xidm\u0259t etdiyi ill\u0259r \u0259rzind\u0259 bir ne\u00e7\u0259 d\u0259f\u0259 H\u0259kiml\u0259rin t\u0259kmill\u0259\u015fm\u0259 \u0130nstitutunda kurslarda olmu\u015fdur, Daxili Qo\u015funlar\u0131n Bas \u0130dar\u0259sind\u0259 is\u0259 h\u0259rbi his\u0259l\u0259rin tibb m\u0259nt\u0259q\u0259 v\u0259 tibb xidm\u0259ti r\u0259isl\u0259ri il\u0259 ke\u00e7iril\u0259n metodiki -t\u0259lim toplan\u0131\u015flar\u0131nda, seminar v\u0259 konfranslarda f\u0259al i\u015ftirak etmi\u015fdir.Tabeliyind\u0259 olan tibb personal\u0131n\u0131n yeti\u015fib t\u0259kimill\u0259\u015fm\u0259sind\u0259 \u00f6z qay\u011f\u0131 v\u0259 ba\u00e7ar\u0131\u011fn\u0131 \u0259sirg\u0259miy\u0259n Ceyhun h\u0259kimin haqq\u0131nda real, h\u0259qiq\u0259t olan t\u0259mannas\u0131z, s\u0259mimi fikirl\u0259ri onun g\u0259rgin pe\u015f\u0259 z\u0259hm\u0259tinin v\u0259 l\u0259yaq\u0259tli xidm\u0259tl\u0259rinin t\u0259zah\u00fcr\u00fcd\u00fcr.<\/p>\n\n\n\n<p>&nbsp;&nbsp;&nbsp;&nbsp; O, Daxili Qo\u015funlarda xidm\u0259t etdiyi ill\u0259r \u0259rzind\u0259 \u00f6zun\u00fc u\u015faq vaxtlar\u0131ndan, g\u00f6z\u0259l ail\u0259 v\u0259 m\u0259kt\u0259b t\u0259rbiy\u0259si il\u0259 b\u00f6y\u00fcm\u00fc\u015f, \u0259xlaq\u0131 t\u0259rbiy\u0259si yerind\u0259 olan, nizam v\u0259 intizaml\u0131 h\u0259rbi\u00e7i k\u0131m\u0131 g\u00f6st\u0259rmi\u015fdir. O i\u015fl\u0259diyi v\u0259 oxudu\u011fu&nbsp;&nbsp; t\u0259hsil m\u00fc\u0259ssis\u0259l\u0259rind\u0259, ya\u015fad\u0131\u011f\u0131 \u0259razid\u0259&nbsp; kollektiv aras\u0131nda h\u0259mi\u015f\u0259 m\u00fcsb\u0259t m\u0259nada se\u00e7il\u0259r\u0259k, ba\u015fqalar\u0131 \u00fc\u00e7\u00fcn&nbsp; n\u00fcmun\u0259 olmu\u015fdur.<\/p>\n\n\n\n<p>&nbsp;&nbsp;&nbsp;&nbsp; Az\u0259rbaycan Respublikas\u0131nda ictimai qaydan\u0131n&nbsp; v\u0259 ictimai t\u0259hl\u00fck\u0259sizliyin qorunmas\u0131nda, \u015f\u0259h\u0259rd\u0259 v\u0259 ya\u015fay\u0131\u015f m\u0259nt\u0259q\u0259l\u0259rind\u0259 ba\u015f vermi\u015f k\u00fctl\u0259vi ixti\u015fa\u015flar\u0131n qar\u015f\u0131s\u0131n\u0131n al\u0131nmas\u0131nda, m\u00fct\u0259\u015f\u0259kkil cinay\u0259tkarl\u0131\u011fa, terror\u00e7\u00fclu\u011fa v\u0259 dig\u0259r t\u0259hl\u00fck\u0259li cinay\u0259tl\u0259r\u0259 qar\u015f\u0131 m\u00fcbariz\u0259d\u0259, qanunsuz silahl\u0131 d\u0259st\u0259l\u0259rin z\u0259r\u0259rsizl\u0259\u015fdirilm\u0259sind\u0259, d\u00f6vl\u0259tin \u0259razi b\u00fct\u00f6vl\u00fcy\u00fcn\u00fcn t\u0259min edilm\u0259sind\u0259, f\u00f6vqalad\u0259 v\u0259ziy\u0259t zaman\u0131 h\u00fcquqi rejim t\u0259dbirl\u0259rinin h\u0259yata ke\u00e7irilm\u0259sind\u0259 \u00fcz\u0259rin\u0259 d\u00fcs\u0259n v\u0259zif\u0259 v\u0259 tap\u015f\u0131r\u0131qlar\u0131 m\u0259suliyy\u0259t v\u0259 \u015f\u0259r\u0259f hissi il\u0259 yer\u0131n\u0259 yetirmi\u015fdir.<\/p>\n\n\n\n<p>&nbsp;&nbsp;&nbsp;&nbsp; Tibb Xidm\u0259ti mayoru Ceyhun C\u0259nn\u0259t o\u011flu Abuz\u0259rov qorxmaz, insanp\u0259rv\u0259r, saxav\u0259tli, \u0259lia\u00e7\u0131q, z\u0259hm\u0259tke\u015f&nbsp; &nbsp;h\u0259rbi h\u0259kim olmu\u015fdur. O,\u0130st\u0259r t\u0259hsil ald\u0131g\u0131 ali v\u0259 orta t\u0259hsil m\u00fc\u0259ssis\u0259l\u0259rind\u0259, ist\u0259rs\u0259d\u0259&nbsp; xidm\u0259t etdiyi v\u0259 i\u015fl\u0259diyi kolektivl\u0259rd\u0259, dost -tan\u0131\u015f, qohum -\u0259qraba&nbsp; aras\u0131nda \u00f6z\u00fcn\u0259 layiq h\u00f6rm\u0259t qazanm\u0131\u015fd\u0131r.<\/p>\n\n\n\n<p>O,zabitl\u0259rl\u0259, giz\u0131r v\u0259 m\u00fcdd\u0259td\u0259n art\u0131q xidm\u0259t ed\u0259n h\u0259rbi qulluq\u00e7ularla \u0259sg\u0259r v\u0259 cavu\u015flarla, sanitar t\u0259limatc\u0131larla \u00f6z ixtisas\u0131 ( tibb hazl\u0131\u011f\u0131) \u00fczr\u0259 m\u0259\u015f\u011f\u0259l\u0259l\u0259rin, m\u0259\u015fql\u0259rin, metodiki-t\u0259lim toplan\u0131\u015flar\u0131n, marifl\u0259ndirm\u0259 i\u015fl\u0259rinin&nbsp; kecirilm\u0259si istqam\u0259tind\u0259&nbsp; \u00fcz\u0259rin\u0259 d\u00fcs\u0259n v\u0259zif\u0259 v\u0259 tap\u015f\u0131r\u0131qlar\u0131n&nbsp;&nbsp; \u00f6hd\u0259sind\u0259n layiqinc\u0259 g\u0259lmi\u015fdir.<\/p>\n\n\n\n<figure class=\"wp-block-image size-large is-resized\"><img loading=\"lazy\" decoding=\"async\" src=\"https:\/\/fedai.az\/wp-content\/uploads\/2021\/11\/IMG-20211120-WA0022.jpg\" alt=\"\" class=\"wp-image-54607\" width=\"919\" height=\"1014\" srcset=\"https:\/\/fedai.az\/wp-content\/uploads\/2021\/11\/IMG-20211120-WA0022.jpg 540w, https:\/\/fedai.az\/wp-content\/uploads\/2021\/11\/IMG-20211120-WA0022-272x300.jpg 272w, https:\/\/fedai.az\/wp-content\/uploads\/2021\/11\/IMG-20211120-WA0022-136x150.jpg 136w\" sizes=\"auto, (max-width: 919px) 100vw, 919px\" \/><\/figure>\n\n\n\n<p>&nbsp;&nbsp;&nbsp;&nbsp; Ceyhun h\u0259kim, Az\u0259rbaycan Respublikas\u0131n\u0131n Konstitusiyas\u0131na v\u0259 qanunlar\u0131na \u0259m\u0259l etm\u0259kd\u0259, h\u0259rbi and\u0131n v\u0259 h\u0259rbi nizamnam\u0259l\u0259rin t\u0259l\u0259bl\u0259rinin yerin\u0259 yetirilm\u0259sind\u0259 \u00fcz\u0259rin\u0259 d\u00fcs\u0259n v\u0259zif\u0259 v\u0259 tap\u015f\u0131r\u0131qlar\u0131n \u00f6hd\u0259sind\u0259n layiqinc\u0259 g\u0259l\u0259r\u0259k, V\u0259t\u0259n\u0259,D\u00f6vl\u0259t\u0259 v\u0259 Xalqa s\u0259daq\u0259tl\u0259 xidm\u0259t etmi\u015fdir. Hippokrat and\u0131 i\u00e7\u0259n Ceyhun h\u0259kim, Dax\u0131l\u0131 Qo\u015funlar\u0131n Ba\u015f idar\u0259sinin F\u00fczuli rayonunda v\u0259 Bak\u0131 \u015f\u0259h\u0259rind\u0259 yerl\u0259\u015f\u0259n h\u0259rbi hiss\u0259l\u0259rd\u0259&nbsp; xidm\u0259t ediyi ill\u0259r \u0259rzind\u0259&nbsp;&nbsp; ona,&nbsp;&nbsp; h\u0259vala&nbsp; edilmi\u015f v\u0259zif\u0259 v\u0259 tap\u015f\u0131r\u0131qlar\u0131n \u00f6hd\u0259sind\u0259n layiqinc\u0259 g\u0259l\u0259r\u0259k, h\u0259r bir h\u0259rbi qulluq\u00e7unun sa\u011flaml\u0131\u011fn\u0131n ke\u015fiyind\u0259 \u0259ziml\u0259 dayanm\u0131\u015fdir.<\/p>\n\n\n\n<p>&nbsp;&nbsp;&nbsp; H\u0259rbi xidm\u0259ti v\u0259zif\u0259l\u0259rinin icras\u0131 zaman\u0131 y\u00fcks\u0259k m\u0259n\u0259vi- d\u00f6y\u00fc\u015f keyfiyy\u0259tl\u0259ri g\u00f6st\u0259rdiyin\u0259 g\u00f6r\u0259, d\u00f6y\u00fc\u015f v\u0259 ictimai siyasi haz\u0131rl\u0131\u011f\u0131nda, h\u0259rbi&nbsp; intizam\u0131n m\u00f6hk\u0259ml\u0259ndirilm\u0259sind\u0259 y\u00fcks\u0259k g\u00f6st\u0259ricil\u0259r\u0259 nail oldu\u011funa v\u0259 n\u00fcmun\u0259vi xidm\u0259tin\u0259 el\u0259c\u0259d\u0259 h\u0259rbi v\u0259zif\u0259l\u0259rinin yerin\u0259 yetirilm\u0259sin\u0259 m\u0259suliyy\u0259tl\u0259 yana\u015fd\u0131\u011f\u0131na g\u00f6r\u0259 Daxili \u0130\u015fl\u0259r Nazirinin, Daxili Qo\u015funlar Komandan\u0131n v\u0259 onun m\u00fcavinl\u0259rinin, h\u0259rbi hiss\u0259 komandirinin v\u0259 onun m\u00fcavinl\u0259rinin m\u00fcvafiq \u0259mrl\u0259ri il\u0259 \u0259la xidm\u0259tl\u0259r\u0259 g\u00f6r\u0259 d\u00f6\u015f v\u0259 yubiley ni\u015fanlar\u0131 il\u0259, pul m\u00fckafatlar\u0131 il\u0259, f\u0259xri f\u0259rmanlarla, qiym\u0259tli h\u0259diyy\u0259l\u0259rl\u0259 m\u00fckafatland\u0131rl\u0131b v\u0259 ona t\u0259\u015f\u0259kk\u00fcr elan edilib.<\/p>\n\n\n\n<p>&nbsp;&nbsp;&nbsp;&nbsp;&nbsp;&nbsp; H\u0259rb\u0131 xidm\u0259tinin i\u00e7ras\u0131 zaman\u0131 y\u00fcks\u0259k m\u0259n\u0259vi-d\u00f6y\u00fcs keyfiyy\u0259tl\u0259ri&nbsp; g\u00f6st\u0259rdiyin\u0259, d\u00f6y\u00fc\u015f v\u0259 ictimai s\u0131yas\u0131 haz\u0131rl\u0131\u011f\u0131nda,h\u0259rbi intizam\u0131n m\u00f6hk\u0259ml\u0259ndirilm\u0259sind\u0259 y\u00fcks\u0259k g\u00f6st\u0259ricil\u0259r\u0259 nail oldu\u011funa, n\u00fcmn\u0259vi xidm\u0259tin\u0259 el\u0259c\u0259d\u0259 h\u0259rbi v\u0259zif\u0259l\u0259rin yerin\u0259 yetirilm\u0259sin\u0259 m\u0259suliyy\u0259tl\u0259 yana\u015fd\u0131\u011fna g\u00f6r\u0259 Daxili i\u0130\u015fl\u0259r Nazirin,Daxili Qo\u015funlar Komandan\u0131n v\u0259 onun m\u00fcavinl\u0259rinin, h\u0259rbi hiss\u0259 komandirin v\u0259 hospital r\u0259isinin m\u00fcvafiq \u0259mrl\u0259ri il\u0259 \u0259la xidm\u0259tl\u0259r\u0259 g\u00f6r\u0259 d\u00f6\u015f v\u0259 yubley nisanlar\u0131 il\u0259 t\u0259ltif olunub,pul m\u00fckafatlar\u0131 il\u0259, f\u0259xri f\u0259rmanlarla v\u0259 qiym\u0259tli hediy\u0259l\u0259rl\u0259 m\u00fckafatland\u0131rl\u0131b v\u0259 ona t\u0259\u015f\u0259kk\u00fcr elan edilib.<\/p>\n\n\n\n<p>&nbsp;&nbsp; Xidm\u0259td\u0259 f\u0259riql\u0259ndiyin\u0259 g\u00f6r\u0259 O, Az\u0259rbaycan Respublikas\u0131 Prez\u0131denti ad\u0131ndan Daxili \u0130\u015fl\u0259r Nazirin, Daxili Qo\u015funlar Komandan\u0131n v\u0259 onun m\u00fcavinl\u0259rinin, h\u0259rbi hiss\u0259 komandirinin v\u0259 h\u0259rbi hospital r\u0259isinin m\u00fcvafiq \u0259mrl\u0259ri il\u0259&nbsp; &#171;Q\u00fcsursuz Xidm\u0259tl\u0259r\u0259 g\u00f6r\u0259 &#187; 1-ci, 2-ci v\u0259 3-c\u00fc d\u0259r\u0259c\u0259li, &#187; Silahl\u0131 Q\u00fcvv\u0259l\u0259rin yaranmas\u0131n\u0131n&#187; is\u0259&nbsp; 10-iliyi, 90-illiyi&nbsp;&nbsp; v\u0259 95-iliyi yubley medalar\u0131 il\u0259 t\u0259ltif edilib.<\/p>\n\n\n\n<figure class=\"wp-block-image size-large is-resized\"><img loading=\"lazy\" decoding=\"async\" src=\"https:\/\/fedai.az\/wp-content\/uploads\/2021\/11\/20211121_134733.jpg\" alt=\"\" class=\"wp-image-54608\" width=\"917\" height=\"1217\" srcset=\"https:\/\/fedai.az\/wp-content\/uploads\/2021\/11\/20211121_134733.jpg 434w, https:\/\/fedai.az\/wp-content\/uploads\/2021\/11\/20211121_134733-226x300.jpg 226w, https:\/\/fedai.az\/wp-content\/uploads\/2021\/11\/20211121_134733-113x150.jpg 113w\" sizes=\"auto, (max-width: 917px) 100vw, 917px\" \/><\/figure>\n\n\n\n<p>&nbsp;&nbsp;&nbsp; Y\u00fcks\u0259k insani keyfiyy\u0259tl\u0259r\u0259 v\u0259 kamil h\u0259kimlik pe\u015f\u0259sin\u0259 qadir Ceyhun h\u0259kim sa\u011flaml\u0131q b\u0259x\u015f etdiyi insanlar\u0131n \u00f6mrund\u0259 v\u0259 \u015f\u0259r\u0259fli h\u0259kim pe\u015f\u0259sinin tarixind\u0259 ya\u015fayacaq.<\/p>\n\n\n\n<p><strong>DO\u011eUM G\u00dcN\u00dcN M\u00dcBAR\u018fK OLSUN<\/strong>, <strong>CEYHUN H\u018fK\u0130M!<\/strong><\/p>\n\n\n\n<p><strong>B<\/strong><strong>\u0130<\/strong><strong>R<\/strong><strong> \u0130<\/strong><strong>L<\/strong><strong> <\/strong><strong>DAHA<\/strong><strong> <\/strong><strong>B<\/strong><strong>\u0130<\/strong><strong>TD<\/strong><strong>\u0130, <\/strong><strong>AMMA<\/strong><strong> <\/strong><strong>HE<\/strong><strong>\u00c7 <\/strong><strong>VAXT<\/strong><strong> <\/strong><strong>K<\/strong><strong>\u018f<\/strong><strong>D<\/strong><strong>\u018f<\/strong><strong>RL<\/strong><strong>\u018f<\/strong><strong>NM<\/strong><strong>\u018f&nbsp; <\/strong><strong>ZAMAN<\/strong><strong> <\/strong><strong>TEZ<\/strong><strong> <\/strong><strong>KE<\/strong><strong>\u00c7\u0130<\/strong><strong>R<\/strong><strong> <\/strong><strong>DEY<\/strong><strong>\u018f. <\/strong><strong>UNUTMA<\/strong><strong> <\/strong><strong>K<\/strong><strong>\u0130 <\/strong><strong>H<\/strong><strong>\u018f<\/strong><strong>R<\/strong><strong>&nbsp; <\/strong><strong>K<\/strong><strong>\u018f<\/strong><strong>S<\/strong><strong> <\/strong><strong>EYN<\/strong><strong>\u0130 \u015e<\/strong><strong>EY<\/strong><strong>\u0130 <\/strong><strong>YA<\/strong><strong>\u015e<\/strong><strong>AYIR<\/strong><strong>.<\/strong><strong> BU \u0130L\u0130N SONUNDA GERIY\u018f BAXDI\u011eINDA \u00dcM\u00dcD ED\u0130R\u018fM B\u0130R &#171;M\u00d6C\u00dcZ\u018f&nbsp; \u0130LD\u0130 &#187; DEY\u018fRS\u018fN. B\u00dcTT\u00dcN ARZULARLNIN REALA\u015eMASI D\u0130L\u018fY\u0130ML\u018f. XO\u015eB\u018fXT \u0130LL\u018fR\u018f.<\/strong><\/p>\n\n\n\n<p><strong>D\u0259rin h\u00f6rm\u0259tl\u0259, Az\u0259rbaycan V\u0259t\u0259n m\u00fcharib\u0259si Veteranlar\u0131 \u0130ctimai&nbsp; Birliyinin s\u0259dr m\u00fcavini polkovnik Salman Musayev<\/strong><\/p>\n\n\n\n<figure class=\"wp-block-gallery columns-2 is-cropped wp-block-gallery-3 is-layout-flex wp-block-gallery-is-layout-flex\"><ul class=\"blocks-gallery-grid\"><li class=\"blocks-gallery-item\"><figure><img loading=\"lazy\" decoding=\"async\" width=\"572\" height=\"772\" src=\"https:\/\/fedai.az\/wp-content\/uploads\/2021\/11\/20211121_215555.jpg\" alt=\"\" data-id=\"54609\" data-full-url=\"https:\/\/fedai.az\/wp-content\/uploads\/2021\/11\/20211121_215555.jpg\" data-link=\"https:\/\/fedai.az\/?attachment_id=54609\" class=\"wp-image-54609\" srcset=\"https:\/\/fedai.az\/wp-content\/uploads\/2021\/11\/20211121_215555.jpg 572w, https:\/\/fedai.az\/wp-content\/uploads\/2021\/11\/20211121_215555-222x300.jpg 222w, https:\/\/fedai.az\/wp-content\/uploads\/2021\/11\/20211121_215555-111x150.jpg 111w\" sizes=\"auto, (max-width: 572px) 100vw, 572px\" \/><\/figure><\/li><li class=\"blocks-gallery-item\"><figure><img loading=\"lazy\" decoding=\"async\" width=\"600\" height=\"600\" src=\"https:\/\/fedai.az\/wp-content\/uploads\/2021\/11\/8265a327389da9fe4fdc2714b309120e-1.jpg\" alt=\"\" data-id=\"54295\" data-full-url=\"https:\/\/fedai.az\/wp-content\/uploads\/2021\/11\/8265a327389da9fe4fdc2714b309120e-1.jpg\" data-link=\"https:\/\/fedai.az\/?attachment_id=54295\" class=\"wp-image-54295\" srcset=\"https:\/\/fedai.az\/wp-content\/uploads\/2021\/11\/8265a327389da9fe4fdc2714b309120e-1.jpg 600w, https:\/\/fedai.az\/wp-content\/uploads\/2021\/11\/8265a327389da9fe4fdc2714b309120e-1-300x300.jpg 300w, https:\/\/fedai.az\/wp-content\/uploads\/2021\/11\/8265a327389da9fe4fdc2714b309120e-1-150x150.jpg 150w, https:\/\/fedai.az\/wp-content\/uploads\/2021\/11\/8265a327389da9fe4fdc2714b309120e-1-215x215.jpg 215w\" sizes=\"auto, (max-width: 600px) 100vw, 600px\" \/><\/figure><\/li><\/ul><\/figure>\n","protected":false},"excerpt":{"rendered":"<p>&nbsp;&nbsp; D\u00fcnyada zehni, fiziki \u0259m\u0259kl\u0259 ba\u011fli, b\u0259hr\u0259 g\u0259tir\u0259n b\u00fct\u00fcn pe\u015f\u0259l\u0259r \u015f\u0259r\u0259flidir. Lakin insan taleyin\u0259 sevinc, \u00f6mr\u00fcn\u0259 yeni \u00f6m\u00fcr b\u0259x\u015f ed\u0259n h\u0259kimlik pe\u015f\u0259si ilah\u0131 q\u00fcdr\u0259tli<\/p>\n","protected":false},"author":2,"featured_media":54611,"comment_status":"closed","ping_status":"closed","sticky":false,"template":"","format":"standard","meta":{"footnotes":""},"categories":[5],"tags":[],"class_list":["post-54601","post","type-post","status-publish","format-standard","has-post-thumbnail","hentry","category-veteran"],"aioseo_notices":[],"_links":{"self":[{"href":"https:\/\/fedai.az\/index.php?rest_route=\/wp\/v2\/posts\/54601","targetHints":{"allow":["GET"]}}],"collection":[{"href":"https:\/\/fedai.az\/index.php?rest_route=\/wp\/v2\/posts"}],"about":[{"href":"https:\/\/fedai.az\/index.php?rest_route=\/wp\/v2\/types\/post"}],"author":[{"embeddable":true,"href":"https:\/\/fedai.az\/index.php?rest_route=\/wp\/v2\/users\/2"}],"replies":[{"embeddable":true,"href":"https:\/\/fedai.az\/index.php?rest_route=%2Fwp%2Fv2%2Fcomments&post=54601"}],"version-history":[{"count":5,"href":"https:\/\/fedai.az\/index.php?rest_route=\/wp\/v2\/posts\/54601\/revisions"}],"predecessor-version":[{"id":54636,"href":"https:\/\/fedai.az\/index.php?rest_route=\/wp\/v2\/posts\/54601\/revisions\/54636"}],"wp:featuredmedia":[{"embeddable":true,"href":"https:\/\/fedai.az\/index.php?rest_route=\/wp\/v2\/media\/54611"}],"wp:attachment":[{"href":"https:\/\/fedai.az\/index.php?rest_route=%2Fwp%2Fv2%2Fmedia&parent=54601"}],"wp:term":[{"taxonomy":"category","embeddable":true,"href":"https:\/\/fedai.az\/index.php?rest_route=%2Fwp%2Fv2%2Fcategories&post=54601"},{"taxonomy":"post_tag","embeddable":true,"href":"https:\/\/fedai.az\/index.php?rest_route=%2Fwp%2Fv2%2Ftags&post=54601"}],"curies":[{"name":"wp","href":"https:\/\/api.w.org\/{rel}","templated":true}]}}