{"id":54613,"date":"2021-11-23T02:15:30","date_gmt":"2021-11-22T22:15:30","guid":{"rendered":"https:\/\/fedai.az\/?p=54613"},"modified":"2021-11-23T02:20:45","modified_gmt":"2021-11-22T22:20:45","slug":"az%c9%99rbaycan-jurnalistl%c9%99rinin-ukrayna-rusiya-muharib%c9%99si-kiml%c9%99rin-sifarisidir","status":"publish","type":"post","link":"https:\/\/fedai.az\/?p=54613","title":{"rendered":"Az\u0259rbaycan  jurnalistl\u0259rinin &#171;Ukrayna-Rusiya m\u00fcharib\u0259si&#187; kiml\u0259rin sifari\u015fidir?"},"content":{"rendered":"\n<p><strong>Az\u0259rbaycan\u0131n &#171;Divan Legionunun Strateql\u0259ri&#187; v\u0259 Az\u0259rbaycandan ba\u015fqa h\u0259r k\u0259s\u0259 i\u015fl\u0259y\u0259n informasiya resurslar\u0131 Ukrayna Rusiya aras\u0131nda m\u00fcharib\u0259y\u0259, &#171;a\u011f\u0131r d\u00f6y\u00fc\u015fl\u0259r\u0259&#187; ba\u015flay\u0131blar. B\u0259ri ba\u015fdan bildirim ki, bu &#171;a\u011f\u0131r d\u00f6y\u00fc\u015fl\u0259rd\u0259n&#187;, n\u0259 Ukraynan\u0131n, n\u0259 Rusiyan\u0131n, n\u0259 d\u0259 separat\u00e7\u0131 &#171;DNR&#187; v\u0259 &#171;LNR&#187; teror\u00e7u-separat\u00e7\u0131lar\u0131n\u0131n x\u0259b\u0259rl\u0259ri yoxdur.<\/strong><\/p>\n\n\n\n<p><br>Az\u0259rbaycan seqmentind\u0259 yay\u0131lan bu c\u00fcr dezinformasiyalar\u0131n \u0259sas m\u0259nb\u0259yi erm\u0259ni Marqarita Simonyan\u0131n Rusiya ad\u0131na yay\u0131nlad\u0131\u011f\u0131 &#171;Sputnik&#187; olurdu. Bunu d\u0259f\u0259l\u0259rl\u0259 yazm\u0131\u015f\u0131q v\u0259 \u00f6lk\u0259mizin informasiya t\u0259hl\u00fck\u0259sizliyi bax\u0131m\u0131ndan bu erm\u0259ni m\u0259nb\u0259sinin yayd\u0131\u011f\u0131 informasiyalar\u0131n &#171;s\u00fczg\u0259cd\u0259n&#187; ke\u00e7irilm\u0259sini t\u0259klif etmi\u015fdik. Bu d\u0259f\u0259 is\u0259 yay\u0131lan &#171;Rusiya-Ukrayna m\u00fcharib\u0259si&#187; bar\u0259d\u0259 dezinformasiyan\u0131n m\u0259nb\u0259yi Simonyandan da pis, erm\u0259nid\u0259n \u00e7ox erm\u0259ni v\u0259 anti Az\u0259rbaycan m\u00f6vqey\u0259 malik olan Modest Kolerovun &#171;Regnum&#187; \u0130nformasiya Agentliyidir. \u00d6z\u00fc d\u0259 bu miqyasda informasiya onun s\u0259hif\u0259sind\u0259 silins\u0259 d\u0259, bizim saytlar bu dezinformasiyan\u0131 sensasiya xatirin\u0259 yaymaqdad\u0131rlar. Tam bir rus \u00fcslubu. Rus ay\u0131s\u0131na &#171;ay\u0131 xidm\u0259ti&#187; g\u00f6st\u0259r\u0259n saytlar\u0131n b\u00f6y\u00fck \u0259ks\u0259riyy\u0259ti is\u0259 m\u00fcxt\u0259lif \u015f\u0259xsl\u0259rd\u0259n pul alan saytlard\u0131r. Bunlar kim\u0259 xidm\u0259t edirl\u0259r?<\/p>\n\n\n\n<p><br>Bu informasiyalar\u0131n dezinformasiya olmas\u0131n\u0131 el\u0259 Ukraynan\u0131n Xarici \u0130\u015fl\u0259r nazirliyind\u0259n m\u00fcnasib\u0259t \u00f6z\u00fcn\u00fc \u00e7ox g\u00f6zl\u0259tm\u0259di.<\/p>\n\n\n\n<p>Ukraynan\u0131n Xarici \u0130\u015fl\u0259r naziri Dmitri Kuleba bu g\u00fcn bildirib ki, Kiyev Donbassda h\u00fccum h\u0259rbi \u0259m\u0259liyyat\u0131 planla\u015fd\u0131rm\u0131r, Ukrayna hakimiyy\u0259ti m\u00fcnaqi\u015f\u0259nin siyasi v\u0259 diplomatik h\u0259llini tapmaq \u00fc\u00e7\u00fcn dan\u0131\u015f\u0131qlara sadiqdir.<\/p>\n\n\n\n<figure class=\"wp-block-image size-large\"><img loading=\"lazy\" decoding=\"async\" width=\"960\" height=\"540\" src=\"https:\/\/fedai.az\/wp-content\/uploads\/2021\/11\/260322917_128535659588480_936638214307516613_n.jpg\" alt=\"\" class=\"wp-image-54614\" srcset=\"https:\/\/fedai.az\/wp-content\/uploads\/2021\/11\/260322917_128535659588480_936638214307516613_n.jpg 960w, https:\/\/fedai.az\/wp-content\/uploads\/2021\/11\/260322917_128535659588480_936638214307516613_n-300x169.jpg 300w, https:\/\/fedai.az\/wp-content\/uploads\/2021\/11\/260322917_128535659588480_936638214307516613_n-150x84.jpg 150w, https:\/\/fedai.az\/wp-content\/uploads\/2021\/11\/260322917_128535659588480_936638214307516613_n-768x432.jpg 768w\" sizes=\"auto, (max-width: 960px) 100vw, 960px\" \/><\/figure>\n\n\n\n<p><br><strong>Bu dezinformasiya il\u0259 ba\u011fl\u0131 Ukrayna X\u0130N m\u0259lumat yayd\u0131.<\/strong><\/p>\n\n\n\n<blockquote class=\"wp-block-quote is-layout-flow wp-block-quote-is-layout-flow\"><p><strong>\u0420\u0424 \u043f\u0456\u0434\u0432\u0438\u0449\u0438\u043b\u0430 \u0456\u043d\u0442\u0435\u043d\u0441\u0438\u0432\u043d\u0456\u0441\u0442\u044c \u0434\u0435\u0437\u0456\u043d\u0444\u043e\u0440\u043c\u0430\u0446\u0456\u0457, \u0432\u043a\u043b\u044e\u0447\u043d\u043e \u0437 \u0445\u0438\u0431\u043d\u0438\u043c\u0438 \u0437\u0432\u0438\u043d\u0443\u0432\u0430\u0447\u0435\u043d\u043d\u044f\u043c\u0438 \u0423\u043a\u0440\u0430\u0457\u043d\u0438 \u0443 \u043d\u0456\u0431\u0438\u0442\u043e \u043f\u0456\u0434\u0433\u043e\u0442\u043e\u0432\u0446\u0456 \u0434\u043e \u0432\u0456\u0439\u0441\u044c\u043a\u043e\u0432\u043e\u0433\u043e \u043d\u0430\u043f\u0430\u0434\u0443 \u043d\u0430 \u0414\u043e\u043d\u0431\u0430\u0441\u0456. \u041e\u0444\u0456\u0446\u0456\u0439\u043d\u043e: \u0423\u043a\u0440\u0430\u0457\u043d\u0430 \u043d\u0435 \u043f\u043b\u0430\u043d\u0443\u0454 \u043d\u0430\u0441\u0442\u0443\u043f\u0430\u043b\u044c\u043d\u043e\u0457 \u0432\u0456\u0439\u0441\u044c\u043a\u043e\u0432\u043e\u0457 \u043e\u043f\u0435\u0440\u0430\u0446\u0456\u0457 \u043d\u0430 \u0414\u043e\u043d\u0431\u0430\u0441\u0456. \u041c\u0438 \u0432\u0456\u0434\u0434\u0430\u043d\u0456 \u043f\u043e\u0448\u0443\u043a\u0443 \u043f\u043e\u043b\u0456\u0442\u0438\u043a\u043e-\u0434\u0438\u043f\u043b\u043e\u043c\u0430\u0442\u0438\u0447\u043d\u043e\u0433\u043e \u0440\u043e\u0437\u0432\u2019\u044f\u0437\u0430\u043d\u043d\u044f \u043a\u043e\u043d\u0444\u043b\u0456\u043a\u0442\u0443 1\/3\u2014 Dmytro Kuleba (@DmytroKuleba) November 22, 2021<\/strong><\/p><\/blockquote>\n\n\n\n<p><br>&#171;Rusiya Federasiyas\u0131 dezinformasiyan\u0131n intensivliyini art\u0131r\u0131b, o c\u00fcml\u0259d\u0259n Ukraynaya qar\u015f\u0131 guya Donbasa h\u0259rbi h\u00fccuma haz\u0131rla\u015fd\u0131\u011f\u0131na dair saxta ittihamlar s\u0259sl\u0259ndirilib. R\u0259smi olaraq, Ukrayna Donbasda h\u00fccum h\u0259rbi \u0259m\u0259liyyat\u0131 planla\u015fd\u0131rm\u0131r. Biz problemin siyasi v\u0259 diplomatik h\u0259llini tapma\u011fa sadiqik\u201d, &#8212; Kuleba Twitter-d\u0259 yaz\u0131b.<\/p>\n\n\n\n<p><br>O, h\u0259m\u00e7inin bildirib ki, Ukrayna vasit\u0259\u00e7i qismind\u0259 Almaniya v\u0259 Fransa il\u0259 \u201cNormand format\u0131\u201dn\u0131 canland\u0131rmaq \u00fc\u00e7\u00fcn \u201cdaha \u00e7ox i\u015fl\u0259m\u0259y\u0259\u201d davam edir.<\/p>\n\n\n\n<p><br>Yanvar-fevral aylar\u0131nda Rusiyan\u0131n m\u00fcmk\u00fcn h\u00fccumu il\u0259 ba\u011fl\u0131 m\u0259lumatlar\u0131 \u015f\u0259rh ed\u0259rk\u0259n, o, &#171;bu, Rusiya r\u0259hb\u0259rliyinin masas\u0131nda yatan ssenaril\u0259rd\u0259n biridir&#187; dedi. Kuleba qeyd edib ki, Ukrayna haz\u0131rda \u201cbel\u0259 bir ssenarinin qar\u015f\u0131s\u0131n\u0131 almaq\u201d \u00fc\u00e7\u00fcn h\u0259r c\u00fcr s\u0259y g\u00f6st\u0259rir. &#171;Lakin bu, m\u00fcdafi\u0259 qabiliyy\u0259timizi maksimuma \u00e7atd\u0131rmaq z\u0259rur\u0259tini inkar etmirik. \u00c7\u00fcnki Rusiya Federasiyas\u0131n\u0131n h\u0259r\u0259k\u0259tl\u0259rini tam proqnozla\u015fd\u0131rmaq m\u00fcmk\u00fcn deyil&#187;, &#8212; dey\u0259 o \u0259lav\u0259 edib.<\/p>\n\n\n\n<p><br><strong>Rusiya X\u0130N d\u0259 a\u00e7\u0131qlamas\u0131nda &#171;ged\u0259n bu qanl\u0131 m\u00fcharib\u0259nin&#187; izl\u0259ri g\u00f6r\u00fcnm\u0259di. Varsa da y\u0259qin Lavrov bizim saytlar\u0131 oxumay\u0131b.<\/strong><\/p>\n\n\n\n<figure class=\"wp-block-image size-large\"><img loading=\"lazy\" decoding=\"async\" width=\"640\" height=\"428\" src=\"https:\/\/fedai.az\/wp-content\/uploads\/2021\/11\/regnum_picture_1511187601191138_big.jpg\" alt=\"\" class=\"wp-image-54615\" srcset=\"https:\/\/fedai.az\/wp-content\/uploads\/2021\/11\/regnum_picture_1511187601191138_big.jpg 640w, https:\/\/fedai.az\/wp-content\/uploads\/2021\/11\/regnum_picture_1511187601191138_big-300x201.jpg 300w, https:\/\/fedai.az\/wp-content\/uploads\/2021\/11\/regnum_picture_1511187601191138_big-150x100.jpg 150w\" sizes=\"auto, (max-width: 640px) 100vw, 640px\" \/><\/figure>\n\n\n\n<p><br>S. Lavrovun \u0259n son a\u00e7\u0131qlamas\u0131n\u0131 diqq\u0259tiniz\u0259 \u00e7atd\u0131r\u0131r\u0131q. <strong>&#171;Kiyev h\u0259rbi ritorikadan istifad\u0259 edir, g\u00f6r\u00fcn\u00fcr, t\u0259xribat t\u00f6r\u0259tm\u0259k niyy\u0259tind\u0259dir&#187;. Bunu noyabr\u0131n 22-d\u0259 Rusiyan\u0131n xarici i\u015fl\u0259r naziri Sergey Lavrov Kiyevin Donbas separat\u00e7\u0131lar\u0131na qar\u015f\u0131 \u201cJavelin\u201d tank \u0259leyhin\u0259 raket kompleksind\u0259n ilk d\u0259f\u0259 istifad\u0259 edilm\u0259si il\u0259 ba\u011fl\u0131 b\u0259yanatlar\u0131n\u0131 \u015f\u0259rh ed\u0259rk\u0259n deyib.<\/strong><\/p>\n\n\n\n<p><br>Lavrov qeyd edib ki, o, h\u0259l\u0259 ki, ukraynal\u0131 h\u0259rb\u00e7il\u0259r t\u0259r\u0259find\u0259n Javelin istifad\u0259sin\u0259 dair b\u0259yanat\u0131n yer ald\u0131\u011f\u0131 bir n\u0259\u015fr g\u00f6rm\u0259yib, lakin son h\u0259ft\u0259l\u0259r v\u0259 aylar \u0259rzind\u0259 Ukrayna r\u0259hb\u0259rliyi, x\u00fcsusil\u0259 d\u0259 h\u0259rb\u00e7il\u0259r t\u0259r\u0259find\u0259n bu istiqam\u0259td\u0259 \u201c\u015f\u00fcur ax\u0131n\u0131 var\u201d.<\/p>\n\n\n\n<p><br>\u201c\u00c7\u00fcnki bu c\u00fcr d\u00f6y\u00fc\u015f ritorikas\u0131n\u0131n artmas\u0131, t\u0259xribat t\u00f6r\u0259tm\u0259k ist\u0259yini \u0259ks etdirir\u201d, &#8212; dey\u0259 Rusiya diplomatiyas\u0131n\u0131n r\u0259hb\u0259ri Livan\u0131n xarici i\u015fl\u0259r naziri Abdullah Bu H\u0259bibl\u0259 dan\u0131\u015f\u0131qlar\u0131n yekununda bildirib.<\/p>\n\n\n\n<p>Yaln\u0131z daim separatizmi d\u0259st\u0259kl\u0259y\u0259n REGNUM \u0130A yaz\u0131b ki, Ukrayna M\u00fcdafi\u0259 Nazirliyinin Ba\u015f K\u0259\u015ffiyyat \u0130dar\u0259sinin r\u0259isi Kirill Budanov Donbasda Amerikan\u0131n Javelin raket sisteminin ilk d\u0259f\u0259 istifad\u0259 etm\u0259sini a\u00e7\u0131qlam\u0131\u015fd\u0131. Amma bizim saytlar art\u0131q m\u00fcharib\u0259 &#171;etm\u0259kd\u0259dirl\u0259r&#187;. Siz kim\u0259 xidm\u0259t edirsiniz?<\/p>\n\n\n\n<p><br><strong>\u00ab\u0420\u0443\u0441\u0441\u043a\u0430\u044f \u0412\u0435\u0441\u043d\u0430\u00bb q\u0259zeti Xalq Milis \u0130dar\u0259sinin r\u0259smi n\u00fcmay\u0259nd\u0259si Oleq Nikitinin brifinqind\u0259n sonra son sutka \u0259rzind\u0259 (22.11.2021) &#171;DXR&#187;-d\u0259ki h\u0259rbi v\u0259ziyy\u0259tin tam x\u00fclas\u0259sini d\u0259rc edib.<\/strong><\/p>\n\n\n\n<p>Onlar da son 24 saat \u0259rzind\u0259 ukraynal\u0131 &#171;yaraql\u0131lar&#187; (Ukrayna Ordusunu separat\u00e7\u0131lar bel\u0259 adland\u0131r\u0131rlar-red.) t\u0259r\u0259find\u0259n at\u0259\u015fk\u0259s rejimin\u0259 \u0259m\u0259l olunmas\u0131n\u0131n monitorinqi \u00fczr\u0259 \u0259lav\u0259 t\u0259dbirl\u0259r kompleksinin pozulmas\u0131 fakt\u0131 qeyd\u0259 al\u0131nmay\u0131b.<\/p>\n\n\n\n<p><br>Cari g\u00fcn\u00fcn \u0259vv\u0259lind\u0259n d\u00fc\u015fm\u0259n t\u0259r\u0259fi at\u0259\u015fk\u0259s rejimini bir d\u0259f\u0259 pozub.<\/p>\n\n\n\n<p>Donetsk istiqam\u0259tind\u0259, 25-ci briqadan\u0131n yaraql\u0131lar\u0131 N b\u00f6lg\u0259sind\u0259ki m\u00f6vqel\u0259rd\u0259n Avdeevka k\u0259ndi 122 mm-lik artilleriyadan at\u0259\u015f\u0259 tutulub. Yasinovataya q\u0259s\u0259b\u0259sin\u0259 be\u015f m\u0259rmi at\u0131l\u0131b. M\u0259qs\u0259dli artilleriya z\u0259rb\u0259si n\u0259tic\u0259sind\u0259 ma\u015f\u0131nqay\u0131rma zavodunun sexin\u0259 v\u0259 Respublika F\u00f6vq\u0259lad\u0259 Hallar Nazirliyinin yan\u011f\u0131ndan m\u00fchafiz\u0259 b\u00f6lm\u0259sin\u0259 ziyan d\u0259yib. Ukrayna t\u0259r\u0259fi koordinasiya mexanizmini i\u015f\u0259 salmaqla at\u0259\u015fk\u0259s rejimi t\u0259l\u0259bin\u0259 m\u0259h\u0259l qoymay\u0131b.<\/p>\n\n\n\n<p><br>Y\u0259ni ayd\u0131n olur ki, n\u0259 Ukrayna, n\u0259 Rusiya, n\u0259 d\u0259 separat\u00e7\u0131lar bu fakt\u0131 t\u0259sdiql\u0259mir. B\u0259s onda bizim saytlar kiminl\u0259 d\u00f6y\u00fc\u015f\u00fcr? Bel\u0259 \u00e7\u0131x\u0131r ki, bizim saytlar bir ba\u015fa Rusiyan\u0131n dezinformasiya da\u015f\u0131y\u0131c\u0131lar\u0131 kimi f\u0259aliyy\u0259t g\u00f6st\u0259rirl\u0259r. <strong>Bilirsiniz nec\u0259?<\/strong><\/p>\n\n\n\n<p><br><strong>Sabah Rusiya ed\u0259c\u0259yi t\u0259xribatlarda daha inand\u0131r\u0131c\u0131 olsun dey\u0259 Az\u0259rbaycan\u0131n bu &#171;\u015fok x\u0259b\u0259r jurnalistikas\u0131n\u0131n&#187; x\u0259b\u0259rl\u0259rind\u0259n istifad\u0259 ed\u0259 bil\u0259r v\u0259 \u0259n az\u0131 isti m\u00fcnasib\u0259timiz olan Ukrayna il\u0259 Az\u0259rbaycan\u0131n m\u00fcnasib\u0259tl\u0259rin\u0259 ciddi z\u0259r\u0259r vurula bil\u0259r. Bir daha xat\u0131rlad\u0131r\u0131q ki, al\u0131nan informasiyalar\u0131n bu g\u00fcn autentifikasiya olunmas\u0131, y\u0259ni m\u0259lumat sahibinin kimliyinin \u00fcz\u0259 \u00e7\u0131xar\u0131lmas\u0131 informasiyan\u0131n m\u0259qs\u0259dl\u0259rini m\u00fc\u0259yy\u0259n ed\u0259 bil\u0259r.<\/strong><\/p>\n\n\n\n<figure class=\"wp-block-gallery columns-2 is-cropped wp-block-gallery-1 is-layout-flex wp-block-gallery-is-layout-flex\"><ul class=\"blocks-gallery-grid\"><li class=\"blocks-gallery-item\"><figure><img loading=\"lazy\" decoding=\"async\" width=\"960\" height=\"720\" src=\"https:\/\/fedai.az\/wp-content\/uploads\/2021\/11\/slayd2_127.jpg\" alt=\"\" data-id=\"54617\" data-link=\"https:\/\/fedai.az\/?attachment_id=54617\" class=\"wp-image-54617\" srcset=\"https:\/\/fedai.az\/wp-content\/uploads\/2021\/11\/slayd2_127.jpg 960w, https:\/\/fedai.az\/wp-content\/uploads\/2021\/11\/slayd2_127-300x225.jpg 300w, https:\/\/fedai.az\/wp-content\/uploads\/2021\/11\/slayd2_127-150x113.jpg 150w, https:\/\/fedai.az\/wp-content\/uploads\/2021\/11\/slayd2_127-768x576.jpg 768w\" sizes=\"auto, (max-width: 960px) 100vw, 960px\" \/><\/figure><\/li><li class=\"blocks-gallery-item\"><figure><img loading=\"lazy\" decoding=\"async\" width=\"770\" height=\"415\" src=\"https:\/\/fedai.az\/wp-content\/uploads\/2021\/11\/1637573694_whatsapp-image-2021-11-22-at-13.33.33.jpeg\" alt=\"\" data-id=\"54618\" data-full-url=\"https:\/\/fedai.az\/wp-content\/uploads\/2021\/11\/1637573694_whatsapp-image-2021-11-22-at-13.33.33.jpeg\" data-link=\"https:\/\/fedai.az\/?attachment_id=54618\" class=\"wp-image-54618\" srcset=\"https:\/\/fedai.az\/wp-content\/uploads\/2021\/11\/1637573694_whatsapp-image-2021-11-22-at-13.33.33.jpeg 770w, https:\/\/fedai.az\/wp-content\/uploads\/2021\/11\/1637573694_whatsapp-image-2021-11-22-at-13.33.33-300x162.jpeg 300w, https:\/\/fedai.az\/wp-content\/uploads\/2021\/11\/1637573694_whatsapp-image-2021-11-22-at-13.33.33-150x81.jpeg 150w, https:\/\/fedai.az\/wp-content\/uploads\/2021\/11\/1637573694_whatsapp-image-2021-11-22-at-13.33.33-768x414.jpeg 768w\" sizes=\"auto, (max-width: 770px) 100vw, 770px\" \/><\/figure><\/li><\/ul><\/figure>\n\n\n\n<p><br>Biz d\u00fc\u015fm\u0259n \u0259hat\u0259sind\u0259 v\u0259 sava\u015f hal\u0131nda ya\u015famaqday\u0131q. \u018fn az\u0131 buna g\u00f6r\u0259 jurnalistika \u018fli H\u0259s\u0259novun yetirm\u0259l\u0259rind\u0259n t\u0259mizl\u0259nm\u0259lidir.<\/p>\n\n\n\n<p><strong>Rusiyan\u0131n ordu q\u0259rargah\u0131ndan \u0259ld\u0259 etdiyim bir bilgid\u0259 qeyd olunub ki, H\u0259rbi \u0259m\u0259liyyatlar\u0131n haz\u0131rlanmas\u0131n\u0131n v\u0259 apar\u0131lmas\u0131n\u0131n zaman parametrl\u0259ri d\u0259yi\u015fir, o c\u00fcml\u0259d\u0259n h\u0259rbi-siyasi r\u0259hb\u0259rlik t\u0259r\u0259find\u0259n q\u0259rarlar\u0131n q\u0259bul edilm\u0259si vaxt\u0131 h\u0259rb ma\u015f\u0131n\u0131n\u0131n informasiyala\u015fmas\u0131 n\u0259z\u0259r\u0259 al\u0131nmaqla q\u0131sal\u0131r. D\u00fc\u015fm\u0259n\u0259 t\u0259sir, n\u0259inki ard\u0131c\u0131l v\u0259 c\u0259ml\u0259\u015fdirilmi\u015f formada, eyni zamanda m\u00fcxt\u0259lif tama\u015falar \u00fczr\u0259 s\u0259p\u0259l\u0259nm\u0259kl\u0259 v\u0259 fasil\u0259siz olaraq g\u00f6st\u0259rilm\u0259k\u0259 edil\u0259 bil\u0259r. Buraya kibersfera v\u0259 informasiya m\u00fcharib\u0259sinin apar\u0131lmas\u0131 da daxildir.<\/strong><\/p>\n\n\n\n<p><br><strong>Rusiya ordusunun Ba\u015f Q\u0259rargah r\u0259isi, ordu general\u0131 Valeri Gerasimov h\u0259l\u0259 2018-ci ild\u0259 H\u0259rbi Akademiyada ke\u00e7irilmi\u015f elmi-praktik konfransda demi\u015fdi: <\/strong>&#171;H\u0259rbi metodlarla t\u0259sir g\u00f6st\u0259rm\u0259k \u00f6z q\u00fcvv\u0259sind\u0259 qal\u0131r. Bu c\u00fcr m\u00fcharib\u0259l\u0259ri daha \u00e7ox \u201cyeni tip m\u00fcharib\u0259l\u0259r\u201d adland\u0131r\u0131rlar. H\u0259r\u00e7\u0259nd m\u00fcharib\u0259 metodlar\u0131 daim d\u0259yi\u015fir, \u0259sas\u0259n is\u0259 yenilikl\u0259r ancaq bir s\u0131ra h\u0259ll\u0259rd\u0259n v\u0259 m\u00fcharib\u0259 texnologiyalar\u0131ndan ibar\u0259tdir. Mahiyy\u0259t d\u0259yi\u015fmir. B\u00fct\u00fcn bu hibrid metodlar ilk bax\u0131\u015fdan sirr deyil v\u0259 \u00c7in s\u0259rk\u0259rd\u0259si II Sun-Tsz\u0131 t\u0259r\u0259find\u0259n h\u0259l\u0259 5 min il \u0259vv\u0259l t\u0259tbiq edilib. O \u00f6z ordusunun bilavasit\u0259 d\u00f6y\u00fc\u015fd\u0259 i\u015ftirak etm\u0259d\u0259n qalib g\u0259lm\u0259sinin m\u00fch\u00fcml\u00fcy\u00fcn\u00fc qeyd edirdi&#187;. <\/p>\n\n\n\n<p>Daha sonra is\u0259 bu general demi\u015fdi: <strong>&#171;\u00dcst\u0259lik m\u00fcxt\u0259lif c\u0259bh\u0259l\u0259rd\u0259 z\u0259rb\u0259l\u0259r formal olaraq bir-biri il\u0259 ba\u011fl\u0131 olmaya, hans\u0131sa \u00f6lk\u0259 v\u0259 ya koalisiya il\u0259 \u0259laq\u0259li g\u00f6r\u00fcnm\u0259y\u0259 bil\u0259r. Tutaq ki, Suriyada m\u00fcnaqi\u015f\u0259nin n\u00f6vb\u0259ti k\u0259skinl\u0259\u015fm\u0259si Donbasda irimiqyasl\u0131 h\u0259rbi \u0259m\u0259liyyatlar\u0131n b\u0259rpa olunmas\u0131 il\u0259 eyni vaxta t\u0259sad\u00fcf ed\u0259 bil\u0259r. \u00dcst\u0259lik, Orta Asiyada v\u0259 ya Qafqazda, tutaq ki, Az\u0259rbaycanla Erm\u0259nistan aras\u0131nda da m\u00fcharib\u0259 ba\u015flayar v\u0259 b\u00fct\u00fcn bunlar ham\u0131s\u0131 eyni zamanda ba\u015f ver\u0259r. Tamamil\u0259 real senaridir. V\u0259 b\u00fct\u00fcn bunlara haz\u0131r olmaq laz\u0131md\u0131r\u201d.<\/strong><\/p>\n\n\n\n<figure class=\"wp-block-image size-large\"><img loading=\"lazy\" decoding=\"async\" width=\"1020\" height=\"646\" src=\"https:\/\/fedai.az\/wp-content\/uploads\/2021\/11\/valerii-gerasimov-1535910518.jpg\" alt=\"\" class=\"wp-image-54616\" srcset=\"https:\/\/fedai.az\/wp-content\/uploads\/2021\/11\/valerii-gerasimov-1535910518.jpg 1020w, https:\/\/fedai.az\/wp-content\/uploads\/2021\/11\/valerii-gerasimov-1535910518-300x190.jpg 300w, https:\/\/fedai.az\/wp-content\/uploads\/2021\/11\/valerii-gerasimov-1535910518-150x95.jpg 150w, https:\/\/fedai.az\/wp-content\/uploads\/2021\/11\/valerii-gerasimov-1535910518-768x486.jpg 768w, https:\/\/fedai.az\/wp-content\/uploads\/2021\/11\/valerii-gerasimov-1535910518-115x73.jpg 115w\" sizes=\"auto, (max-width: 1020px) 100vw, 1020px\" \/><\/figure>\n\n\n\n<p><br>Bu fakta verm\u0259kd\u0259 m\u0259qs\u0259dim, h\u0259l\u0259 d\u0259 i\u00e7imizd\u0259 b\u0259zil\u0259rinin m\u0259krli rus fa\u015fizmind\u0259n m\u0259rh\u0259m\u0259t ummas\u0131na v\u0259 ona 5-ci kolonluq etm\u0259sin\u0259 g\u00f6r\u0259 toxundum. Rusiya h\u0259r bir add\u0131m\u0131m\u0131z\u0131 d\u00fc\u015fm\u0259n kimi daim diqq\u0259td\u0259 saxlamaqdad\u0131r. Amma \u00f6lk\u0259 m\u0259tbuat\u0131nda Rusiyan\u0131n bunca dezinformatoru olmas\u0131n\u0131 he\u00e7 z\u0259nn etm\u0259zdim. G\u00fcn\u00fc sabah o m\u00fcharib\u0259 informasiyas\u0131n\u0131 yayan h\u0259r bir sayt \u0259n az\u0131 bir t\u0259kzib yaz\u0131s\u0131 d\u0259rc etm\u0259s\u0259, onlar\u0131n kim\u0259 i\u015fl\u0259diyini h\u0259r biriniz bilm\u0259lisiniz. <strong>S\u0259nin \u00f6z dilind\u0259, \u00f6z m\u0259murlar\u0131n\u0131n o\u011furlad\u0131\u011f\u0131 pullar hesab\u0131na sayt yay\u0131nlayan v\u0259 bununla d\u00fc\u015fm\u0259n\u0259 &#171;ay\u0131 xidm\u0259ti&#187; g\u00f6st\u0259r\u0259nl\u0259ri tan\u0131y\u0131n&#8230;<\/strong><\/p>\n\n\n\n<p><br><strong>Xaqani \u018fd\u0259bo\u011flu<br>Az\u0259rbaycan V\u0259t\u0259n M\u00fcharib\u0259si Veteranlar\u0131 \u0130ctimai Birliyi (AVMV\u0130B) M\u0259buat Xidm\u0259tinin r\u0259hb\u0259ri<\/strong><\/p>\n","protected":false},"excerpt":{"rendered":"<p>Az\u0259rbaycan\u0131n &#171;Divan Legionunun Strateql\u0259ri&#187; v\u0259 Az\u0259rbaycandan ba\u015fqa h\u0259r k\u0259s\u0259 i\u015fl\u0259y\u0259n informasiya resurslar\u0131 Ukrayna Rusiya aras\u0131nda m\u00fcharib\u0259y\u0259, &#171;a\u011f\u0131r d\u00f6y\u00fc\u015fl\u0259r\u0259&#187; ba\u015flay\u0131blar. B\u0259ri ba\u015fdan bildirim ki, bu<\/p>\n","protected":false},"author":2,"featured_media":54619,"comment_status":"closed","ping_status":"closed","sticky":false,"template":"","format":"standard","meta":{"footnotes":""},"categories":[14],"tags":[],"class_list":["post-54613","post","type-post","status-publish","format-standard","has-post-thumbnail","hentry","category-kos"],"aioseo_notices":[],"_links":{"self":[{"href":"https:\/\/fedai.az\/index.php?rest_route=\/wp\/v2\/posts\/54613","targetHints":{"allow":["GET"]}}],"collection":[{"href":"https:\/\/fedai.az\/index.php?rest_route=\/wp\/v2\/posts"}],"about":[{"href":"https:\/\/fedai.az\/index.php?rest_route=\/wp\/v2\/types\/post"}],"author":[{"embeddable":true,"href":"https:\/\/fedai.az\/index.php?rest_route=\/wp\/v2\/users\/2"}],"replies":[{"embeddable":true,"href":"https:\/\/fedai.az\/index.php?rest_route=%2Fwp%2Fv2%2Fcomments&post=54613"}],"version-history":[{"count":1,"href":"https:\/\/fedai.az\/index.php?rest_route=\/wp\/v2\/posts\/54613\/revisions"}],"predecessor-version":[{"id":54620,"href":"https:\/\/fedai.az\/index.php?rest_route=\/wp\/v2\/posts\/54613\/revisions\/54620"}],"wp:featuredmedia":[{"embeddable":true,"href":"https:\/\/fedai.az\/index.php?rest_route=\/wp\/v2\/media\/54619"}],"wp:attachment":[{"href":"https:\/\/fedai.az\/index.php?rest_route=%2Fwp%2Fv2%2Fmedia&parent=54613"}],"wp:term":[{"taxonomy":"category","embeddable":true,"href":"https:\/\/fedai.az\/index.php?rest_route=%2Fwp%2Fv2%2Fcategories&post=54613"},{"taxonomy":"post_tag","embeddable":true,"href":"https:\/\/fedai.az\/index.php?rest_route=%2Fwp%2Fv2%2Ftags&post=54613"}],"curies":[{"name":"wp","href":"https:\/\/api.w.org\/{rel}","templated":true}]}}