{"id":54625,"date":"2021-11-23T02:51:05","date_gmt":"2021-11-22T22:51:05","guid":{"rendered":"https:\/\/fedai.az\/?p=54625"},"modified":"2021-11-23T02:51:08","modified_gmt":"2021-11-22T22:51:08","slug":"korotcenko-yenid%c9%99n-erm%c9%99nil%c9%99r%c9%99-ilisdi","status":"publish","type":"post","link":"https:\/\/fedai.az\/?p=54625","title":{"rendered":"Korot\u00e7enko yenid\u0259n erm\u0259nil\u0259r\u0259 &#171;ili\u015fdi&#187;"},"content":{"rendered":"\n<p><strong>M\u0259h\u015fur rusiyal\u0131 h\u0259rbi ekspert, \u201cMilli m\u00fcdafi\u0259\u201d jurnal\u0131n\u0131n ba\u015f redaktoru \u0130qor Korot\u00e7enko yenid\u0259n erm\u0259nil\u0259r\u0259 &#171;ili\u015fib&#187;.<\/strong>\u00a0<\/p>\n\n\n\n<p>Bir m\u00fcdd\u0259t \u00f6nc\u0259 \u201cVmedia\u201dn\u0131n videosunu \u201cHe\u00e7 \u0130\u015e\u0130D terror\u00e7ular\u0131 bel\u0259 etm\u0259yibl\u0259r\u201d ba\u015fl\u0131\u011f\u0131 il\u0259 sosial \u015f\u0259b\u0259k\u0259 hesab\u0131nda payla\u015fan v\u0259 buna g\u00f6r\u0259 erm\u0259nil\u0259rin total \u015fikay\u0259ti n\u0259tic\u0259sind\u0259 s\u0259hif\u0259si bloklanan Korot\u00e7enkonun akkauntu art\u0131q blokdan \u00e7\u0131x\u0131b. Bunun s\u0259b\u0259bi is\u0259 bir ne\u00e7\u0259 \u00f6lk\u0259 medias\u0131n\u0131n Korot\u00e7enkonun s\u0259hif\u0259sinin \u0259dal\u0259tsizc\u0259sin\u0259 bloklanmas\u0131n\u0131 yaymas\u0131, eyni zamanda Feysbuk r\u0259hb\u0259rliyin\u0259 \u00fcnvanlanan d\u0259lill\u0259r, h\u0259m\u00e7inin az\u0259rbaycanl\u0131 sosial \u015f\u0259b\u0259k\u0259 istifad\u0259\u00e7il\u0259rinin d\u0259st\u0259yidir. <\/p>\n\n\n\n<p>Bir ne\u00e7\u0259 saat \u00f6nc\u0259 s\u0259hif\u0259si blokdan \u00e7\u0131xan m\u0259h\u015fur rusiyal\u0131 h\u0259rbi ekspert, \u0259dal\u0259tli rus ziyal\u0131s\u0131 Korot\u00e7enko bu s\u00f6zl\u0259ri payla\u015f\u0131b: <strong>\u201cG\u00fcc \u2013 h\u0259qiq\u0259td\u0259dir! Qaraba\u011f \u2013 Az\u0259rbaycand\u0131r! El\u0259dirmi, yolda\u015f erm\u0259nil\u0259r? Buna g\u00f6r\u0259 m\u0259nim akkauntumu bloklama\u011fa c\u0259hd edin!\u201d<\/strong><\/p>\n","protected":false},"excerpt":{"rendered":"<p>M\u0259h\u015fur rusiyal\u0131 h\u0259rbi ekspert, \u201cMilli m\u00fcdafi\u0259\u201d jurnal\u0131n\u0131n ba\u015f redaktoru \u0130qor Korot\u00e7enko yenid\u0259n erm\u0259nil\u0259r\u0259 &#171;ili\u015fib&#187;.\u00a0 Bir m\u00fcdd\u0259t \u00f6nc\u0259 \u201cVmedia\u201dn\u0131n videosunu \u201cHe\u00e7 \u0130\u015e\u0130D terror\u00e7ular\u0131 bel\u0259 etm\u0259yibl\u0259r\u201d<\/p>\n","protected":false},"author":2,"featured_media":54626,"comment_status":"closed","ping_status":"closed","sticky":false,"template":"","format":"standard","meta":{"footnotes":""},"categories":[3],"tags":[],"class_list":["post-54625","post","type-post","status-publish","format-standard","has-post-thumbnail","hentry","category-gundm"],"aioseo_notices":[],"_links":{"self":[{"href":"https:\/\/fedai.az\/index.php?rest_route=\/wp\/v2\/posts\/54625","targetHints":{"allow":["GET"]}}],"collection":[{"href":"https:\/\/fedai.az\/index.php?rest_route=\/wp\/v2\/posts"}],"about":[{"href":"https:\/\/fedai.az\/index.php?rest_route=\/wp\/v2\/types\/post"}],"author":[{"embeddable":true,"href":"https:\/\/fedai.az\/index.php?rest_route=\/wp\/v2\/users\/2"}],"replies":[{"embeddable":true,"href":"https:\/\/fedai.az\/index.php?rest_route=%2Fwp%2Fv2%2Fcomments&post=54625"}],"version-history":[{"count":1,"href":"https:\/\/fedai.az\/index.php?rest_route=\/wp\/v2\/posts\/54625\/revisions"}],"predecessor-version":[{"id":54627,"href":"https:\/\/fedai.az\/index.php?rest_route=\/wp\/v2\/posts\/54625\/revisions\/54627"}],"wp:featuredmedia":[{"embeddable":true,"href":"https:\/\/fedai.az\/index.php?rest_route=\/wp\/v2\/media\/54626"}],"wp:attachment":[{"href":"https:\/\/fedai.az\/index.php?rest_route=%2Fwp%2Fv2%2Fmedia&parent=54625"}],"wp:term":[{"taxonomy":"category","embeddable":true,"href":"https:\/\/fedai.az\/index.php?rest_route=%2Fwp%2Fv2%2Fcategories&post=54625"},{"taxonomy":"post_tag","embeddable":true,"href":"https:\/\/fedai.az\/index.php?rest_route=%2Fwp%2Fv2%2Ftags&post=54625"}],"curies":[{"name":"wp","href":"https:\/\/api.w.org\/{rel}","templated":true}]}}